{"id":57668,"date":"2025-08-12T10:44:45","date_gmt":"2025-08-12T13:44:45","guid":{"rendered":"https:\/\/radiorevelacionfm.cl\/?p=57668"},"modified":"2025-08-12T10:44:45","modified_gmt":"2025-08-12T13:44:45","slug":"fiscalia-logra-condena-de-15-anos-y-un-dia-de-carcel-para-lider-de-agrupacion-dedicada-al-trafico-de-drogas-en-coyhaique-y-chile-chico","status":"publish","type":"post","link":"https:\/\/radiorevelacionfm.cl\/?p=57668","title":{"rendered":"Fiscal\u00eda logra condena de 15 a\u00f1os y un d\u00eda de c\u00e1rcel para l\u00edder de agrupaci\u00f3n dedicada al tr\u00e1fico de drogas en Coyhaique y Chile Chico"},"content":{"rendered":"<div class=\"flex_column av_one_full  flex_column_div av-zero-column-padding first  avia-builder-el-0  el_before_av_one_full  avia-builder-el-first  \" style='border-radius:0px; '><div  class='avia-image-container  av-styling-    avia-builder-el-1  avia-builder-el-no-sibling  avia-align-center '  itemprop=\"image\" itemscope=\"itemscope\" itemtype=\"https:\/\/schema.org\/ImageObject\"  ><div class='avia-image-container-inner'><div class='avia-image-overlay-wrap'><img decoding=\"async\" class='wp-image-57669 avia-img-lazy-loading-not-57669 avia_image' src=\"https:\/\/radiorevelacionfm.cl\/wp-content\/uploads\/2025\/08\/fiscalia-1-1-1_optimized-1.jpg\" alt='' title='fiscalia-(1)-(1)-(1)_optimized (1)' height=\"600\" width=\"1080\"  itemprop=\"thumbnailUrl\" srcset=\"https:\/\/radiorevelacionfm.cl\/wp-content\/uploads\/2025\/08\/fiscalia-1-1-1_optimized-1.jpg 1080w, https:\/\/radiorevelacionfm.cl\/wp-content\/uploads\/2025\/08\/fiscalia-1-1-1_optimized-1-300x167.jpg 300w, https:\/\/radiorevelacionfm.cl\/wp-content\/uploads\/2025\/08\/fiscalia-1-1-1_optimized-1-1030x572.jpg 1030w, https:\/\/radiorevelacionfm.cl\/wp-content\/uploads\/2025\/08\/fiscalia-1-1-1_optimized-1-768x427.jpg 768w, https:\/\/radiorevelacionfm.cl\/wp-content\/uploads\/2025\/08\/fiscalia-1-1-1_optimized-1-705x392.jpg 705w, https:\/\/radiorevelacionfm.cl\/wp-content\/uploads\/2025\/08\/fiscalia-1-1-1_optimized-1-450x250.jpg 450w, https:\/\/radiorevelacionfm.cl\/wp-content\/uploads\/2025\/08\/fiscalia-1-1-1_optimized-1-600x333.jpg 600w\" sizes=\"(max-width: 1080px) 100vw, 1080px\" \/><\/div><\/div><\/div><\/div><div class=\"flex_column av_one_full  flex_column_div av-zero-column-padding first  avia-builder-el-2  el_after_av_one_full  el_before_av_one_full  column-top-margin\" style='border-radius:0px; '><section class=\"av_textblock_section \"  itemscope=\"itemscope\" itemtype=\"https:\/\/schema.org\/BlogPosting\" itemprop=\"blogPost\" ><div class='avia_textblock  '   itemprop=\"text\" ><p style=\"text-align: center;\"><span style=\"font-size: 18pt;\"><b>Fiscal\u00eda logra condena de 15 a\u00f1os y un d\u00eda de c\u00e1rcel para l\u00edder de agrupaci\u00f3n dedicada al tr\u00e1fico de drogas en Coyhaique y Chile Chico<\/b><\/span><\/p>\n<div id=\"gtx-trans\" style=\"position: absolute; left: -50px; top: 4.31534px;\">\n<div class=\"gtx-trans-icon\"><\/div>\n<\/div>\n<\/div><\/section><\/div><div class=\"flex_column av_one_full  flex_column_div av-zero-column-padding first  avia-builder-el-4  el_after_av_one_full  el_before_av_hr  column-top-margin\" style='border-radius:0px; '><section class=\"av_textblock_section \"  itemscope=\"itemscope\" itemtype=\"https:\/\/schema.org\/BlogPosting\" itemprop=\"blogPost\" ><div class='avia_textblock  '   itemprop=\"text\" ><p style=\"font-weight: 400; text-align: justify;\"><em>La investigaci\u00f3n fue coordinada por la Unidad de Drogas de la Fiscal\u00eda, con diligencias efectuadas por la Brigada Antinarc\u00f3ticos y Contra el Crimen Organizado de la PDI.<\/em><\/p>\n<p style=\"font-weight: 400; text-align: justify;\">La Sala \u00danica del Tribunal de Juicio Oral en lo Penal resolvi\u00f3 condenar a 15 a\u00f1os y un d\u00eda de presidio a un imputado de 33 a\u00f1os, chileno, como autor del delito de tr\u00e1fico de drogas, detectado entre los d\u00edas 02 y 04 de agosto del a\u00f1o 2022 en las comunas de Coyhaique y Chile Chico, procedimiento en el cual se decomisaron casi 10 kilos de marihuana.<\/p>\n<p style=\"font-weight: 400; text-align: justify;\">La investigaci\u00f3n fue coordinada por la Unidad de Drogas de la Fiscal\u00eda, con diligencias efectuadas por la Brigada Antinarc\u00f3ticos y Contra el Crimen Organizado de la PDI. El imputado adquir\u00eda droga en el norte del pa\u00eds, para posteriormente coordinar su env\u00edo, almacenamiento y distribuci\u00f3n al interior de la Regi\u00f3n de Ays\u00e9n.<\/p>\n<p style=\"font-weight: 400; text-align: justify;\">Lo expuesto en el juicio oral por parte de la Fiscal Adjunto, Mar\u00eda In\u00e9s N\u00fa\u00f1ez Briso, permiti\u00f3 determinar al Tribunal que los antecedentes aportados se vinculan con el acusado de la internaci\u00f3n de 9 kilos 837.24 gramos de marihuana, quien era el cabecilla de la organizaci\u00f3n.<\/p>\n<p style=\"font-weight: 400; text-align: justify;\">Como parte de esta investigaci\u00f3n, en el mes de marzo del a\u00f1o 2024, hab\u00edan sido condenados otros tres imputados de este grupo delictual, con edades que fluct\u00faan entre los 27 y 32 a\u00f1os, los cuales fueron sentenciados en su oportunidad a penas de 15, 10 y 4 a\u00f1os de c\u00e1rcel como autores del delito de tr\u00e1fico de drogas.<\/p>\n<p style=\"font-weight: 400; text-align: justify;\">DECOMISO<\/p>\n<p style=\"font-weight: 400; text-align: justify;\">En ambos juicios y en base a las pruebas presentadas por la Fiscal\u00eda, el Tribunal dio por acreditado que el 2 de agosto de 2022, en horas de la tarde, dos de los acusados coordinaron el retiro de la droga que fue enviada a la regi\u00f3n al interior de una caja, la cual conten\u00eda distintos paquetes, con un peso neto total de 9 kilos 837 gramos. El alucin\u00f3geno fue retirado por un tercero contratado por los imputados para este prop\u00f3sito.<\/p>\n<p style=\"font-weight: 400; text-align: justify;\">Los involucrados, todos quienes ya est\u00e1n condenados, fueron aprehendidos por detectives de la Brigada Antinarc\u00f3ticos y Contra el Crimen Organizado de la PDI en las cercan\u00edas del lugar de retiro de la droga en Coyhaique. Al interior del autom\u00f3vil marca Audi en que se desplazaban, se incautaron otros 19 envoltorios de cannabis sativa, con un peso de 18,23 gramos de cannabis.<\/p>\n<p style=\"font-weight: 400; text-align: justify;\">Posteriormente y como parte de las diligencias investigativas de la Fiscal\u00eda y la Brigada Antinarc\u00f3ticos y Contra el Crimen Organizado de la PDI, el 4 de agosto de 2022, en horas de la ma\u00f1ana, el imputado ahora condenado en este juicio oral, fue sorprendido en una caba\u00f1a de Chile Chico, en posesi\u00f3n de 6 gramos de coca\u00edna y 11,56 gramos de marihuana, adem\u00e1s de 374 mil pesos de dinero en efectivo y dos tel\u00e9fonos celulares. Junto a \u00e9l estaba otro sujeto quien tambi\u00e9n fue acusado por tr\u00e1fico de drogas, sin embargo, el Tribunal decidi\u00f3 absolverlo de los cargos presentados.<\/p>\n<p style=\"font-weight: 400; text-align: justify;\">LIDERAZGO<\/p>\n<p style=\"font-weight: 400; text-align: justify;\">El sentenciado en este juicio oral es quien asumi\u00f3 el liderazgo de la agrupaci\u00f3n, impartiendo instrucciones y dirigiendo las operaciones. Los otros imputados efectuaban labores de apoyo y tambi\u00e9n operativas en el retiro de la droga, almacenamiento y posterior entrega al l\u00edder de la organizaci\u00f3n.<\/p>\n<p style=\"font-weight: 400; text-align: justify;\">El Tribunal de Juicio Oral en Lo Penal de Coyhaique acogi\u00f3 la agravante del art\u00edculo 19 de la ley de drogas, relacionada con formar parte de una agrupaci\u00f3n o reuni\u00f3n de delincuentes.<\/p>\n<p style=\"font-weight: 400; text-align: justify;\">En el juicio oral se presentaron como testigos los funcionarios de la Brigada Antinarc\u00f3ticos de la PDI que participaron de la investigaci\u00f3n, como asimismo se leyeron los informes de peritos qu\u00edmicos del Servicio de Salud Ays\u00e9n y el Instituto Salud P\u00fablica de Santiago, entre otras pruebas presentadas por la Fiscal Adjunto, Mar\u00eda In\u00e9s N\u00fa\u00f1ez.<\/p>\n<\/div><\/section><\/div><div  style='height:50px' class='hr hr-invisible   avia-builder-el-6  el_after_av_one_full  el_before_av_social_share '><span class='hr-inner ' ><span class='hr-inner-style'><\/span><\/span><\/div><\/p>\n<div  class='av-social-sharing-box  avia-builder-el-7  el_after_av_hr  el_before_av_hr  '><div class='av-share-box'><h5 class='av-share-link-description av-no-toc '>Compartir esta noticia<\/h5><ul class='av-share-box-list noLightbox'><li class='av-share-link av-social-link-facebook' ><a target=\"_blank\" aria-label=\"Compartir en Facebook\" href='https:\/\/www.facebook.com\/sharer.php?u=https:\/\/radiorevelacionfm.cl\/?p=57668&#038;t=Fiscal%C3%ADa%20logra%20condena%20de%2015%20a%C3%B1os%20y%20un%20d%C3%ADa%20de%20c%C3%A1rcel%20para%20l%C3%ADder%20de%20agrupaci%C3%B3n%20dedicada%20al%20tr%C3%A1fico%20de%20drogas%20en%20Coyhaique%20y%20Chile%20Chico' aria-hidden='false' data-av_icon='\ue8f3' data-av_iconfont='entypo-fontello' title='' data-avia-related-tooltip='Compartir en Facebook' rel=\"noopener\"><span class='avia_hidden_link_text'>Compartir en Facebook<\/span><\/a><\/li><li class='av-share-link av-social-link-twitter' ><a target=\"_blank\" aria-label=\"Compartir en Twitter\" href='https:\/\/twitter.com\/share?text=Fiscal%C3%ADa%20logra%20condena%20de%2015%20a%C3%B1os%20y%20un%20d%C3%ADa%20de%20c%C3%A1rcel%20para%20l%C3%ADder%20de%20agrupaci%C3%B3n%20dedicada%20al%20tr%C3%A1fico%20de%20drogas%20en%20Coyhaique%20y%20Chile%20Chico&#038;url=https:\/\/radiorevelacionfm.cl\/?p=57668' aria-hidden='false' data-av_icon='\ue8f1' data-av_iconfont='entypo-fontello' title='' data-avia-related-tooltip='Compartir en Twitter' rel=\"noopener\"><span class='avia_hidden_link_text'>Compartir en Twitter<\/span><\/a><\/li><li class='av-share-link av-social-link-whatsapp' ><a target=\"_blank\" aria-label=\"Compartir en Whatsapp\" href='https:\/\/api.whatsapp.com\/send?text=https:\/\/radiorevelacionfm.cl\/?p=57668' aria-hidden='false' data-av_icon='\uf232' data-av_iconfont='entypo-fontello' title='' data-avia-related-tooltip='Compartir en Whatsapp' rel=\"noopener\"><span class='avia_hidden_link_text'>Compartir en Whatsapp<\/span><\/a><\/li><li class='av-share-link av-social-link-linkedin' ><a target=\"_blank\" aria-label=\"Compartir en LinkedIn\" href='https:\/\/linkedin.com\/shareArticle?mini=true&#038;title=Fiscal%C3%ADa%20logra%20condena%20de%2015%20a%C3%B1os%20y%20un%20d%C3%ADa%20de%20c%C3%A1rcel%20para%20l%C3%ADder%20de%20agrupaci%C3%B3n%20dedicada%20al%20tr%C3%A1fico%20de%20drogas%20en%20Coyhaique%20y%20Chile%20Chico&#038;url=https:\/\/radiorevelacionfm.cl\/?p=57668' aria-hidden='false' data-av_icon='\ue8fc' data-av_iconfont='entypo-fontello' title='' data-avia-related-tooltip='Compartir en LinkedIn' rel=\"noopener\"><span class='avia_hidden_link_text'>Compartir en LinkedIn<\/span><\/a><\/li><li class='av-share-link av-social-link-mail' ><a  aria-label=\"Compartir por correo\" href='mailto:?subject=Fiscal%C3%ADa%20logra%20condena%20de%2015%20a%C3%B1os%20y%20un%20d%C3%ADa%20de%20c%C3%A1rcel%20para%20l%C3%ADder%20de%20agrupaci%C3%B3n%20dedicada%20al%20tr%C3%A1fico%20de%20drogas%20en%20Coyhaique%20y%20Chile%20Chico&#038;body=https:\/\/radiorevelacionfm.cl\/?p=57668' aria-hidden='false' data-av_icon='\ue805' data-av_iconfont='entypo-fontello' title='' data-avia-related-tooltip='Compartir por correo'><span class='avia_hidden_link_text'>Compartir por correo<\/span><\/a><\/li><\/ul><\/div><\/div>\n<div  style='height:50px' class='hr hr-invisible   avia-builder-el-8  el_after_av_social_share  el_before_av_comments_list '><span class='hr-inner ' ><span class='hr-inner-style'><\/span><\/span><\/div>\n<div  class='av-buildercomment  av-blog-meta-html-info-disabled av-blog-meta-tag-disabled  '><\/div>\n","protected":false},"excerpt":{"rendered":"","protected":false},"author":1,"featured_media":57669,"comment_status":"closed","ping_status":"closed","sticky":false,"template":"","format":"standard","meta":{"footnotes":""},"categories":[55],"tags":[],"class_list":["post-57668","post","type-post","status-publish","format-standard","has-post-thumbnail","hentry","category-justicia"],"jetpack_featured_media_url":"https:\/\/radiorevelacionfm.cl\/wp-content\/uploads\/2025\/08\/fiscalia-1-1-1_optimized-1.jpg","_links":{"self":[{"href":"https:\/\/radiorevelacionfm.cl\/index.php?rest_route=\/wp\/v2\/posts\/57668","targetHints":{"allow":["GET"]}}],"collection":[{"href":"https:\/\/radiorevelacionfm.cl\/index.php?rest_route=\/wp\/v2\/posts"}],"about":[{"href":"https:\/\/radiorevelacionfm.cl\/index.php?rest_route=\/wp\/v2\/types\/post"}],"author":[{"embeddable":true,"href":"https:\/\/radiorevelacionfm.cl\/index.php?rest_route=\/wp\/v2\/users\/1"}],"replies":[{"embeddable":true,"href":"https:\/\/radiorevelacionfm.cl\/index.php?rest_route=%2Fwp%2Fv2%2Fcomments&post=57668"}],"version-history":[{"count":2,"href":"https:\/\/radiorevelacionfm.cl\/index.php?rest_route=\/wp\/v2\/posts\/57668\/revisions"}],"predecessor-version":[{"id":57671,"href":"https:\/\/radiorevelacionfm.cl\/index.php?rest_route=\/wp\/v2\/posts\/57668\/revisions\/57671"}],"wp:featuredmedia":[{"embeddable":true,"href":"https:\/\/radiorevelacionfm.cl\/index.php?rest_route=\/wp\/v2\/media\/57669"}],"wp:attachment":[{"href":"https:\/\/radiorevelacionfm.cl\/index.php?rest_route=%2Fwp%2Fv2%2Fmedia&parent=57668"}],"wp:term":[{"taxonomy":"category","embeddable":true,"href":"https:\/\/radiorevelacionfm.cl\/index.php?rest_route=%2Fwp%2Fv2%2Fcategories&post=57668"},{"taxonomy":"post_tag","embeddable":true,"href":"https:\/\/radiorevelacionfm.cl\/index.php?rest_route=%2Fwp%2Fv2%2Ftags&post=57668"}],"curies":[{"name":"wp","href":"https:\/\/api.w.org\/{rel}","templated":true}]}}