{"id":57664,"date":"2025-08-12T10:18:49","date_gmt":"2025-08-12T13:18:49","guid":{"rendered":"https:\/\/radiorevelacionfm.cl\/?p=57664"},"modified":"2025-08-12T10:18:49","modified_gmt":"2025-08-12T13:18:49","slug":"exitosa-presencia-de-coyhaique-en-la-feria-del-libro-de-comodoro-rivadavia-inaugura-el-corredor-cultural","status":"publish","type":"post","link":"https:\/\/radiorevelacionfm.cl\/?p=57664","title":{"rendered":"Exitosa presencia de Coyhaique en la Feria del Libro de Comodoro Rivadavia inaugura el corredor cultural"},"content":{"rendered":"<div class=\"flex_column av_one_full  flex_column_div av-zero-column-padding first  avia-builder-el-0  el_before_av_one_full  avia-builder-el-first  \" style='border-radius:0px; '><div  class='avia-image-container  av-styling-    avia-builder-el-1  avia-builder-el-no-sibling  avia-align-center '  itemprop=\"image\" itemscope=\"itemscope\" itemtype=\"https:\/\/schema.org\/ImageObject\"  ><div class='avia-image-container-inner'><div class='avia-image-overlay-wrap'><img decoding=\"async\" class='wp-image-57665 avia-img-lazy-loading-not-57665 avia_image' src=\"https:\/\/radiorevelacionfm.cl\/wp-content\/uploads\/2025\/08\/feria-comodoro5-1_optimized-1.jpg\" alt='' title='feria-comodoro5-(1)_optimized (1)' height=\"600\" width=\"900\"  itemprop=\"thumbnailUrl\" srcset=\"https:\/\/radiorevelacionfm.cl\/wp-content\/uploads\/2025\/08\/feria-comodoro5-1_optimized-1.jpg 900w, https:\/\/radiorevelacionfm.cl\/wp-content\/uploads\/2025\/08\/feria-comodoro5-1_optimized-1-300x200.jpg 300w, https:\/\/radiorevelacionfm.cl\/wp-content\/uploads\/2025\/08\/feria-comodoro5-1_optimized-1-768x512.jpg 768w, https:\/\/radiorevelacionfm.cl\/wp-content\/uploads\/2025\/08\/feria-comodoro5-1_optimized-1-705x470.jpg 705w, https:\/\/radiorevelacionfm.cl\/wp-content\/uploads\/2025\/08\/feria-comodoro5-1_optimized-1-450x300.jpg 450w, https:\/\/radiorevelacionfm.cl\/wp-content\/uploads\/2025\/08\/feria-comodoro5-1_optimized-1-600x400.jpg 600w\" sizes=\"(max-width: 900px) 100vw, 900px\" \/><\/div><\/div><\/div><\/div><div class=\"flex_column av_one_full  flex_column_div av-zero-column-padding first  avia-builder-el-2  el_after_av_one_full  el_before_av_one_full  column-top-margin\" style='border-radius:0px; '><section class=\"av_textblock_section \"  itemscope=\"itemscope\" itemtype=\"https:\/\/schema.org\/BlogPosting\" itemprop=\"blogPost\" ><div class='avia_textblock  '   itemprop=\"text\" ><p style=\"text-align: center;\"><strong><span style=\"font-size: 18pt;\">Exitosa presencia de Coyhaique en la Feria del Libro de Comodoro Rivadavia inaugura el corredor cultural<\/span><\/strong><\/p>\n<div id=\"gtx-trans\" style=\"position: absolute; left: -50px; top: 4.31534px;\">\n<div class=\"gtx-trans-icon\"><\/div>\n<\/div>\n<\/div><\/section><\/div><div class=\"flex_column av_one_full  flex_column_div av-zero-column-padding first  avia-builder-el-4  el_after_av_one_full  el_before_av_hr  column-top-margin\" style='border-radius:0px; '><section class=\"av_textblock_section \"  itemscope=\"itemscope\" itemtype=\"https:\/\/schema.org\/BlogPosting\" itemprop=\"blogPost\" ><div class='avia_textblock  '   itemprop=\"text\" ><p style=\"text-align: justify;\">Coyhaique fue protagonista de la XII Feria internacional del Libro de Comodoro Rivadavia; y es que justamente nuestra presencia le da el apellido que traspasa la frontera del pa\u00eds hermano. Con 14 actividades, entre presentaciones literarias,\u00a0 talleres qu\u00edmico-fotogr\u00e1ficos y literarios, la presencia del stand de la editorial \u00d1ire Negro y experiencias docentes para la comunidad del puerto argentino, la delegaci\u00f3n coyhaiquina se luci\u00f3 con una nutrida cartelera.<\/p>\n<p style=\"text-align: justify;\">La participaci\u00f3n de la representaci\u00f3n chilena, compuesta por casi 20 personas y encabezada por el periodista, fot\u00f3grafo an\u00e1logo, y gestor cultural Rodrigo Campusano, comenz\u00f3 su participaci\u00f3n con un afectuoso y solemne recibimiento de parte de las autoridades locales y una inauguraci\u00f3n de feria al m\u00e1s alto nivel, con un mapping al interior del gran domo montado en el centro de la ciudad, en uno de los 30 escenarios y 12 sedes donde sucedi\u00f3 la feria durante 10 d\u00edas, hasta este domingo.<\/p>\n<p style=\"text-align: justify;\">En total fueron m\u00e1s de 700 actividades para todas las audiencias y se estima que acudieron alrededor de 200.000 personas, reafirmando el liderazgo nacional en ferias del libro y un r\u00e9cord absoluto de p\u00fablico.<\/p>\n<p style=\"text-align: justify;\">Rodrigo, flamante Coordinador Internacional del Corredor Cultural Comodoro Rivadavia-Coyhaique, con la anuencia de ambos municipios, resume lo que fue esta experiencia para la delegaci\u00f3n coyhaiquina: \u201cLlevamos alrededor de 16 meses trabajando en la creaci\u00f3n de este Corredor Cultural. Suelo tomar vacaciones en mi empleo para poder trabajar all\u00e1 varias veces al a\u00f1o, pues me motivan varias cosas. Desde nuestra primera visita contamos con el profundo inter\u00e9s de la secretaria de Cultura de Comodoro Rivadavia, Liliana Peralta, y a partir de ahora, adem\u00e1s, con el compromiso del Consejo Municipal de Coyhaique y el alcalde Carlos Gatica, quien suscribi\u00f3 el convenio que crea el Corredor Cultural y compromete el esfuerzo conjunto de ambas ciudades, con todo lo que involucra: gesti\u00f3n, trabajo en equipo y recursos para iniciar un intercambio cultural, art\u00edstico y patrimonial, sostenido y estrat\u00e9gico, entre ambas ciudades, situadas en el mismo paralelo 45 sur del continente americano, a menos de 500 kil\u00f3metros de distancia\u201d.<\/p>\n<p style=\"text-align: justify;\">Liliana Peralta dijo que \u201ceste a\u00f1o tenemos una presencia muy importante de nuestro querido pa\u00eds Chile y especialmente de Coyhaique. Cuando uno inaugura una feria como esta no hay palabras para describir lo que uno siente porque es un trabajo que se realiza durante muchos meses para que esto pueda tener hoy esta luz y esta vivencia\u201d.<\/p>\n<p style=\"text-align: justify;\">Acerca del Corredor Cultural que se inicia entre Comodoro y Coyhaique, Liliana Peralta se\u00f1al\u00f3 la importancia binacional de \u201chaber firmado y concretado esto, el convenio entre ambos municipios para que este Corredor Cultural entre ambas ciudades pueda expandirse y pueda realizarse. Ya el comienzo lo hemos tenido porque ya hemos trabajado fuertemente desde el a\u00f1o pasado, as\u00ed que este a\u00f1o, seguramente vamos a poder concretar distintas acciones culturales y hermanarnos cada vez m\u00e1s\u201d.<\/p>\n<p style=\"text-align: justify;\">Tras la noche inaugural, Liliana Peralta, el alcalde Carlos Gatica y parte del Concejo Municipal sostuvieron una reuni\u00f3n de trabajo para iniciar la hoja de ruta que dar\u00e1 vida a este hist\u00f3rico Corredor Cultural. Gatica reflexiona al respecto: \u201cEl paso por esta ciudad me ayuda a entender la cultura. Yo soy una persona que no tengo, evidentemente, el conocimiento de otras autoridades u otras personas, pero hoy veo que hay cultura y se desarrolla y se puede potenciar e incluso promover en el amplio sentido. Si bien es cierto, hablamos de la Feria Internacional del Libro, ac\u00e1 se conecta todo con el libro como eje central. Cuando uno ve todo lo que est\u00e1 pasando, que tambi\u00e9n hay mucha gente con gran conocimiento, esperamos que estas cosas tambi\u00e9n sucedan en Coyhaique\u201d.<\/p>\n<p style=\"text-align: justify;\">Gatica adelanta que pronto comenzar\u00e1n los trabajos entre ambos municipios para darle vida a la Nueva Feria del Libro de la capital regional de Ays\u00e9n, con la asesor\u00eda y la experiencia de los equipos argentinos que por duod\u00e9cimo a\u00f1o desarrollan con \u00e9xito la feria p\u00fablica m\u00e1s grande de toda Argentina.<\/p>\n<p style=\"text-align: justify;\">El productor Arturo Sol\u00eds de Pasaje Medios acompa\u00f1a por cuarta vez las experiencias del Colectivo Austral de Fotograf\u00eda An\u00e1loga Ays\u00e9n Revelado en el Chubut y a la vez como productor y parte del equipo de registros de la feria: \u201cPara m\u00ed siempre es muy alentador venir a trabajar a comodoro Rivadavia porque el recibimiento, la producci\u00f3n, los equipos humanos que hay detr\u00e1s, la t\u00e9cnica, todo eso hace que la experiencia no solo sea muy profesional, sino muy agradable para quienes venimos cruzando la cordillera chilena y la pampa Argentina, \u00a0para hacer este trabajo. Estamos muy contentos\u201d.<\/p>\n<p style=\"text-align: justify;\">Algo que llam\u00f3 much\u00edsimo la atenci\u00f3n del p\u00fablico comodorense, dada la escasez de la disciplina en la Patagonia, fueron las funciones de t\u00edteres, estatuas vivientes y Don Vivenciolo, creaci\u00f3n del titiritero Dami\u00e1n Antiguez que consiste en un mu\u00f1eco a escala humana que interpreta las aventuras de un gaucho patag\u00f3n. Estas funciones se crearon en conjunto entre Vuelo Teatro y Teatro Austral. Dami\u00e1n resume as\u00ed su paso por Comodoro: \u201cFue una experiencia muy gratificante con la variedad de actividades que se desarrollaron all\u00e1. Entender que estamos contribuyendo con este intercambio important\u00edsimo entre dos pa\u00edses, entre dos culturas. Esto nos permite acercar nuestro arte a otros espacios, abriendo caminos para poder seguir mostrando lo que hacemos, y dando cuenta de todo el trabajo que venimos haciendo por a\u00f1os ac\u00e1 en Coyhaique con nuestro colectivo teatral\u201d.<\/p>\n<p style=\"text-align: justify;\">La coyhaiquina Iris Ortega, actriz aficionada de la compa\u00f1\u00eda Vuelo Teatro, interpret\u00f3 -bajo la atenta mirada de una curiosa multitud- el personaje de La partera, una mujer que recorre las zonas rurales de la Patagonia, asistiendo los partos en los hogares, a la usanza antigua: \u201cFue maravilloso. Desde la puesta en escena, todo lo que conlleva, creo que fue una experiencia muy satisfactoria. El p\u00fablico, maravilloso, muy respetuoso. Muy celosos tambi\u00e9n cuando pasaban por el costado de la estatua, mencionaban algunas palabras en un tono muy adecuado, observaban con mucha atenci\u00f3n. Yo creo que fue un personaje que logramos muy bien. El tiempo se me hizo nada y estuvimos casi una hora y fue muy gratificante. Tenemos ahora la propuesta de crear nuevos personajes y ver todas las puertas que se puedan abrir de aqu\u00ed en adelante\u201d.<\/p>\n<p style=\"text-align: justify;\">Al cierre de esta duod\u00e9cima edici\u00f3n de la Feria del Libro de Comodoro Rivadavia, la secretaria de Cultura de la ciudad, Liliana Peralta, a prop\u00f3sito del trabajo que se inicia con Coyhaique reflexiona sobre el sentido de una Feria del Libro: \u201cEl objetivo siempre es ganar nuevos lectores y acompa\u00f1ar a estos ni\u00f1os y a estos j\u00f3venes en ese camino, en ese tr\u00e1nsito hacia el adultez. En ese camino, es el Estado el que tiene la responsabilidad de acompa\u00f1ar para que suceda eso, que estos ni\u00f1os y j\u00f3venes tengan una visi\u00f3n de qu\u00e9 futuro o que esperan en un futuro no tan lejano. Trabajar para ellos es el objetivo fundamental\u201d.<\/p>\n<\/div><\/section><\/div><div  style='height:50px' class='hr hr-invisible   avia-builder-el-6  el_after_av_one_full  el_before_av_social_share '><span class='hr-inner ' ><span class='hr-inner-style'><\/span><\/span><\/div><\/p>\n<div  class='av-social-sharing-box  avia-builder-el-7  el_after_av_hr  el_before_av_hr  '><div class='av-share-box'><h5 class='av-share-link-description av-no-toc '>Compartir esta noticia<\/h5><ul class='av-share-box-list noLightbox'><li class='av-share-link av-social-link-facebook' ><a target=\"_blank\" aria-label=\"Compartir en Facebook\" href='https:\/\/www.facebook.com\/sharer.php?u=https:\/\/radiorevelacionfm.cl\/?p=57664&#038;t=Exitosa%20presencia%20de%20Coyhaique%20en%20la%20Feria%20del%20Libro%20de%20Comodoro%20Rivadavia%20inaugura%20el%20corredor%20cultural' aria-hidden='false' data-av_icon='\ue8f3' data-av_iconfont='entypo-fontello' title='' data-avia-related-tooltip='Compartir en Facebook' rel=\"noopener\"><span class='avia_hidden_link_text'>Compartir en Facebook<\/span><\/a><\/li><li class='av-share-link av-social-link-twitter' ><a target=\"_blank\" aria-label=\"Compartir en Twitter\" href='https:\/\/twitter.com\/share?text=Exitosa%20presencia%20de%20Coyhaique%20en%20la%20Feria%20del%20Libro%20de%20Comodoro%20Rivadavia%20inaugura%20el%20corredor%20cultural&#038;url=https:\/\/radiorevelacionfm.cl\/?p=57664' aria-hidden='false' data-av_icon='\ue8f1' data-av_iconfont='entypo-fontello' title='' data-avia-related-tooltip='Compartir en Twitter' rel=\"noopener\"><span class='avia_hidden_link_text'>Compartir en Twitter<\/span><\/a><\/li><li class='av-share-link av-social-link-whatsapp' ><a target=\"_blank\" aria-label=\"Compartir en Whatsapp\" href='https:\/\/api.whatsapp.com\/send?text=https:\/\/radiorevelacionfm.cl\/?p=57664' aria-hidden='false' data-av_icon='\uf232' data-av_iconfont='entypo-fontello' title='' data-avia-related-tooltip='Compartir en Whatsapp' rel=\"noopener\"><span class='avia_hidden_link_text'>Compartir en Whatsapp<\/span><\/a><\/li><li class='av-share-link av-social-link-linkedin' ><a target=\"_blank\" aria-label=\"Compartir en LinkedIn\" href='https:\/\/linkedin.com\/shareArticle?mini=true&#038;title=Exitosa%20presencia%20de%20Coyhaique%20en%20la%20Feria%20del%20Libro%20de%20Comodoro%20Rivadavia%20inaugura%20el%20corredor%20cultural&#038;url=https:\/\/radiorevelacionfm.cl\/?p=57664' aria-hidden='false' data-av_icon='\ue8fc' data-av_iconfont='entypo-fontello' title='' data-avia-related-tooltip='Compartir en LinkedIn' rel=\"noopener\"><span class='avia_hidden_link_text'>Compartir en LinkedIn<\/span><\/a><\/li><li class='av-share-link av-social-link-mail' ><a  aria-label=\"Compartir por correo\" href='mailto:?subject=Exitosa%20presencia%20de%20Coyhaique%20en%20la%20Feria%20del%20Libro%20de%20Comodoro%20Rivadavia%20inaugura%20el%20corredor%20cultural&#038;body=https:\/\/radiorevelacionfm.cl\/?p=57664' aria-hidden='false' data-av_icon='\ue805' data-av_iconfont='entypo-fontello' title='' data-avia-related-tooltip='Compartir por correo'><span class='avia_hidden_link_text'>Compartir por correo<\/span><\/a><\/li><\/ul><\/div><\/div>\n<div  style='height:50px' class='hr hr-invisible   avia-builder-el-8  el_after_av_social_share  el_before_av_comments_list '><span class='hr-inner ' ><span class='hr-inner-style'><\/span><\/span><\/div>\n<div  class='av-buildercomment  av-blog-meta-html-info-disabled av-blog-meta-tag-disabled  '><\/div>\n","protected":false},"excerpt":{"rendered":"","protected":false},"author":1,"featured_media":57665,"comment_status":"closed","ping_status":"closed","sticky":false,"template":"","format":"standard","meta":{"footnotes":""},"categories":[52],"tags":[],"class_list":["post-57664","post","type-post","status-publish","format-standard","has-post-thumbnail","hentry","category-cultura"],"jetpack_featured_media_url":"https:\/\/radiorevelacionfm.cl\/wp-content\/uploads\/2025\/08\/feria-comodoro5-1_optimized-1.jpg","_links":{"self":[{"href":"https:\/\/radiorevelacionfm.cl\/index.php?rest_route=\/wp\/v2\/posts\/57664","targetHints":{"allow":["GET"]}}],"collection":[{"href":"https:\/\/radiorevelacionfm.cl\/index.php?rest_route=\/wp\/v2\/posts"}],"about":[{"href":"https:\/\/radiorevelacionfm.cl\/index.php?rest_route=\/wp\/v2\/types\/post"}],"author":[{"embeddable":true,"href":"https:\/\/radiorevelacionfm.cl\/index.php?rest_route=\/wp\/v2\/users\/1"}],"replies":[{"embeddable":true,"href":"https:\/\/radiorevelacionfm.cl\/index.php?rest_route=%2Fwp%2Fv2%2Fcomments&post=57664"}],"version-history":[{"count":2,"href":"https:\/\/radiorevelacionfm.cl\/index.php?rest_route=\/wp\/v2\/posts\/57664\/revisions"}],"predecessor-version":[{"id":57667,"href":"https:\/\/radiorevelacionfm.cl\/index.php?rest_route=\/wp\/v2\/posts\/57664\/revisions\/57667"}],"wp:featuredmedia":[{"embeddable":true,"href":"https:\/\/radiorevelacionfm.cl\/index.php?rest_route=\/wp\/v2\/media\/57665"}],"wp:attachment":[{"href":"https:\/\/radiorevelacionfm.cl\/index.php?rest_route=%2Fwp%2Fv2%2Fmedia&parent=57664"}],"wp:term":[{"taxonomy":"category","embeddable":true,"href":"https:\/\/radiorevelacionfm.cl\/index.php?rest_route=%2Fwp%2Fv2%2Fcategories&post=57664"},{"taxonomy":"post_tag","embeddable":true,"href":"https:\/\/radiorevelacionfm.cl\/index.php?rest_route=%2Fwp%2Fv2%2Ftags&post=57664"}],"curies":[{"name":"wp","href":"https:\/\/api.w.org\/{rel}","templated":true}]}}