{"id":57660,"date":"2025-08-11T23:25:14","date_gmt":"2025-08-12T02:25:14","guid":{"rendered":"https:\/\/radiorevelacionfm.cl\/?p=57660"},"modified":"2025-08-11T23:25:14","modified_gmt":"2025-08-12T02:25:14","slug":"confirman-identidad-de-turistas-brasilenos-que-fallecieron-en-accidente-en-la-patagonia-chilena","status":"publish","type":"post","link":"https:\/\/radiorevelacionfm.cl\/?p=57660","title":{"rendered":"Confirman identidad de turistas brasile\u00f1os que fallecieron en accidente en la Patagonia chilena"},"content":{"rendered":"<div class=\"flex_column av_one_full  flex_column_div av-zero-column-padding first  avia-builder-el-0  el_before_av_one_full  avia-builder-el-first  \" style='border-radius:0px; '><div  class='avia-image-container  av-styling-    avia-builder-el-1  avia-builder-el-no-sibling  avia-align-center '  itemprop=\"image\" itemscope=\"itemscope\" itemtype=\"https:\/\/schema.org\/ImageObject\"  ><div class='avia-image-container-inner'><div class='avia-image-overlay-wrap'><img decoding=\"async\" class='wp-image-57661 avia-img-lazy-loading-not-57661 avia_image' src=\"https:\/\/radiorevelacionfm.cl\/wp-content\/uploads\/2025\/08\/530915969_10238696271604946_1373032371682442943_n-1-1-1.jpg\" alt='' title='530915969_10238696271604946_1373032371682442943_n (1) (1) (1)' height=\"600\" width=\"1145\"  itemprop=\"thumbnailUrl\" srcset=\"https:\/\/radiorevelacionfm.cl\/wp-content\/uploads\/2025\/08\/530915969_10238696271604946_1373032371682442943_n-1-1-1.jpg 1145w, https:\/\/radiorevelacionfm.cl\/wp-content\/uploads\/2025\/08\/530915969_10238696271604946_1373032371682442943_n-1-1-1-300x157.jpg 300w, https:\/\/radiorevelacionfm.cl\/wp-content\/uploads\/2025\/08\/530915969_10238696271604946_1373032371682442943_n-1-1-1-1030x540.jpg 1030w, https:\/\/radiorevelacionfm.cl\/wp-content\/uploads\/2025\/08\/530915969_10238696271604946_1373032371682442943_n-1-1-1-768x402.jpg 768w, https:\/\/radiorevelacionfm.cl\/wp-content\/uploads\/2025\/08\/530915969_10238696271604946_1373032371682442943_n-1-1-1-705x369.jpg 705w, https:\/\/radiorevelacionfm.cl\/wp-content\/uploads\/2025\/08\/530915969_10238696271604946_1373032371682442943_n-1-1-1-450x236.jpg 450w, https:\/\/radiorevelacionfm.cl\/wp-content\/uploads\/2025\/08\/530915969_10238696271604946_1373032371682442943_n-1-1-1-600x314.jpg 600w\" sizes=\"(max-width: 1145px) 100vw, 1145px\" \/><\/div><\/div><\/div><\/div><div class=\"flex_column av_one_full  flex_column_div av-zero-column-padding first  avia-builder-el-2  el_after_av_one_full  el_before_av_one_full  column-top-margin\" style='border-radius:0px; '><section class=\"av_textblock_section \"  itemscope=\"itemscope\" itemtype=\"https:\/\/schema.org\/BlogPosting\" itemprop=\"blogPost\" ><div class='avia_textblock  '   itemprop=\"text\" ><p style=\"text-align: center;\"><strong><span style=\"font-size: 18pt;\">Confirman identidad de turistas brasile\u00f1os que fallecieron en accidente en la Patagonia chilena<\/span><\/strong><\/p>\n<div id=\"gtx-trans\" style=\"position: absolute; left: -50px; top: 4.31534px;\">\n<div class=\"gtx-trans-icon\"><\/div>\n<\/div>\n<\/div><\/section><\/div><div class=\"flex_column av_one_full  flex_column_div av-zero-column-padding first  avia-builder-el-4  el_after_av_one_full  el_before_av_hr  column-top-margin\" style='border-radius:0px; '><section class=\"av_textblock_section \"  itemscope=\"itemscope\" itemtype=\"https:\/\/schema.org\/BlogPosting\" itemprop=\"blogPost\" ><div class='avia_textblock  '   itemprop=\"text\" ><p style=\"text-align: justify;\">Luego de conocerse el lamentable accidente que dej\u00f3 dos personas fallecidas en la Ruta 7 Sur, en el sector Cofr\u00e9 en la Carretera Austral, el pasado s\u00e1bado 09 de agosto de 2025, se ha confirmado la identidad de ambos motociclistas de nacionalidad brasile\u00f1a, quienes fueron identificados como Liane y Alex Tibola, conocido como Murat, un conocido motoquero que registraba su viaje por la Patagonia a trav\u00e9s del canal de Youtube \u201cCr\u00f4nicas De Viageiro\u201d.<\/p>\n<p style=\"text-align: justify;\">El Catarin Alex Tibola, de 35 a\u00f1os, conocido por viajar por el mundo conduciendo una Honda Pop 100, viajaba junto a su t\u00eda, Liane Tibola, ambos perdieron la vida.<\/p>\n<p style=\"text-align: justify;\">Alex ya hab\u00eda viajado a pa\u00edses de Am\u00e9rica del Sur, \u00c1frica y Europa, y estaba en camino a una nueva etapa de su viaje, que ten\u00eda como objetivo dar la vuelta al mundo. Apenas una semana antes de la tragedia, celebr\u00f3 en redes sociales la marca de 100 mil suscriptores en su canal de YouTube.<\/p>\n<p style=\"text-align: justify;\">Natural of Wonder, en Catarinas Occidentales, comenz\u00f3 a viajar en motocicleta a los 18 a\u00f1os e inspir\u00f3 a miles de personas con sus historias de carreteras.<\/p>\n<p style=\"text-align: justify;\">Desde Brasil sus seguidores han manifestado su profundo dolor por la irreparable p\u00e9rdida que ha enlutado al mundo de los motoqueros, desde la Patagonia chilena enviamos nuestras condolencias a su familia.<\/p>\n<p style=\"text-align: justify;\">Recordar, que cerca del mediod\u00eda del d\u00eda s\u00e1bado, la Central de Comunicaciones (Cenco), fue alertada sobre la ocurrencia de un accidente de tr\u00e1nsito -del tipo colisi\u00f3n- ocurrido en el kil\u00f3metro 762 de la Ruta 7 Sur, sector Lago Cofr\u00e9 entre un bus de pasajeros y una motocicleta.<\/p>\n<p style=\"text-align: justify;\">La Fiscal\u00eda, dispuso en forma inmediata la concurrencia de la Secci\u00f3n A\u00e9rea a trav\u00e9s del helic\u00f3ptero institucional, con la finalidad de verificar la necesidad de trasladar a eventuales personas lesionadas y apoyar el trabajo en el lugar.<\/p>\n<p style=\"text-align: justify;\">Pero lamentablemente tras la llegada de Carabineros junto a equipos de emergencia se constat\u00f3 el fallecimiento de las dos personas, se\u00f1al\u00f3 el Jefe de la Secci\u00f3n A\u00e9rea Coyhaique, Teniente Coronel Gerardo Gonz\u00e1lez L\u00f3pez.<\/p>\n<\/div><\/section><\/div><div  style='height:50px' class='hr hr-invisible   avia-builder-el-6  el_after_av_one_full  el_before_av_social_share '><span class='hr-inner ' ><span class='hr-inner-style'><\/span><\/span><\/div><\/p>\n<div  class='av-social-sharing-box  avia-builder-el-7  el_after_av_hr  el_before_av_hr  '><div class='av-share-box'><h5 class='av-share-link-description av-no-toc '>Compartir esta noticia<\/h5><ul class='av-share-box-list noLightbox'><li class='av-share-link av-social-link-facebook' ><a target=\"_blank\" aria-label=\"Compartir en Facebook\" href='https:\/\/www.facebook.com\/sharer.php?u=https:\/\/radiorevelacionfm.cl\/?p=57660&#038;t=Confirman%20identidad%20de%20turistas%20brasile%C3%B1os%20que%20fallecieron%20en%20accidente%20en%20la%20Patagonia%20chilena' aria-hidden='false' data-av_icon='\ue8f3' data-av_iconfont='entypo-fontello' title='' data-avia-related-tooltip='Compartir en Facebook' rel=\"noopener\"><span class='avia_hidden_link_text'>Compartir en Facebook<\/span><\/a><\/li><li class='av-share-link av-social-link-twitter' ><a target=\"_blank\" aria-label=\"Compartir en Twitter\" href='https:\/\/twitter.com\/share?text=Confirman%20identidad%20de%20turistas%20brasile%C3%B1os%20que%20fallecieron%20en%20accidente%20en%20la%20Patagonia%20chilena&#038;url=https:\/\/radiorevelacionfm.cl\/?p=57660' aria-hidden='false' data-av_icon='\ue8f1' data-av_iconfont='entypo-fontello' title='' data-avia-related-tooltip='Compartir en Twitter' rel=\"noopener\"><span class='avia_hidden_link_text'>Compartir en Twitter<\/span><\/a><\/li><li class='av-share-link av-social-link-whatsapp' ><a target=\"_blank\" aria-label=\"Compartir en Whatsapp\" href='https:\/\/api.whatsapp.com\/send?text=https:\/\/radiorevelacionfm.cl\/?p=57660' aria-hidden='false' data-av_icon='\uf232' data-av_iconfont='entypo-fontello' title='' data-avia-related-tooltip='Compartir en Whatsapp' rel=\"noopener\"><span class='avia_hidden_link_text'>Compartir en Whatsapp<\/span><\/a><\/li><li class='av-share-link av-social-link-linkedin' ><a target=\"_blank\" aria-label=\"Compartir en LinkedIn\" href='https:\/\/linkedin.com\/shareArticle?mini=true&#038;title=Confirman%20identidad%20de%20turistas%20brasile%C3%B1os%20que%20fallecieron%20en%20accidente%20en%20la%20Patagonia%20chilena&#038;url=https:\/\/radiorevelacionfm.cl\/?p=57660' aria-hidden='false' data-av_icon='\ue8fc' data-av_iconfont='entypo-fontello' title='' data-avia-related-tooltip='Compartir en LinkedIn' rel=\"noopener\"><span class='avia_hidden_link_text'>Compartir en LinkedIn<\/span><\/a><\/li><li class='av-share-link av-social-link-mail' ><a  aria-label=\"Compartir por correo\" href='mailto:?subject=Confirman%20identidad%20de%20turistas%20brasile%C3%B1os%20que%20fallecieron%20en%20accidente%20en%20la%20Patagonia%20chilena&#038;body=https:\/\/radiorevelacionfm.cl\/?p=57660' aria-hidden='false' data-av_icon='\ue805' data-av_iconfont='entypo-fontello' title='' data-avia-related-tooltip='Compartir por correo'><span class='avia_hidden_link_text'>Compartir por correo<\/span><\/a><\/li><\/ul><\/div><\/div>\n<div  style='height:50px' class='hr hr-invisible   avia-builder-el-8  el_after_av_social_share  el_before_av_comments_list '><span class='hr-inner ' ><span class='hr-inner-style'><\/span><\/span><\/div>\n<div  class='av-buildercomment  av-blog-meta-html-info-disabled av-blog-meta-tag-disabled  '><\/div>\n","protected":false},"excerpt":{"rendered":"","protected":false},"author":1,"featured_media":57661,"comment_status":"closed","ping_status":"closed","sticky":false,"template":"","format":"standard","meta":{"footnotes":""},"categories":[38],"tags":[],"class_list":["post-57660","post","type-post","status-publish","format-standard","has-post-thumbnail","hentry","category-regional"],"jetpack_featured_media_url":"https:\/\/radiorevelacionfm.cl\/wp-content\/uploads\/2025\/08\/530915969_10238696271604946_1373032371682442943_n-1-1-1.jpg","_links":{"self":[{"href":"https:\/\/radiorevelacionfm.cl\/index.php?rest_route=\/wp\/v2\/posts\/57660","targetHints":{"allow":["GET"]}}],"collection":[{"href":"https:\/\/radiorevelacionfm.cl\/index.php?rest_route=\/wp\/v2\/posts"}],"about":[{"href":"https:\/\/radiorevelacionfm.cl\/index.php?rest_route=\/wp\/v2\/types\/post"}],"author":[{"embeddable":true,"href":"https:\/\/radiorevelacionfm.cl\/index.php?rest_route=\/wp\/v2\/users\/1"}],"replies":[{"embeddable":true,"href":"https:\/\/radiorevelacionfm.cl\/index.php?rest_route=%2Fwp%2Fv2%2Fcomments&post=57660"}],"version-history":[{"count":2,"href":"https:\/\/radiorevelacionfm.cl\/index.php?rest_route=\/wp\/v2\/posts\/57660\/revisions"}],"predecessor-version":[{"id":57663,"href":"https:\/\/radiorevelacionfm.cl\/index.php?rest_route=\/wp\/v2\/posts\/57660\/revisions\/57663"}],"wp:featuredmedia":[{"embeddable":true,"href":"https:\/\/radiorevelacionfm.cl\/index.php?rest_route=\/wp\/v2\/media\/57661"}],"wp:attachment":[{"href":"https:\/\/radiorevelacionfm.cl\/index.php?rest_route=%2Fwp%2Fv2%2Fmedia&parent=57660"}],"wp:term":[{"taxonomy":"category","embeddable":true,"href":"https:\/\/radiorevelacionfm.cl\/index.php?rest_route=%2Fwp%2Fv2%2Fcategories&post=57660"},{"taxonomy":"post_tag","embeddable":true,"href":"https:\/\/radiorevelacionfm.cl\/index.php?rest_route=%2Fwp%2Fv2%2Ftags&post=57660"}],"curies":[{"name":"wp","href":"https:\/\/api.w.org\/{rel}","templated":true}]}}