{"id":57655,"date":"2025-08-11T22:23:10","date_gmt":"2025-08-12T01:23:10","guid":{"rendered":"https:\/\/radiorevelacionfm.cl\/?p=57655"},"modified":"2025-08-11T22:23:10","modified_gmt":"2025-08-12T01:23:10","slug":"junji-en-aysen-cuenta-con-9-jardines-infantiles-amigos-de-la-lactancia-materna-jialma","status":"publish","type":"post","link":"https:\/\/radiorevelacionfm.cl\/?p=57655","title":{"rendered":"Junji en Ays\u00e9n cuenta con 9 jardines infantiles Amigos de la Lactancia Materna (Jialma)"},"content":{"rendered":"<div class=\"flex_column av_one_full  flex_column_div av-zero-column-padding first  avia-builder-el-0  el_before_av_one_full  avia-builder-el-first  \" style='border-radius:0px; '><div  class='avia-image-container  av-styling-    avia-builder-el-1  avia-builder-el-no-sibling  avia-align-center '  itemprop=\"image\" itemscope=\"itemscope\" itemtype=\"https:\/\/schema.org\/ImageObject\"  ><div class='avia-image-container-inner'><div class='avia-image-overlay-wrap'><img decoding=\"async\" class='wp-image-57656 avia-img-lazy-loading-not-57656 avia_image' src=\"https:\/\/radiorevelacionfm.cl\/wp-content\/uploads\/2025\/08\/img_7822-1_optimized.jpg\" alt='' title='img_7822-(1)_optimized' height=\"600\" width=\"1066\"  itemprop=\"thumbnailUrl\" srcset=\"https:\/\/radiorevelacionfm.cl\/wp-content\/uploads\/2025\/08\/img_7822-1_optimized.jpg 1066w, https:\/\/radiorevelacionfm.cl\/wp-content\/uploads\/2025\/08\/img_7822-1_optimized-300x169.jpg 300w, https:\/\/radiorevelacionfm.cl\/wp-content\/uploads\/2025\/08\/img_7822-1_optimized-1030x580.jpg 1030w, https:\/\/radiorevelacionfm.cl\/wp-content\/uploads\/2025\/08\/img_7822-1_optimized-768x432.jpg 768w, https:\/\/radiorevelacionfm.cl\/wp-content\/uploads\/2025\/08\/img_7822-1_optimized-705x397.jpg 705w, https:\/\/radiorevelacionfm.cl\/wp-content\/uploads\/2025\/08\/img_7822-1_optimized-450x253.jpg 450w, https:\/\/radiorevelacionfm.cl\/wp-content\/uploads\/2025\/08\/img_7822-1_optimized-600x338.jpg 600w\" sizes=\"(max-width: 1066px) 100vw, 1066px\" \/><\/div><\/div><\/div><\/div><div class=\"flex_column av_one_full  flex_column_div av-zero-column-padding first  avia-builder-el-2  el_after_av_one_full  el_before_av_one_full  column-top-margin\" style='border-radius:0px; '><section class=\"av_textblock_section \"  itemscope=\"itemscope\" itemtype=\"https:\/\/schema.org\/BlogPosting\" itemprop=\"blogPost\" ><div class='avia_textblock  '   itemprop=\"text\" ><p style=\"text-align: center;\"><strong><span style=\"font-size: 18pt;\">Junji en Ays\u00e9n cuenta con 9 jardines infantiles Amigos de la Lactancia Materna (Jialma)<\/span><\/strong><\/p>\n<div id=\"gtx-trans\" style=\"position: absolute; left: -50px; top: 4.31534px;\">\n<div class=\"gtx-trans-icon\"><\/div>\n<\/div>\n<\/div><\/section><\/div><div class=\"flex_column av_one_full  flex_column_div av-zero-column-padding first  avia-builder-el-4  el_after_av_one_full  el_before_av_hr  column-top-margin\" style='border-radius:0px; '><section class=\"av_textblock_section \"  itemscope=\"itemscope\" itemtype=\"https:\/\/schema.org\/BlogPosting\" itemprop=\"blogPost\" ><div class='avia_textblock  '   itemprop=\"text\" ><p style=\"text-align: justify;\">La Certificaci\u00f3n \u201cJardines Infantiles Amigos de la Lactancia Materna (JIALMA)\u201d no s\u00f3lo demuestra el gran compromiso de la instituci\u00f3n con la lactancia materna, sino que tambi\u00e9n en la pr\u00e1ctica destaca el que estos espacios educativos cuentan una sala de amamantamiento, con espacios adecuados en seguridad, privacidad e higiene para el amamantamiento y la extracci\u00f3n de leche materna, contribuyendo as\u00ed al fomento de una cultura organizacional que promueva la mantenci\u00f3n de la lactancia materna desde un enfoque de corresponsabilidad, bienestar del ni\u00f1o o ni\u00f1a y equidad de g\u00e9nero.<\/p>\n<p style=\"text-align: justify;\">Recientemente fueron certificados las unidades educativas de Coyhaique Gabriela Mistral y Mi Peque\u00f1a Estancia, sum\u00e1ndose al trabajo realizado ya por JI Kau-Kalem (2023) y Troperitos del Valle (2024), Arco\u00edris. As\u00ed como tambi\u00e9n durante este a\u00f1o; Lobito Feroz, Creciendo Contento, Capullitos de Calafate de Puerto Ays\u00e9n y Aukant\u00fcn de Chile Chico.<\/p>\n<p style=\"text-align: justify;\">La iniciativa, implementada desde 1997, busca instalar culturas promotoras y protectoras de la lactancia materna en los establecimientos de educaci\u00f3n parvularia. Apoyando la instalaci\u00f3n de salas de lactancia al interior de las salas cunas y jardines infantiles; facilitando que los ni\u00f1os y ni\u00f1as sean alimentados con leche materna directamente de sus madres o extra\u00edda de estas; y creando instancias de orientaci\u00f3n en torno a la Lactancia Materna tanto para los ni\u00f1os, ni\u00f1as, familias y comunidad educativa.<\/p>\n<p style=\"text-align: justify;\">Jessica Mardones Opazo, directora del Jard\u00edn Infantil Mi Peque\u00f1a Estancia de Coyhaique, manifest\u00f3 estar muy orgullosa y feliz: \u201cEsta certificaci\u00f3n significa reconocimiento a un trabajo constante y significativo, que ha realizado toda la comunidad educativa. Un trabajo con nuestras manipuladoras de alimentos, donde ellas son clave y son capacitadas en lactancia materna, tiene todo higienizado con su propia normativa, para que ni\u00f1os y ni\u00f1as puedan recibir una alimentaci\u00f3n segura. El comit\u00e9 de lactancia del jard\u00edn infantil ha sido clave, han demostrado su compromiso con la educaci\u00f3n parvularia y el bienestar integral de ni\u00f1os y ni\u00f1as. Reconocemos el trabajo y la entrega que es un beneficio directo para nuestros ni\u00f1os y ni\u00f1a\u201d se\u00f1al\u00f3.<\/p>\n<p style=\"text-align: justify;\">Para las familias tambi\u00e9n es una oportunidad muy importante as\u00ed lo dejo ver Franchesca Castro Su\u00e1rez, apoderada JI Mi Peque\u00f1a Estancia: \u201cEs gratificante porque significa que a esta comunidad le importa que no se pierda el v\u00ednculo que uno tiene con el beb\u00e9. Y las ganas que tiene uno tiene de alimentarlo, porque podr\u00eda ser m\u00e1s f\u00e1cil hacer llegar una mamadera, pero todo el equipo se esfuerza para t\u00fa puedas alimentar a tu beb\u00e9, y venir y tener un espacio donde sentirte c\u00f3moda y que el beb\u00e9 se sienta as\u00ed. Ha significado tener un momento de tranquilidad con mi beb\u00e9, porque es dif\u00edcil traerlo y dejarlo aqu\u00ed. Entonces tener un espacio que es para nosotros, donde s\u00f3lo nosotros podamos utilizar en esos momentos donde yo lo alimento, es importante para m\u00ed y que se mantenga. Siento que son un gran apoyo\u201d dijo.<\/p>\n<p style=\"text-align: justify;\">Cuando se protege, promueve y apoya la lactancia materna, se crea un entorno sostenible, apoyar la lactancia materna para un planeta m\u00e1s saludable requiere crear un entorno sostenible donde se priorice la lactancia materna. En 2023, la tasa mundial de lactancia materna exclusiva a los 6 meses fue del 48%, lo que se cerca al objetivo de la Asamblea Mundial de la Salud del 50% para 2025. Para asegurar un crecimiento positivo y alcanzar la nueva meta del 2030 del 70% de lactancia materna exclusiva a los 6 meses, la participaci\u00f3n de cada actor que conforma la cadena de la Lactancia Materna es crucial.<\/p>\n<\/div><\/section><\/div><div  style='height:50px' class='hr hr-invisible   avia-builder-el-6  el_after_av_one_full  el_before_av_social_share '><span class='hr-inner ' ><span class='hr-inner-style'><\/span><\/span><\/div><\/p>\n<div  class='av-social-sharing-box  avia-builder-el-7  el_after_av_hr  el_before_av_hr  '><div class='av-share-box'><h5 class='av-share-link-description av-no-toc '>Compartir esta noticia<\/h5><ul class='av-share-box-list noLightbox'><li class='av-share-link av-social-link-facebook' ><a target=\"_blank\" aria-label=\"Compartir en Facebook\" href='https:\/\/www.facebook.com\/sharer.php?u=https:\/\/radiorevelacionfm.cl\/?p=57655&#038;t=Junji%20en%20Ays%C3%A9n%20cuenta%20con%209%20jardines%20infantiles%20Amigos%20de%20la%20Lactancia%20Materna%20%28Jialma%29' aria-hidden='false' data-av_icon='\ue8f3' data-av_iconfont='entypo-fontello' title='' data-avia-related-tooltip='Compartir en Facebook' rel=\"noopener\"><span class='avia_hidden_link_text'>Compartir en Facebook<\/span><\/a><\/li><li class='av-share-link av-social-link-twitter' ><a target=\"_blank\" aria-label=\"Compartir en Twitter\" href='https:\/\/twitter.com\/share?text=Junji%20en%20Ays%C3%A9n%20cuenta%20con%209%20jardines%20infantiles%20Amigos%20de%20la%20Lactancia%20Materna%20%28Jialma%29&#038;url=https:\/\/radiorevelacionfm.cl\/?p=57655' aria-hidden='false' data-av_icon='\ue8f1' data-av_iconfont='entypo-fontello' title='' data-avia-related-tooltip='Compartir en Twitter' rel=\"noopener\"><span class='avia_hidden_link_text'>Compartir en Twitter<\/span><\/a><\/li><li class='av-share-link av-social-link-whatsapp' ><a target=\"_blank\" aria-label=\"Compartir en Whatsapp\" href='https:\/\/api.whatsapp.com\/send?text=https:\/\/radiorevelacionfm.cl\/?p=57655' aria-hidden='false' data-av_icon='\uf232' data-av_iconfont='entypo-fontello' title='' data-avia-related-tooltip='Compartir en Whatsapp' rel=\"noopener\"><span class='avia_hidden_link_text'>Compartir en Whatsapp<\/span><\/a><\/li><li class='av-share-link av-social-link-linkedin' ><a target=\"_blank\" aria-label=\"Compartir en LinkedIn\" href='https:\/\/linkedin.com\/shareArticle?mini=true&#038;title=Junji%20en%20Ays%C3%A9n%20cuenta%20con%209%20jardines%20infantiles%20Amigos%20de%20la%20Lactancia%20Materna%20%28Jialma%29&#038;url=https:\/\/radiorevelacionfm.cl\/?p=57655' aria-hidden='false' data-av_icon='\ue8fc' data-av_iconfont='entypo-fontello' title='' data-avia-related-tooltip='Compartir en LinkedIn' rel=\"noopener\"><span class='avia_hidden_link_text'>Compartir en LinkedIn<\/span><\/a><\/li><li class='av-share-link av-social-link-mail' ><a  aria-label=\"Compartir por correo\" href='mailto:?subject=Junji%20en%20Ays%C3%A9n%20cuenta%20con%209%20jardines%20infantiles%20Amigos%20de%20la%20Lactancia%20Materna%20%28Jialma%29&#038;body=https:\/\/radiorevelacionfm.cl\/?p=57655' aria-hidden='false' data-av_icon='\ue805' data-av_iconfont='entypo-fontello' title='' data-avia-related-tooltip='Compartir por correo'><span class='avia_hidden_link_text'>Compartir por correo<\/span><\/a><\/li><\/ul><\/div><\/div>\n<div  style='height:50px' class='hr hr-invisible   avia-builder-el-8  el_after_av_social_share  el_before_av_comments_list '><span class='hr-inner ' ><span class='hr-inner-style'><\/span><\/span><\/div>\n<div  class='av-buildercomment  av-blog-meta-html-info-disabled av-blog-meta-tag-disabled  '><\/div>\n","protected":false},"excerpt":{"rendered":"","protected":false},"author":1,"featured_media":57656,"comment_status":"closed","ping_status":"closed","sticky":false,"template":"","format":"standard","meta":{"footnotes":""},"categories":[49],"tags":[],"class_list":["post-57655","post","type-post","status-publish","format-standard","has-post-thumbnail","hentry","category-educacion"],"jetpack_featured_media_url":"https:\/\/radiorevelacionfm.cl\/wp-content\/uploads\/2025\/08\/img_7822-1_optimized.jpg","_links":{"self":[{"href":"https:\/\/radiorevelacionfm.cl\/index.php?rest_route=\/wp\/v2\/posts\/57655","targetHints":{"allow":["GET"]}}],"collection":[{"href":"https:\/\/radiorevelacionfm.cl\/index.php?rest_route=\/wp\/v2\/posts"}],"about":[{"href":"https:\/\/radiorevelacionfm.cl\/index.php?rest_route=\/wp\/v2\/types\/post"}],"author":[{"embeddable":true,"href":"https:\/\/radiorevelacionfm.cl\/index.php?rest_route=\/wp\/v2\/users\/1"}],"replies":[{"embeddable":true,"href":"https:\/\/radiorevelacionfm.cl\/index.php?rest_route=%2Fwp%2Fv2%2Fcomments&post=57655"}],"version-history":[{"count":2,"href":"https:\/\/radiorevelacionfm.cl\/index.php?rest_route=\/wp\/v2\/posts\/57655\/revisions"}],"predecessor-version":[{"id":57658,"href":"https:\/\/radiorevelacionfm.cl\/index.php?rest_route=\/wp\/v2\/posts\/57655\/revisions\/57658"}],"wp:featuredmedia":[{"embeddable":true,"href":"https:\/\/radiorevelacionfm.cl\/index.php?rest_route=\/wp\/v2\/media\/57656"}],"wp:attachment":[{"href":"https:\/\/radiorevelacionfm.cl\/index.php?rest_route=%2Fwp%2Fv2%2Fmedia&parent=57655"}],"wp:term":[{"taxonomy":"category","embeddable":true,"href":"https:\/\/radiorevelacionfm.cl\/index.php?rest_route=%2Fwp%2Fv2%2Fcategories&post=57655"},{"taxonomy":"post_tag","embeddable":true,"href":"https:\/\/radiorevelacionfm.cl\/index.php?rest_route=%2Fwp%2Fv2%2Ftags&post=57655"}],"curies":[{"name":"wp","href":"https:\/\/api.w.org\/{rel}","templated":true}]}}