{"id":57651,"date":"2025-08-11T22:11:11","date_gmt":"2025-08-12T01:11:11","guid":{"rendered":"https:\/\/radiorevelacionfm.cl\/?p=57651"},"modified":"2025-08-11T22:11:11","modified_gmt":"2025-08-12T01:11:11","slug":"cepa-funk-se-adjudica-un-cupo-en-el-festival-rockodromo-2025-tras-su-paso-por-el-confluencia","status":"publish","type":"post","link":"https:\/\/radiorevelacionfm.cl\/?p=57651","title":{"rendered":"Cepa Funk se adjudica un cupo en el Festival Rock\u00f3dromo 2025 tras su paso por el Confluencia"},"content":{"rendered":"<div class=\"flex_column av_one_full  flex_column_div av-zero-column-padding first  avia-builder-el-0  el_before_av_one_full  avia-builder-el-first  \" style='border-radius:0px; '><div  class='avia-image-container  av-styling-    avia-builder-el-1  avia-builder-el-no-sibling  avia-align-center '  itemprop=\"image\" itemscope=\"itemscope\" itemtype=\"https:\/\/schema.org\/ImageObject\"  ><div class='avia-image-container-inner'><div class='avia-image-overlay-wrap'><img decoding=\"async\" class='wp-image-57652 avia-img-lazy-loading-not-57652 avia_image' src=\"https:\/\/radiorevelacionfm.cl\/wp-content\/uploads\/2025\/08\/festival-confluencia2-1-1.jpg\" alt='' title='festival confluencia2 (1) (1)' height=\"600\" width=\"900\"  itemprop=\"thumbnailUrl\" srcset=\"https:\/\/radiorevelacionfm.cl\/wp-content\/uploads\/2025\/08\/festival-confluencia2-1-1.jpg 900w, https:\/\/radiorevelacionfm.cl\/wp-content\/uploads\/2025\/08\/festival-confluencia2-1-1-300x200.jpg 300w, https:\/\/radiorevelacionfm.cl\/wp-content\/uploads\/2025\/08\/festival-confluencia2-1-1-768x512.jpg 768w, https:\/\/radiorevelacionfm.cl\/wp-content\/uploads\/2025\/08\/festival-confluencia2-1-1-705x470.jpg 705w, https:\/\/radiorevelacionfm.cl\/wp-content\/uploads\/2025\/08\/festival-confluencia2-1-1-450x300.jpg 450w, https:\/\/radiorevelacionfm.cl\/wp-content\/uploads\/2025\/08\/festival-confluencia2-1-1-600x400.jpg 600w\" sizes=\"(max-width: 900px) 100vw, 900px\" \/><\/div><\/div><\/div><\/div><div class=\"flex_column av_one_full  flex_column_div av-zero-column-padding first  avia-builder-el-2  el_after_av_one_full  el_before_av_one_full  column-top-margin\" style='border-radius:0px; '><section class=\"av_textblock_section \"  itemscope=\"itemscope\" itemtype=\"https:\/\/schema.org\/BlogPosting\" itemprop=\"blogPost\" ><div class='avia_textblock  '   itemprop=\"text\" ><p style=\"text-align: center;\"><span style=\"font-size: 18pt;\"><b>Cepa Funk se adjudica un cupo en el Festival Rock\u00f3dromo 2025 tras su paso por el Confluencia<\/b><\/span><\/p>\n<div id=\"gtx-trans\" style=\"position: absolute; left: -50px; top: 4.31534px;\">\n<div class=\"gtx-trans-icon\"><\/div>\n<\/div>\n<\/div><\/section><\/div><div class=\"flex_column av_one_full  flex_column_div av-zero-column-padding first  avia-builder-el-4  el_after_av_one_full  el_before_av_hr  column-top-margin\" style='border-radius:0px; '><section class=\"av_textblock_section \"  itemscope=\"itemscope\" itemtype=\"https:\/\/schema.org\/BlogPosting\" itemprop=\"blogPost\" ><div class='avia_textblock  '   itemprop=\"text\" ><p style=\"text-align: justify;\">Ante un Centro Cultural Coyhaique repleto, se desarroll\u00f3 una nueva versi\u00f3n del Festival Confluencia, que re\u00fane solistas y bandas de la Regi\u00f3n de Ays\u00e9n en un certamen que busca elegir a la o el representante de nuestro territorio para una de las citas musicales m\u00e1s importantes del pa\u00eds: el Festival Rock\u00f3dromo 2025.<\/p>\n<p style=\"text-align: justify;\">El Festival Confluencia, a la postre escenario tradicional de nuestra regi\u00f3n, reuni\u00f3 diversos estilos musicales en una jornada que se prolong\u00f3 por 4 horas y que comenz\u00f3 muy temprano con las respectivas pruebas de sonido.<\/p>\n<p style=\"text-align: justify;\">Con una impecable puesta en escena, este a\u00f1o pasaron por el escenario del Confluencia All Chick, Savir Quintana,\u00a0 S4fika y Kvminvnte, D\u00fao Agapanthus, Fernando Pro-sa &amp; El alma de las aguas y Cepa Funk. Esta \u00faltima agrupaci\u00f3n, que ha recorrido las comunas de Ays\u00e9n y ha dado que hablar en distintos puntos de la regi\u00f3n, se qued\u00f3 con el primer lugar del certamen y obtuvo un cupo para presentarse en el escenario m\u00e1s multitudinario del pa\u00eds, tras la selecci\u00f3n de jurado, integrado por el realizador audiovisual y gestor cultural de Malotun, V\u00edctor Beto Cabrera, y el director de la Orquesta de C\u00e1mara Profesional de la Universidad de Ays\u00e9n, H\u00e9ctor M\u00e9ndez.<\/p>\n<p style=\"text-align: justify;\">El Festival Confluencia cerr\u00f3 con el n\u00famero estelar de la cantautora nacional Camila Moreno, quien encant\u00f3 al p\u00fablico con sus temas m\u00e1s conocidos y novedades de su repertorio.<\/p>\n<p style=\"text-align: justify;\">El seremi de Culturas Ays\u00e9n, Felipe Quiroz, manifest\u00f3 su agradecimiento a quienes fueron parte de los ciclos previos de Escuelas de Rock y M\u00fasica Popular y el trabajo para llegar a nuestro festival regional: \u201cEl Festival Confluencia no es un evento aislado, sino que forma parte de la Red de Festivales p\u00fablicos m\u00e1s grande de Am\u00e9rica Latina, articulada desde el Programa Escuelas de Rock y M\u00fasica Popular del Ministerio de las Culturas, las Artes y el Patrimonio. Este es un esfuerzo que el Gobierno del Presidente Gabriel Boric ha fortalecido con convicci\u00f3n, entendiendo que la cultura debe llegar a todos los territorios y no concentrarse solo en los grandes centros urbanos. Lo que aqu\u00ed sucede no solo permite visibilizar a nuestras y nuestros artistas locales, sino que tambi\u00e9n conecta a las regiones con circuitos nacionales e internacionales. Un ejemplo concreto: los Lobos Marinos de Coyhaique, tras su paso por el Rock\u00f3dromo 2018, fueron invitados a tocar en Francia. Es decir, este tipo de instancias abren puertas reales, generan circulaci\u00f3n y descentralizan efectivamente la cultura. Como Estado, estamos garantizando espacios p\u00fablicos para el desarrollo art\u00edstico y fortaleciendo el ecosistema musical chileno con una mirada democr\u00e1tica y territorial\u201d.<\/p>\n<p style=\"text-align: justify;\">En diciembre, los ganadores del Confluencia, Cepa Funk, estar\u00e1n en Valpara\u00edso junto a lo m\u00e1s granado de las m\u00fasicas regionales de Chile, seleccionada por distintos jurados de Arica a Magallanes.<\/p>\n<p style=\"text-align: justify;\">Su vocalista, Rodrigo Obando, se mostr\u00f3 emocionado con la noticia: \u201cEs una experiencia con muchos sentimientos encontrados porque no nos imagin\u00e1bamos que \u00edbamos a ganar porque \u00edbamos con la expectativa de sacar adelante la pega. No era que nos sinti\u00e9ramos cojos, porque el maestro que nos apa\u00f1\u00f3 ahora en la bater\u00eda interpret\u00f3 tal cual como si fuera Pablito y eso nos ayud\u00f3 bastante. Pero, por eso mismo, nosotros \u00edbamos a darle nom\u00e1s, porque esto lo est\u00e1bamos haciendo por Pablito y esto lo est\u00e1bamos dedicando a \u00e9l. Lo que pudiese salir iba a ser dedicado a \u00e9l. Y as\u00ed fue. Estamos emocionados y contentos por ir, y queremos ver cu\u00e1l es el movimiento de la escena all\u00e1 y representar bien la regi\u00f3n\u201d.<\/p>\n<p style=\"text-align: justify;\">Rodrigo se refiere al baterista titular de Cepa Funk, Pablo Gallardo, que atraviesa un delicado estado de salud, por lo cual el escenario Confluencia pill\u00f3 a la banda en un momento emocionalmente complejo, sin embargo, decidieron presentarse y, pese a todo, triunfaron.<\/p>\n<p style=\"text-align: justify;\">Con m\u00e1s de 30 a\u00f1os de trayectoria, Escuelas de Rock y M\u00fasica Popular es un Programa del Ministerio de las Culturas, las Artes y el Patrimonio que aporta en la\u00a0formaci\u00f3n de p\u00fablicos y audiencias, la\u00a0descentralizaci\u00f3n\u00a0del arte y la cultura, la\u00a0difusi\u00f3n\u00a0de la m\u00fasica popular chilena y el\u00a0fortalecimiento\u00a0del patrimonio\u00a0musical chileno.<\/p>\n<\/div><\/section><\/div><div  style='height:50px' class='hr hr-invisible   avia-builder-el-6  el_after_av_one_full  el_before_av_social_share '><span class='hr-inner ' ><span class='hr-inner-style'><\/span><\/span><\/div><\/p>\n<div  class='av-social-sharing-box  avia-builder-el-7  el_after_av_hr  el_before_av_hr  '><div class='av-share-box'><h5 class='av-share-link-description av-no-toc '>Compartir esta noticia<\/h5><ul class='av-share-box-list noLightbox'><li class='av-share-link av-social-link-facebook' ><a target=\"_blank\" aria-label=\"Compartir en Facebook\" href='https:\/\/www.facebook.com\/sharer.php?u=https:\/\/radiorevelacionfm.cl\/?p=57651&#038;t=Cepa%20Funk%20se%20adjudica%20un%20cupo%20en%20el%20Festival%20Rock%C3%B3dromo%202025%20tras%20su%20paso%20por%20el%20Confluencia' aria-hidden='false' data-av_icon='\ue8f3' data-av_iconfont='entypo-fontello' title='' data-avia-related-tooltip='Compartir en Facebook' rel=\"noopener\"><span class='avia_hidden_link_text'>Compartir en Facebook<\/span><\/a><\/li><li class='av-share-link av-social-link-twitter' ><a target=\"_blank\" aria-label=\"Compartir en Twitter\" href='https:\/\/twitter.com\/share?text=Cepa%20Funk%20se%20adjudica%20un%20cupo%20en%20el%20Festival%20Rock%C3%B3dromo%202025%20tras%20su%20paso%20por%20el%20Confluencia&#038;url=https:\/\/radiorevelacionfm.cl\/?p=57651' aria-hidden='false' data-av_icon='\ue8f1' data-av_iconfont='entypo-fontello' title='' data-avia-related-tooltip='Compartir en Twitter' rel=\"noopener\"><span class='avia_hidden_link_text'>Compartir en Twitter<\/span><\/a><\/li><li class='av-share-link av-social-link-whatsapp' ><a target=\"_blank\" aria-label=\"Compartir en Whatsapp\" href='https:\/\/api.whatsapp.com\/send?text=https:\/\/radiorevelacionfm.cl\/?p=57651' aria-hidden='false' data-av_icon='\uf232' data-av_iconfont='entypo-fontello' title='' data-avia-related-tooltip='Compartir en Whatsapp' rel=\"noopener\"><span class='avia_hidden_link_text'>Compartir en Whatsapp<\/span><\/a><\/li><li class='av-share-link av-social-link-linkedin' ><a target=\"_blank\" aria-label=\"Compartir en LinkedIn\" href='https:\/\/linkedin.com\/shareArticle?mini=true&#038;title=Cepa%20Funk%20se%20adjudica%20un%20cupo%20en%20el%20Festival%20Rock%C3%B3dromo%202025%20tras%20su%20paso%20por%20el%20Confluencia&#038;url=https:\/\/radiorevelacionfm.cl\/?p=57651' aria-hidden='false' data-av_icon='\ue8fc' data-av_iconfont='entypo-fontello' title='' data-avia-related-tooltip='Compartir en LinkedIn' rel=\"noopener\"><span class='avia_hidden_link_text'>Compartir en LinkedIn<\/span><\/a><\/li><li class='av-share-link av-social-link-mail' ><a  aria-label=\"Compartir por correo\" href='mailto:?subject=Cepa%20Funk%20se%20adjudica%20un%20cupo%20en%20el%20Festival%20Rock%C3%B3dromo%202025%20tras%20su%20paso%20por%20el%20Confluencia&#038;body=https:\/\/radiorevelacionfm.cl\/?p=57651' aria-hidden='false' data-av_icon='\ue805' data-av_iconfont='entypo-fontello' title='' data-avia-related-tooltip='Compartir por correo'><span class='avia_hidden_link_text'>Compartir por correo<\/span><\/a><\/li><\/ul><\/div><\/div>\n<div  style='height:50px' class='hr hr-invisible   avia-builder-el-8  el_after_av_social_share  el_before_av_comments_list '><span class='hr-inner ' ><span class='hr-inner-style'><\/span><\/span><\/div>\n<div  class='av-buildercomment  av-blog-meta-html-info-disabled av-blog-meta-tag-disabled  '><\/div>\n","protected":false},"excerpt":{"rendered":"","protected":false},"author":1,"featured_media":57652,"comment_status":"closed","ping_status":"closed","sticky":false,"template":"","format":"standard","meta":{"footnotes":""},"categories":[43],"tags":[],"class_list":["post-57651","post","type-post","status-publish","format-standard","has-post-thumbnail","hentry","category-musica"],"jetpack_featured_media_url":"https:\/\/radiorevelacionfm.cl\/wp-content\/uploads\/2025\/08\/festival-confluencia2-1-1.jpg","_links":{"self":[{"href":"https:\/\/radiorevelacionfm.cl\/index.php?rest_route=\/wp\/v2\/posts\/57651","targetHints":{"allow":["GET"]}}],"collection":[{"href":"https:\/\/radiorevelacionfm.cl\/index.php?rest_route=\/wp\/v2\/posts"}],"about":[{"href":"https:\/\/radiorevelacionfm.cl\/index.php?rest_route=\/wp\/v2\/types\/post"}],"author":[{"embeddable":true,"href":"https:\/\/radiorevelacionfm.cl\/index.php?rest_route=\/wp\/v2\/users\/1"}],"replies":[{"embeddable":true,"href":"https:\/\/radiorevelacionfm.cl\/index.php?rest_route=%2Fwp%2Fv2%2Fcomments&post=57651"}],"version-history":[{"count":2,"href":"https:\/\/radiorevelacionfm.cl\/index.php?rest_route=\/wp\/v2\/posts\/57651\/revisions"}],"predecessor-version":[{"id":57654,"href":"https:\/\/radiorevelacionfm.cl\/index.php?rest_route=\/wp\/v2\/posts\/57651\/revisions\/57654"}],"wp:featuredmedia":[{"embeddable":true,"href":"https:\/\/radiorevelacionfm.cl\/index.php?rest_route=\/wp\/v2\/media\/57652"}],"wp:attachment":[{"href":"https:\/\/radiorevelacionfm.cl\/index.php?rest_route=%2Fwp%2Fv2%2Fmedia&parent=57651"}],"wp:term":[{"taxonomy":"category","embeddable":true,"href":"https:\/\/radiorevelacionfm.cl\/index.php?rest_route=%2Fwp%2Fv2%2Fcategories&post=57651"},{"taxonomy":"post_tag","embeddable":true,"href":"https:\/\/radiorevelacionfm.cl\/index.php?rest_route=%2Fwp%2Fv2%2Ftags&post=57651"}],"curies":[{"name":"wp","href":"https:\/\/api.w.org\/{rel}","templated":true}]}}