{"id":5765,"date":"2021-06-30T13:12:09","date_gmt":"2021-06-30T16:12:09","guid":{"rendered":"https:\/\/radiorevelacionfm.cl\/?p=5765"},"modified":"2021-06-30T13:12:09","modified_gmt":"2021-06-30T16:12:09","slug":"gobierno-anuncio-fondo-extraordinario-de-salud-por-2-mil-millones-de-dolares-para-el-combate-del-covid-19","status":"publish","type":"post","link":"https:\/\/radiorevelacionfm.cl\/?p=5765","title":{"rendered":"Gobierno anunci\u00f3 fondo extraordinario de salud por 2 mil millones de d\u00f3lares para el combate del Covid-19"},"content":{"rendered":"<div class=\"flex_column av_one_full  flex_column_div av-zero-column-padding first  avia-builder-el-0  el_before_av_one_full  avia-builder-el-first  \" style='border-radius:0px; '><div  class='avia-image-container  av-styling-    avia-builder-el-1  avia-builder-el-no-sibling  avia-align-center '  itemprop=\"image\" itemscope=\"itemscope\" itemtype=\"https:\/\/schema.org\/ImageObject\"  ><div class='avia-image-container-inner'><div class='avia-image-overlay-wrap'><img decoding=\"async\" class='wp-image-5766 avia-img-lazy-loading-not-5766 avia_image' src=\"https:\/\/radiorevelacionfm.cl\/wp-content\/uploads\/2021\/06\/Image-2021-06-30-at-10.38.39-1-1.jpeg\" alt='' title='Image 2021-06-30 at 10.38.39 (1) (1)' height=\"600\" width=\"870\"  itemprop=\"thumbnailUrl\" srcset=\"https:\/\/radiorevelacionfm.cl\/wp-content\/uploads\/2021\/06\/Image-2021-06-30-at-10.38.39-1-1.jpeg 870w, https:\/\/radiorevelacionfm.cl\/wp-content\/uploads\/2021\/06\/Image-2021-06-30-at-10.38.39-1-1-300x207.jpeg 300w, https:\/\/radiorevelacionfm.cl\/wp-content\/uploads\/2021\/06\/Image-2021-06-30-at-10.38.39-1-1-768x530.jpeg 768w, https:\/\/radiorevelacionfm.cl\/wp-content\/uploads\/2021\/06\/Image-2021-06-30-at-10.38.39-1-1-705x486.jpeg 705w, https:\/\/radiorevelacionfm.cl\/wp-content\/uploads\/2021\/06\/Image-2021-06-30-at-10.38.39-1-1-600x414.jpeg 600w\" sizes=\"(max-width: 870px) 100vw, 870px\" \/><\/div><\/div><\/div><\/div><div class=\"flex_column av_one_full  flex_column_div av-zero-column-padding first  avia-builder-el-2  el_after_av_one_full  el_before_av_one_full  column-top-margin\" style='border-radius:0px; '><section class=\"av_textblock_section \"  itemscope=\"itemscope\" itemtype=\"https:\/\/schema.org\/BlogPosting\" itemprop=\"blogPost\" ><div class='avia_textblock  '   itemprop=\"text\" ><p style=\"text-align: center;\"><strong><span style=\"font-size: 18pt;\">Gobierno anunci\u00f3 fondo extraordinario de salud por 2 mil millones de d\u00f3lares para el combate del Covid-19<\/span><\/strong><\/p>\n<div id=\"gtx-trans\" style=\"position: absolute; left: -50px; top: 4.31534px;\">\n<div class=\"gtx-trans-icon\"><\/div>\n<\/div>\n<\/div><\/section><\/div><div class=\"flex_column av_one_full  flex_column_div av-zero-column-padding first  avia-builder-el-4  el_after_av_one_full  el_before_av_hr  column-top-margin\" style='border-radius:0px; '><section class=\"av_textblock_section \"  itemscope=\"itemscope\" itemtype=\"https:\/\/schema.org\/BlogPosting\" itemprop=\"blogPost\" ><div class='avia_textblock  '   itemprop=\"text\" ><p style=\"text-align: justify;\">Tambi\u00e9n robustecer la estrategia de Testeo, Trazabilidad y Aislamiento (TTA) de casos positivos, junto a un reforzamiento del ISP para la detecci\u00f3n temprana de nuevas variantes.<\/p>\n<p style=\"text-align: justify;\">El Presidente Sebasti\u00e1n Pi\u00f1era anunci\u00f3 un Fondo Extraordinario de Salud por US$ 2.000 millones para continuar el combate del Covid-19 en el pa\u00eds, iniciativa que buscar continuar el proceso de vacunaci\u00f3n, reforzar el plan de testeo, trazabilidad y aislamiento y, robustecer al Instituto de Salud P\u00fablica, las Redes Asistenciales y la Red de Salud Primaria de todo el pa\u00eds.<\/p>\n<p style=\"text-align: justify;\">Adicionalmente, con esos fondos, aumentar la capacidad de camas cr\u00edticas y adquirir elementos de protecci\u00f3n personal para los funcionarios de salud, de la ciudadan\u00eda y habilitar un programa que se haga cargo de la rehabilitaci\u00f3n de enfermos COVID que quedan con secuelas.<\/p>\n<p style=\"text-align: justify;\">El anuncio fue destacado por la Intendenta Regional, Margarita Ossa Rojas, quien al respecto planteo que \u201clo que estamos haciendo como Gobierno da cuenta de la preocupaci\u00f3n y de la mirada de futuro que estamos ejecutando para evitar que esta pandemia tenga mayores consecuencias. Esto va en la l\u00ednea de seguir robusteciendo nuestra red de salud, salvaguardo vidas, cuidando a nuestro personal de salud \u2013 que en la regi\u00f3n supera las 3 mil personas \u2013 y por sobre todo nos genera una tranquilidad para seguir con la campa\u00f1a Yo Me Vacuno que en este momento alcanza un 90% en primera dosis y un 78% en segunda dosis, administrando m\u00e1s de 135 mil dosis desde febrero a la fecha\u201d.<\/p>\n<p style=\"text-align: justify;\">En esa misma l\u00ednea, la seremi de salud Alejandra Valdebenito Torres explic\u00f3 que lo anunciado por el mandatario \u201cviene a fortalecer las acciones que hoy d\u00eda se han estado trabajando en favor de nuestra comunidad frente a la pandemia por COVID-19, tal como ocurre con la labor que se realiza en la estrategia de Testeo, Trazabilidad y Aislamiento (TTA) de casos positivos, donde se busca reforzar la labor del Instituto de Salud P\u00fablica (ISP) para la detecci\u00f3n temprana de nuevas variantes; adem\u00e1s de mantener a disposici\u00f3n de la poblaci\u00f3n la Red de Residencias Sanitarias, y tal como lo mencionaron nuestras autoridades, nuestro pa\u00eds reforzar\u00e1 su programa de vacunaci\u00f3n para este y el pr\u00f3ximo a\u00f1o 2022.\u00a0 Aspectos relevantes que se suman a otros lineamientos que buscan seguir mejorando la salud p\u00fablica de nuestra poblaci\u00f3n\u201d.<\/p>\n<p style=\"text-align: justify;\">Valoraci\u00f3n similar plante\u00f3 el director del Servicio de Salud Ays\u00e9n, Gabriel Burgos Salas, quien tras el anuncio explic\u00f3 que \u201cesta es una iniciativa muy valorable del primer mandatario y tremendamente necesaria, pues el sector salud, ha sido fuertemente golpeado por esta pandemia\u201d agregando acto seguido que \u201csin duda que la inyecci\u00f3n de recursos fortalecer\u00e1 el trabajo de la UTTA regional y todas sus estrategias de acci\u00f3n; permitir\u00e1 adquirir m\u00e1s Elementos de Protecci\u00f3n Personal para nuestros funcionarios y comenzar a ayudar en su recuperaci\u00f3n a la poblaci\u00f3n que luego de contagiarse qued\u00f3 con alg\u00fan tipo de secuelas y de paso garantizar la reducci\u00f3n de las listas de espera\u201d, concluy\u00f3.<\/p>\n<\/div><\/section><\/div><div  style='height:50px' class='hr hr-invisible   avia-builder-el-6  el_after_av_one_full  el_before_av_social_share '><span class='hr-inner ' ><span class='hr-inner-style'><\/span><\/span><\/div><\/p>\n<div  class='av-social-sharing-box  avia-builder-el-7  el_after_av_hr  el_before_av_hr  '><div class='av-share-box'><h5 class='av-share-link-description av-no-toc '>Compartir esta noticia<\/h5><ul class='av-share-box-list noLightbox'><li class='av-share-link av-social-link-facebook' ><a target=\"_blank\" aria-label=\"Compartir en Facebook\" href='https:\/\/www.facebook.com\/sharer.php?u=https:\/\/radiorevelacionfm.cl\/?p=5765&#038;t=Gobierno%20anunci%C3%B3%20fondo%20extraordinario%20de%20salud%20por%202%20mil%20millones%20de%20d%C3%B3lares%20para%20el%20combate%20del%20Covid-19' aria-hidden='false' data-av_icon='\ue8f3' data-av_iconfont='entypo-fontello' title='' data-avia-related-tooltip='Compartir en Facebook' rel=\"noopener\"><span class='avia_hidden_link_text'>Compartir en Facebook<\/span><\/a><\/li><li class='av-share-link av-social-link-twitter' ><a target=\"_blank\" aria-label=\"Compartir en Twitter\" href='https:\/\/twitter.com\/share?text=Gobierno%20anunci%C3%B3%20fondo%20extraordinario%20de%20salud%20por%202%20mil%20millones%20de%20d%C3%B3lares%20para%20el%20combate%20del%20Covid-19&#038;url=https:\/\/radiorevelacionfm.cl\/?p=5765' aria-hidden='false' data-av_icon='\ue8f1' data-av_iconfont='entypo-fontello' title='' data-avia-related-tooltip='Compartir en Twitter' rel=\"noopener\"><span class='avia_hidden_link_text'>Compartir en Twitter<\/span><\/a><\/li><li class='av-share-link av-social-link-whatsapp' ><a target=\"_blank\" aria-label=\"Compartir en Whatsapp\" href='https:\/\/api.whatsapp.com\/send?text=https:\/\/radiorevelacionfm.cl\/?p=5765' aria-hidden='false' data-av_icon='\uf232' data-av_iconfont='entypo-fontello' title='' data-avia-related-tooltip='Compartir en Whatsapp' rel=\"noopener\"><span class='avia_hidden_link_text'>Compartir en Whatsapp<\/span><\/a><\/li><li class='av-share-link av-social-link-linkedin' ><a target=\"_blank\" aria-label=\"Compartir en LinkedIn\" href='https:\/\/linkedin.com\/shareArticle?mini=true&#038;title=Gobierno%20anunci%C3%B3%20fondo%20extraordinario%20de%20salud%20por%202%20mil%20millones%20de%20d%C3%B3lares%20para%20el%20combate%20del%20Covid-19&#038;url=https:\/\/radiorevelacionfm.cl\/?p=5765' aria-hidden='false' data-av_icon='\ue8fc' data-av_iconfont='entypo-fontello' title='' data-avia-related-tooltip='Compartir en LinkedIn' rel=\"noopener\"><span class='avia_hidden_link_text'>Compartir en LinkedIn<\/span><\/a><\/li><li class='av-share-link av-social-link-mail' ><a  aria-label=\"Compartir por correo\" href='mailto:?subject=Gobierno%20anunci%C3%B3%20fondo%20extraordinario%20de%20salud%20por%202%20mil%20millones%20de%20d%C3%B3lares%20para%20el%20combate%20del%20Covid-19&#038;body=https:\/\/radiorevelacionfm.cl\/?p=5765' aria-hidden='false' data-av_icon='\ue805' data-av_iconfont='entypo-fontello' title='' data-avia-related-tooltip='Compartir por correo'><span class='avia_hidden_link_text'>Compartir por correo<\/span><\/a><\/li><\/ul><\/div><\/div>\n<div  style='height:50px' class='hr hr-invisible   avia-builder-el-8  el_after_av_social_share  el_before_av_comments_list '><span class='hr-inner ' ><span class='hr-inner-style'><\/span><\/span><\/div>\n<div  class='av-buildercomment  av-blog-meta-html-info-disabled av-blog-meta-tag-disabled  '><\/div>\n","protected":false},"excerpt":{"rendered":"","protected":false},"author":1,"featured_media":5766,"comment_status":"open","ping_status":"open","sticky":false,"template":"","format":"standard","meta":{"footnotes":""},"categories":[46],"tags":[],"class_list":["post-5765","post","type-post","status-publish","format-standard","has-post-thumbnail","hentry","category-salud"],"jetpack_featured_media_url":"https:\/\/radiorevelacionfm.cl\/wp-content\/uploads\/2021\/06\/Image-2021-06-30-at-10.38.39-1-1.jpeg","_links":{"self":[{"href":"https:\/\/radiorevelacionfm.cl\/index.php?rest_route=\/wp\/v2\/posts\/5765","targetHints":{"allow":["GET"]}}],"collection":[{"href":"https:\/\/radiorevelacionfm.cl\/index.php?rest_route=\/wp\/v2\/posts"}],"about":[{"href":"https:\/\/radiorevelacionfm.cl\/index.php?rest_route=\/wp\/v2\/types\/post"}],"author":[{"embeddable":true,"href":"https:\/\/radiorevelacionfm.cl\/index.php?rest_route=\/wp\/v2\/users\/1"}],"replies":[{"embeddable":true,"href":"https:\/\/radiorevelacionfm.cl\/index.php?rest_route=%2Fwp%2Fv2%2Fcomments&post=5765"}],"version-history":[{"count":1,"href":"https:\/\/radiorevelacionfm.cl\/index.php?rest_route=\/wp\/v2\/posts\/5765\/revisions"}],"predecessor-version":[{"id":5767,"href":"https:\/\/radiorevelacionfm.cl\/index.php?rest_route=\/wp\/v2\/posts\/5765\/revisions\/5767"}],"wp:featuredmedia":[{"embeddable":true,"href":"https:\/\/radiorevelacionfm.cl\/index.php?rest_route=\/wp\/v2\/media\/5766"}],"wp:attachment":[{"href":"https:\/\/radiorevelacionfm.cl\/index.php?rest_route=%2Fwp%2Fv2%2Fmedia&parent=5765"}],"wp:term":[{"taxonomy":"category","embeddable":true,"href":"https:\/\/radiorevelacionfm.cl\/index.php?rest_route=%2Fwp%2Fv2%2Fcategories&post=5765"},{"taxonomy":"post_tag","embeddable":true,"href":"https:\/\/radiorevelacionfm.cl\/index.php?rest_route=%2Fwp%2Fv2%2Ftags&post=5765"}],"curies":[{"name":"wp","href":"https:\/\/api.w.org\/{rel}","templated":true}]}}