{"id":57647,"date":"2025-08-11T22:01:51","date_gmt":"2025-08-12T01:01:51","guid":{"rendered":"https:\/\/radiorevelacionfm.cl\/?p=57647"},"modified":"2025-08-11T22:01:51","modified_gmt":"2025-08-12T01:01:51","slug":"gobernanza-de-escazu-inicia-su-conformacion-en-chile-la-region-de-aysen-contara-con-un-comite-estrategico-regional-por-escazu","status":"publish","type":"post","link":"https:\/\/radiorevelacionfm.cl\/?p=57647","title":{"rendered":"Gobernanza de Escaz\u00fa inicia su conformaci\u00f3n en Chile: La regi\u00f3n de Ays\u00e9n contar\u00e1 con un Comit\u00e9 Estrat\u00e9gico Regional por Escaz\u00fa"},"content":{"rendered":"<div class=\"flex_column av_one_full  flex_column_div av-zero-column-padding first  avia-builder-el-0  el_before_av_one_full  avia-builder-el-first  \" style='border-radius:0px; '><div  class='avia-image-container  av-styling-    avia-builder-el-1  avia-builder-el-no-sibling  avia-align-center '  itemprop=\"image\" itemscope=\"itemscope\" itemtype=\"https:\/\/schema.org\/ImageObject\"  ><div class='avia-image-container-inner'><div class='avia-image-overlay-wrap'><img decoding=\"async\" class='wp-image-57648 avia-img-lazy-loading-not-57648 avia_image' src=\"https:\/\/radiorevelacionfm.cl\/wp-content\/uploads\/2025\/08\/escazu_1-2_optimized-1-1.jpg\" alt='' title='escazu_1-(2)_optimized (1) (1)' height=\"600\" width=\"1209\"  itemprop=\"thumbnailUrl\" srcset=\"https:\/\/radiorevelacionfm.cl\/wp-content\/uploads\/2025\/08\/escazu_1-2_optimized-1-1.jpg 1209w, https:\/\/radiorevelacionfm.cl\/wp-content\/uploads\/2025\/08\/escazu_1-2_optimized-1-1-300x149.jpg 300w, https:\/\/radiorevelacionfm.cl\/wp-content\/uploads\/2025\/08\/escazu_1-2_optimized-1-1-1030x511.jpg 1030w, https:\/\/radiorevelacionfm.cl\/wp-content\/uploads\/2025\/08\/escazu_1-2_optimized-1-1-768x381.jpg 768w, https:\/\/radiorevelacionfm.cl\/wp-content\/uploads\/2025\/08\/escazu_1-2_optimized-1-1-705x350.jpg 705w, https:\/\/radiorevelacionfm.cl\/wp-content\/uploads\/2025\/08\/escazu_1-2_optimized-1-1-450x223.jpg 450w, https:\/\/radiorevelacionfm.cl\/wp-content\/uploads\/2025\/08\/escazu_1-2_optimized-1-1-600x298.jpg 600w\" sizes=\"(max-width: 1209px) 100vw, 1209px\" \/><\/div><\/div><\/div><\/div><div class=\"flex_column av_one_full  flex_column_div av-zero-column-padding first  avia-builder-el-2  el_after_av_one_full  el_before_av_one_full  column-top-margin\" style='border-radius:0px; '><section class=\"av_textblock_section \"  itemscope=\"itemscope\" itemtype=\"https:\/\/schema.org\/BlogPosting\" itemprop=\"blogPost\" ><div class='avia_textblock  '   itemprop=\"text\" ><p style=\"text-align: center;\"><strong><span style=\"font-size: 18pt;\">Gobernanza de Escaz\u00fa inicia su conformaci\u00f3n en Chile: La regi\u00f3n de Ays\u00e9n contar\u00e1 con un Comit\u00e9 Estrat\u00e9gico Regional por Escaz\u00fa<\/span><\/strong><\/p>\n<div id=\"gtx-trans\" style=\"position: absolute; left: -50px; top: 4.31534px;\">\n<div class=\"gtx-trans-icon\"><\/div>\n<\/div>\n<\/div><\/section><\/div><div class=\"flex_column av_one_full  flex_column_div av-zero-column-padding first  avia-builder-el-4  el_after_av_one_full  el_before_av_hr  column-top-margin\" style='border-radius:0px; '><section class=\"av_textblock_section \"  itemscope=\"itemscope\" itemtype=\"https:\/\/schema.org\/BlogPosting\" itemprop=\"blogPost\" ><div class='avia_textblock  '   itemprop=\"text\" ><p style=\"text-align: justify;\">Una invitaci\u00f3n a participar del Encuentro Ciudadano para promover la creaci\u00f3n del Comit\u00e9 Estrat\u00e9gico Regional por Escaz\u00fa, extendi\u00f3 el Seremi del Medio Ambiente de la regi\u00f3n de Ays\u00e9n, Yoal D\u00edaz, evento que se realizar\u00e1 este lunes 18 de agosto, a las 16.00 horas en el Auditorio de la Biblioteca Regional de Ays\u00e9n, ubicada en calle Lord Cochrane N\u00b0\u202f233, Coyhaique.<\/p>\n<p style=\"text-align: justify;\">\u201cLos Comit\u00e9s Regionales por Escaz\u00fa son instancias de participaci\u00f3n ciudadana que nos permitir\u00e1n darle gobernanza a este Acuerdo Ambiental en nuestra regi\u00f3n, y hacerle seguimiento a las 271 medidas y compromisos que, a nivel nacional, se han impuesto un total de 29 instituciones p\u00fablicas hasta el a\u00f1o2030, para fortalecer el acceso a la informaci\u00f3n, la participaci\u00f3n p\u00fablica, la justicia ambiental y la protecci\u00f3n de personas defensoras de derechos humanos en temas ambientales, por tanto, para nuestra regi\u00f3n este primer paso, es tremendamente importante\u201d, expres\u00f3 la autoridad.<\/p>\n<p style=\"text-align: justify;\">Ays\u00e9n es una de las 5 regiones que se decidieron a crear un Comit\u00e9 Estrat\u00e9gico Regional para la gobernanza de Escaz\u00fa, con participaci\u00f3n ampliada de la ciudadan\u00eda, mientras que en otras regiones esta labor ser\u00e1 asumida por los Consejos Consultivos del Medio Ambiente.<\/p>\n<p style=\"text-align: justify;\">Por su parte el Seremi de Justicia y Derechos Humanos, Samuel Navarro relev\u00f3 que el trabajo que el Gobierno est\u00e1 haciendo en materia de cuidado ambiental y protecci\u00f3n a los defensores ambientales, en cuanto a defensores de los derechos humanos debe enfocarse en la participaci\u00f3n ciudadana \u201cparticularmente en este encuentro que se va a llevar a cabo el pr\u00f3ximo 18, para los efectos de trabajar conjuntamente con la ciudadan\u00eda civil organizada todos los aspectos que tiene que ver con la protecci\u00f3n, no solamente del medio ambiente, sino en particular con los acuerdos de Escaz\u00fa en relaci\u00f3n con el cuidado, protecci\u00f3n y defensa de aquellos activistas ambientales, defensores de los derechos humanos en este importante aspecto para poder concretar su misi\u00f3n que dice relaci\u00f3n con las alertas, denuncias y movilizaci\u00f3n que pueda ser pertinente para la defensa de aquellos activos ambientales, para las defensa de las comunidades, para la defensa de la preservaci\u00f3n del medioambiente y en ese sentido ese trabajo conjunto, institucionalidad p\u00fablica con la comunidad organizada nos permite avanzar en las medidas de protecci\u00f3n de cuidado y de respeto que merece esta materia\u201d.<\/p>\n<p style=\"text-align: justify;\">La jornada del 18, contar\u00e1 con la exposici\u00f3n del\u00a0coordinador nacional del Plan Nacional de Implementaci\u00f3n del Acuerdo de Escaz\u00fa en el Ministerio del Medio Ambiente, Gabriel Mendoza, quien abordar\u00e1 los avances en la implementaci\u00f3n del Acuerdo, los principales lineamientos de la gobernanza, su base normativa y las etapas del proceso de conformaci\u00f3n del Consejo Nacional de Escaz\u00fa y los Comit\u00e9s Regionales por Escaz\u00fa.<\/p>\n<p style=\"text-align: justify;\">Este proceso marca un hito en la construcci\u00f3n de una\u00a0gobernanza ambiental democr\u00e1tico, transparente, inclusiva y con pertinencia territorial, y constituye un llamado a todos los sectores \u2014p\u00fablico, privado, acad\u00e9mico, sociedad civil y ciudadan\u00eda organizada\u2014 a participar activamente en la implementaci\u00f3n de este acuerdo internacional.<\/p>\n<p style=\"text-align: justify;\">Finalmente, las autoridades reiteraron la invitaci\u00f3n a la ciudadan\u00eda a participar de la jornada abierta a todo p\u00fablico, y a encontrar m\u00e1s informaci\u00f3n en \u00a0<a href=\"https:\/\/escazu.mma.gob.cl\/\">https:\/\/escazu.mma.gob.cl<\/a><\/p>\n<\/div><\/section><\/div><div  style='height:50px' class='hr hr-invisible   avia-builder-el-6  el_after_av_one_full  el_before_av_social_share '><span class='hr-inner ' ><span class='hr-inner-style'><\/span><\/span><\/div><\/p>\n<div  class='av-social-sharing-box  avia-builder-el-7  el_after_av_hr  el_before_av_hr  '><div class='av-share-box'><h5 class='av-share-link-description av-no-toc '>Compartir esta noticia<\/h5><ul class='av-share-box-list noLightbox'><li class='av-share-link av-social-link-facebook' ><a target=\"_blank\" aria-label=\"Compartir en Facebook\" href='https:\/\/www.facebook.com\/sharer.php?u=https:\/\/radiorevelacionfm.cl\/?p=57647&#038;t=Gobernanza%20de%20Escaz%C3%BA%20inicia%20su%20conformaci%C3%B3n%20en%20Chile%3A%20La%20regi%C3%B3n%20de%20Ays%C3%A9n%20contar%C3%A1%20con%20un%20Comit%C3%A9%20Estrat%C3%A9gico%20Regional%20por%20Escaz%C3%BA' aria-hidden='false' data-av_icon='\ue8f3' data-av_iconfont='entypo-fontello' title='' data-avia-related-tooltip='Compartir en Facebook' rel=\"noopener\"><span class='avia_hidden_link_text'>Compartir en Facebook<\/span><\/a><\/li><li class='av-share-link av-social-link-twitter' ><a target=\"_blank\" aria-label=\"Compartir en Twitter\" href='https:\/\/twitter.com\/share?text=Gobernanza%20de%20Escaz%C3%BA%20inicia%20su%20conformaci%C3%B3n%20en%20Chile%3A%20La%20regi%C3%B3n%20de%20Ays%C3%A9n%20contar%C3%A1%20con%20un%20Comit%C3%A9%20Estrat%C3%A9gico%20Regional%20por%20Escaz%C3%BA&#038;url=https:\/\/radiorevelacionfm.cl\/?p=57647' aria-hidden='false' data-av_icon='\ue8f1' data-av_iconfont='entypo-fontello' title='' data-avia-related-tooltip='Compartir en Twitter' rel=\"noopener\"><span class='avia_hidden_link_text'>Compartir en Twitter<\/span><\/a><\/li><li class='av-share-link av-social-link-whatsapp' ><a target=\"_blank\" aria-label=\"Compartir en Whatsapp\" href='https:\/\/api.whatsapp.com\/send?text=https:\/\/radiorevelacionfm.cl\/?p=57647' aria-hidden='false' data-av_icon='\uf232' data-av_iconfont='entypo-fontello' title='' data-avia-related-tooltip='Compartir en Whatsapp' rel=\"noopener\"><span class='avia_hidden_link_text'>Compartir en Whatsapp<\/span><\/a><\/li><li class='av-share-link av-social-link-linkedin' ><a target=\"_blank\" aria-label=\"Compartir en LinkedIn\" href='https:\/\/linkedin.com\/shareArticle?mini=true&#038;title=Gobernanza%20de%20Escaz%C3%BA%20inicia%20su%20conformaci%C3%B3n%20en%20Chile%3A%20La%20regi%C3%B3n%20de%20Ays%C3%A9n%20contar%C3%A1%20con%20un%20Comit%C3%A9%20Estrat%C3%A9gico%20Regional%20por%20Escaz%C3%BA&#038;url=https:\/\/radiorevelacionfm.cl\/?p=57647' aria-hidden='false' data-av_icon='\ue8fc' data-av_iconfont='entypo-fontello' title='' data-avia-related-tooltip='Compartir en LinkedIn' rel=\"noopener\"><span class='avia_hidden_link_text'>Compartir en LinkedIn<\/span><\/a><\/li><li class='av-share-link av-social-link-mail' ><a  aria-label=\"Compartir por correo\" href='mailto:?subject=Gobernanza%20de%20Escaz%C3%BA%20inicia%20su%20conformaci%C3%B3n%20en%20Chile%3A%20La%20regi%C3%B3n%20de%20Ays%C3%A9n%20contar%C3%A1%20con%20un%20Comit%C3%A9%20Estrat%C3%A9gico%20Regional%20por%20Escaz%C3%BA&#038;body=https:\/\/radiorevelacionfm.cl\/?p=57647' aria-hidden='false' data-av_icon='\ue805' data-av_iconfont='entypo-fontello' title='' data-avia-related-tooltip='Compartir por correo'><span class='avia_hidden_link_text'>Compartir por correo<\/span><\/a><\/li><\/ul><\/div><\/div>\n<div  style='height:50px' class='hr hr-invisible   avia-builder-el-8  el_after_av_social_share  el_before_av_comments_list '><span class='hr-inner ' ><span class='hr-inner-style'><\/span><\/span><\/div>\n<div  class='av-buildercomment  av-blog-meta-html-info-disabled av-blog-meta-tag-disabled  '><\/div>\n","protected":false},"excerpt":{"rendered":"","protected":false},"author":1,"featured_media":57648,"comment_status":"closed","ping_status":"closed","sticky":false,"template":"","format":"standard","meta":{"footnotes":""},"categories":[39],"tags":[],"class_list":["post-57647","post","type-post","status-publish","format-standard","has-post-thumbnail","hentry","category-medio-ambiente"],"jetpack_featured_media_url":"https:\/\/radiorevelacionfm.cl\/wp-content\/uploads\/2025\/08\/escazu_1-2_optimized-1-1.jpg","_links":{"self":[{"href":"https:\/\/radiorevelacionfm.cl\/index.php?rest_route=\/wp\/v2\/posts\/57647","targetHints":{"allow":["GET"]}}],"collection":[{"href":"https:\/\/radiorevelacionfm.cl\/index.php?rest_route=\/wp\/v2\/posts"}],"about":[{"href":"https:\/\/radiorevelacionfm.cl\/index.php?rest_route=\/wp\/v2\/types\/post"}],"author":[{"embeddable":true,"href":"https:\/\/radiorevelacionfm.cl\/index.php?rest_route=\/wp\/v2\/users\/1"}],"replies":[{"embeddable":true,"href":"https:\/\/radiorevelacionfm.cl\/index.php?rest_route=%2Fwp%2Fv2%2Fcomments&post=57647"}],"version-history":[{"count":2,"href":"https:\/\/radiorevelacionfm.cl\/index.php?rest_route=\/wp\/v2\/posts\/57647\/revisions"}],"predecessor-version":[{"id":57650,"href":"https:\/\/radiorevelacionfm.cl\/index.php?rest_route=\/wp\/v2\/posts\/57647\/revisions\/57650"}],"wp:featuredmedia":[{"embeddable":true,"href":"https:\/\/radiorevelacionfm.cl\/index.php?rest_route=\/wp\/v2\/media\/57648"}],"wp:attachment":[{"href":"https:\/\/radiorevelacionfm.cl\/index.php?rest_route=%2Fwp%2Fv2%2Fmedia&parent=57647"}],"wp:term":[{"taxonomy":"category","embeddable":true,"href":"https:\/\/radiorevelacionfm.cl\/index.php?rest_route=%2Fwp%2Fv2%2Fcategories&post=57647"},{"taxonomy":"post_tag","embeddable":true,"href":"https:\/\/radiorevelacionfm.cl\/index.php?rest_route=%2Fwp%2Fv2%2Ftags&post=57647"}],"curies":[{"name":"wp","href":"https:\/\/api.w.org\/{rel}","templated":true}]}}