{"id":57643,"date":"2025-08-11T21:45:46","date_gmt":"2025-08-12T00:45:46","guid":{"rendered":"https:\/\/radiorevelacionfm.cl\/?p=57643"},"modified":"2025-08-11T21:45:46","modified_gmt":"2025-08-12T00:45:46","slug":"condenan-a-dos-imputados-por-robo-con-violencia-ocurrido-en-septiembre-del-ano-pasado-en-coyhaique","status":"publish","type":"post","link":"https:\/\/radiorevelacionfm.cl\/?p=57643","title":{"rendered":"Condenan a dos imputados por robo con violencia ocurrido en septiembre del a\u00f1o pasado en Coyhaique"},"content":{"rendered":"<div class=\"flex_column av_one_full  flex_column_div av-zero-column-padding first  avia-builder-el-0  el_before_av_one_full  avia-builder-el-first  \" style='border-radius:0px; '><div  class='avia-image-container  av-styling-    avia-builder-el-1  avia-builder-el-no-sibling  avia-align-center '  itemprop=\"image\" itemscope=\"itemscope\" itemtype=\"https:\/\/schema.org\/ImageObject\"  ><div class='avia-image-container-inner'><div class='avia-image-overlay-wrap'><img decoding=\"async\" class='wp-image-57644 avia-img-lazy-loading-not-57644 avia_image' src=\"https:\/\/radiorevelacionfm.cl\/wp-content\/uploads\/2025\/08\/Matias_Manzano-1-1.jpg\" alt='' title='Matias_Manzano (1) (1)' height=\"600\" width=\"1014\"  itemprop=\"thumbnailUrl\" srcset=\"https:\/\/radiorevelacionfm.cl\/wp-content\/uploads\/2025\/08\/Matias_Manzano-1-1.jpg 1014w, https:\/\/radiorevelacionfm.cl\/wp-content\/uploads\/2025\/08\/Matias_Manzano-1-1-300x178.jpg 300w, https:\/\/radiorevelacionfm.cl\/wp-content\/uploads\/2025\/08\/Matias_Manzano-1-1-768x454.jpg 768w, https:\/\/radiorevelacionfm.cl\/wp-content\/uploads\/2025\/08\/Matias_Manzano-1-1-705x417.jpg 705w, https:\/\/radiorevelacionfm.cl\/wp-content\/uploads\/2025\/08\/Matias_Manzano-1-1-450x266.jpg 450w, https:\/\/radiorevelacionfm.cl\/wp-content\/uploads\/2025\/08\/Matias_Manzano-1-1-600x355.jpg 600w\" sizes=\"(max-width: 1014px) 100vw, 1014px\" \/><\/div><\/div><\/div><\/div><div class=\"flex_column av_one_full  flex_column_div av-zero-column-padding first  avia-builder-el-2  el_after_av_one_full  el_before_av_one_full  column-top-margin\" style='border-radius:0px; '><section class=\"av_textblock_section \"  itemscope=\"itemscope\" itemtype=\"https:\/\/schema.org\/BlogPosting\" itemprop=\"blogPost\" ><div class='avia_textblock  '   itemprop=\"text\" ><p style=\"text-align: center;\"><span style=\"font-size: 18pt;\"><b>Condenan a dos imputados por robo con violencia ocurrido en septiembre del a\u00f1o pasado en Coyhaique<\/b><\/span><\/p>\n<div id=\"gtx-trans\" style=\"position: absolute; left: -50px; top: 4.31534px;\">\n<div class=\"gtx-trans-icon\"><\/div>\n<\/div>\n<\/div><\/section><\/div><div class=\"flex_column av_one_full  flex_column_div av-zero-column-padding first  avia-builder-el-4  el_after_av_one_full  el_before_av_hr  column-top-margin\" style='border-radius:0px; '><section class=\"av_textblock_section \"  itemscope=\"itemscope\" itemtype=\"https:\/\/schema.org\/BlogPosting\" itemprop=\"blogPost\" ><div class='avia_textblock  '   itemprop=\"text\" ><p style=\"font-weight: 400; text-align: justify;\">Un tercero que intent\u00f3 defender a la v\u00edctima, fue agredido por los imputados con golpes, empujones y una piedra, resultando con un traumatismo en la cabeza.<\/p>\n<p style=\"font-weight: 400; text-align: justify;\">Tras una investigaci\u00f3n conjunta de la Fiscal\u00eda Local de Coyhaique y Carabineros de la SIP y personal de la Primera Comisar\u00eda, el Tribunal de Juicio Oral en Lo Penal resolvi\u00f3 condenar a dos imputados de 28 y 44 a\u00f1os, a la pena de 7 a\u00f1os de presidio mayor en su grado m\u00ednimo, por el delito de robo con violencia cometido el d\u00eda 30 de septiembre de 2024 en Coyhaique.<\/p>\n<p style=\"font-weight: 400; text-align: justify;\">Al no reunir los requisitos para una pena sustitutiva, los imputados deber\u00e1n cumplir la sentencia de forma efectiva, seg\u00fan determin\u00f3 el Tribunal de Juicio Oral en Lo Penal, el cual emiti\u00f3 este veredicto condenatorio por dos votos contra uno.<\/p>\n<p style=\"font-weight: 400; text-align: justify;\">AGRESI\u00d3N<\/p>\n<p style=\"font-weight: 400; text-align: justify;\">De acuerdo a la acusaci\u00f3n de la Fiscal\u00eda, el 30 de septiembre del a\u00f1o 2024, a las 21:50 horas aproximadamente, los imputados -dos de los cuales ya fueron condenados en un Procedimiento Abreviado ante el Juzgado de Garant\u00eda de Coyhaique- se encontraban en el paradero de la locomoci\u00f3n colectiva ubicado entre Avenida Simpson al llegar a calle Arturo Prat de Coyhaique. Uno de estos sujetos era menor de edad al momento de los hechos.<\/p>\n<p style=\"font-weight: 400; text-align: justify;\">En dicha ocasi\u00f3n, llamaron a la v\u00edctima de 62 a\u00f1os quien transitaba por el lugar, pidi\u00e9ndole dinero, accediendo a pasarles diez mil pesos. Luego, uno de los imputados va a comprar una caja de vino, tras lo cual la v\u00edctima les solicita el vuelto, inici\u00e1ndose una discusi\u00f3n, para posteriormente uno de estos sujetos golpear en la cabeza a la v\u00edctima quien cae al suelo, procediendo los involucrados a propinarle golpes de pies y pu\u00f1os.<\/p>\n<p style=\"font-weight: 400; text-align: justify;\">La v\u00edctima -quien result\u00f3 con desviaci\u00f3n del tabique nasal y otras lesiones- perdi\u00f3 el conocimiento, procediendo uno de los imputados a revisar sus vestimentas, sustray\u00e9ndole un tel\u00e9fono celular y diez mil pesos.<\/p>\n<p style=\"font-weight: 400; text-align: justify;\">En el marco de este hecho, intervino un tercero para defender a la v\u00edctima, el cual fue agredido por los imputados con golpes, empujones y una piedra, resultando con un traumatismo en la cabeza.<\/p>\n<p style=\"font-weight: 400; text-align: justify;\">En esta investigaci\u00f3n, adem\u00e1s de las diligencias efectuadas por Carabineros, tambi\u00e9n se solicitaron peritajes al Servicio M\u00e9dico Legal, cuyos resultados fueron expuestos en el juicio oral por un profesional especializado.<\/p>\n<p style=\"font-weight: 400; text-align: justify;\">La direcci\u00f3n de la investigaci\u00f3n de este caso y posterior juicio oral, estuvo a cargo del Fiscal Adjunto (s), Mat\u00edas Manzano Aguayo.<\/p>\n<\/div><\/section><\/div><div  style='height:50px' class='hr hr-invisible   avia-builder-el-6  el_after_av_one_full  el_before_av_social_share '><span class='hr-inner ' ><span class='hr-inner-style'><\/span><\/span><\/div><\/p>\n<div  class='av-social-sharing-box  avia-builder-el-7  el_after_av_hr  el_before_av_hr  '><div class='av-share-box'><h5 class='av-share-link-description av-no-toc '>Compartir esta noticia<\/h5><ul class='av-share-box-list noLightbox'><li class='av-share-link av-social-link-facebook' ><a target=\"_blank\" aria-label=\"Compartir en Facebook\" href='https:\/\/www.facebook.com\/sharer.php?u=https:\/\/radiorevelacionfm.cl\/?p=57643&#038;t=Condenan%20a%20dos%20imputados%20por%20robo%20con%20violencia%20ocurrido%20en%20septiembre%20del%20a%C3%B1o%20pasado%20en%20Coyhaique' aria-hidden='false' data-av_icon='\ue8f3' data-av_iconfont='entypo-fontello' title='' data-avia-related-tooltip='Compartir en Facebook' rel=\"noopener\"><span class='avia_hidden_link_text'>Compartir en Facebook<\/span><\/a><\/li><li class='av-share-link av-social-link-twitter' ><a target=\"_blank\" aria-label=\"Compartir en Twitter\" href='https:\/\/twitter.com\/share?text=Condenan%20a%20dos%20imputados%20por%20robo%20con%20violencia%20ocurrido%20en%20septiembre%20del%20a%C3%B1o%20pasado%20en%20Coyhaique&#038;url=https:\/\/radiorevelacionfm.cl\/?p=57643' aria-hidden='false' data-av_icon='\ue8f1' data-av_iconfont='entypo-fontello' title='' data-avia-related-tooltip='Compartir en Twitter' rel=\"noopener\"><span class='avia_hidden_link_text'>Compartir en Twitter<\/span><\/a><\/li><li class='av-share-link av-social-link-whatsapp' ><a target=\"_blank\" aria-label=\"Compartir en Whatsapp\" href='https:\/\/api.whatsapp.com\/send?text=https:\/\/radiorevelacionfm.cl\/?p=57643' aria-hidden='false' data-av_icon='\uf232' data-av_iconfont='entypo-fontello' title='' data-avia-related-tooltip='Compartir en Whatsapp' rel=\"noopener\"><span class='avia_hidden_link_text'>Compartir en Whatsapp<\/span><\/a><\/li><li class='av-share-link av-social-link-linkedin' ><a target=\"_blank\" aria-label=\"Compartir en LinkedIn\" href='https:\/\/linkedin.com\/shareArticle?mini=true&#038;title=Condenan%20a%20dos%20imputados%20por%20robo%20con%20violencia%20ocurrido%20en%20septiembre%20del%20a%C3%B1o%20pasado%20en%20Coyhaique&#038;url=https:\/\/radiorevelacionfm.cl\/?p=57643' aria-hidden='false' data-av_icon='\ue8fc' data-av_iconfont='entypo-fontello' title='' data-avia-related-tooltip='Compartir en LinkedIn' rel=\"noopener\"><span class='avia_hidden_link_text'>Compartir en LinkedIn<\/span><\/a><\/li><li class='av-share-link av-social-link-mail' ><a  aria-label=\"Compartir por correo\" href='mailto:?subject=Condenan%20a%20dos%20imputados%20por%20robo%20con%20violencia%20ocurrido%20en%20septiembre%20del%20a%C3%B1o%20pasado%20en%20Coyhaique&#038;body=https:\/\/radiorevelacionfm.cl\/?p=57643' aria-hidden='false' data-av_icon='\ue805' data-av_iconfont='entypo-fontello' title='' data-avia-related-tooltip='Compartir por correo'><span class='avia_hidden_link_text'>Compartir por correo<\/span><\/a><\/li><\/ul><\/div><\/div>\n<div  style='height:50px' class='hr hr-invisible   avia-builder-el-8  el_after_av_social_share  el_before_av_comments_list '><span class='hr-inner ' ><span class='hr-inner-style'><\/span><\/span><\/div>\n<div  class='av-buildercomment  av-blog-meta-html-info-disabled av-blog-meta-tag-disabled  '><\/div>\n","protected":false},"excerpt":{"rendered":"","protected":false},"author":1,"featured_media":57644,"comment_status":"closed","ping_status":"closed","sticky":false,"template":"","format":"standard","meta":{"footnotes":""},"categories":[55],"tags":[],"class_list":["post-57643","post","type-post","status-publish","format-standard","has-post-thumbnail","hentry","category-justicia"],"jetpack_featured_media_url":"https:\/\/radiorevelacionfm.cl\/wp-content\/uploads\/2025\/08\/Matias_Manzano-1-1.jpg","_links":{"self":[{"href":"https:\/\/radiorevelacionfm.cl\/index.php?rest_route=\/wp\/v2\/posts\/57643","targetHints":{"allow":["GET"]}}],"collection":[{"href":"https:\/\/radiorevelacionfm.cl\/index.php?rest_route=\/wp\/v2\/posts"}],"about":[{"href":"https:\/\/radiorevelacionfm.cl\/index.php?rest_route=\/wp\/v2\/types\/post"}],"author":[{"embeddable":true,"href":"https:\/\/radiorevelacionfm.cl\/index.php?rest_route=\/wp\/v2\/users\/1"}],"replies":[{"embeddable":true,"href":"https:\/\/radiorevelacionfm.cl\/index.php?rest_route=%2Fwp%2Fv2%2Fcomments&post=57643"}],"version-history":[{"count":2,"href":"https:\/\/radiorevelacionfm.cl\/index.php?rest_route=\/wp\/v2\/posts\/57643\/revisions"}],"predecessor-version":[{"id":57646,"href":"https:\/\/radiorevelacionfm.cl\/index.php?rest_route=\/wp\/v2\/posts\/57643\/revisions\/57646"}],"wp:featuredmedia":[{"embeddable":true,"href":"https:\/\/radiorevelacionfm.cl\/index.php?rest_route=\/wp\/v2\/media\/57644"}],"wp:attachment":[{"href":"https:\/\/radiorevelacionfm.cl\/index.php?rest_route=%2Fwp%2Fv2%2Fmedia&parent=57643"}],"wp:term":[{"taxonomy":"category","embeddable":true,"href":"https:\/\/radiorevelacionfm.cl\/index.php?rest_route=%2Fwp%2Fv2%2Fcategories&post=57643"},{"taxonomy":"post_tag","embeddable":true,"href":"https:\/\/radiorevelacionfm.cl\/index.php?rest_route=%2Fwp%2Fv2%2Ftags&post=57643"}],"curies":[{"name":"wp","href":"https:\/\/api.w.org\/{rel}","templated":true}]}}