{"id":57638,"date":"2025-08-11T21:33:23","date_gmt":"2025-08-12T00:33:23","guid":{"rendered":"https:\/\/radiorevelacionfm.cl\/?p=57638"},"modified":"2025-08-11T21:34:21","modified_gmt":"2025-08-12T00:34:21","slug":"inacap-coyhaique-celebra-el-mes-tp-con-jornada-formativa-en-puerto-aysen","status":"publish","type":"post","link":"https:\/\/radiorevelacionfm.cl\/?p=57638","title":{"rendered":"Inacap Coyhaique celebra el Mes T\u00e9cnico Profesional con jornada formativa en Puerto Ays\u00e9n"},"content":{"rendered":"<div class=\"flex_column av_one_full  flex_column_div av-zero-column-padding first  avia-builder-el-0  el_before_av_one_full  avia-builder-el-first  \" style='border-radius:0px; '><div  class='avia-image-container  av-styling-    avia-builder-el-1  avia-builder-el-no-sibling  avia-align-center '  itemprop=\"image\" itemscope=\"itemscope\" itemtype=\"https:\/\/schema.org\/ImageObject\"  ><div class='avia-image-container-inner'><div class='avia-image-overlay-wrap'><img decoding=\"async\" class='wp-image-57639 avia-img-lazy-loading-not-57639 avia_image' src=\"https:\/\/radiorevelacionfm.cl\/wp-content\/uploads\/2025\/08\/actividad-2-2-1_optimized-1.jpg\" alt='' title='actividad-2-(2)-(1)_optimized (1)' height=\"600\" width=\"800\"  itemprop=\"thumbnailUrl\" srcset=\"https:\/\/radiorevelacionfm.cl\/wp-content\/uploads\/2025\/08\/actividad-2-2-1_optimized-1.jpg 800w, https:\/\/radiorevelacionfm.cl\/wp-content\/uploads\/2025\/08\/actividad-2-2-1_optimized-1-300x225.jpg 300w, https:\/\/radiorevelacionfm.cl\/wp-content\/uploads\/2025\/08\/actividad-2-2-1_optimized-1-768x576.jpg 768w, https:\/\/radiorevelacionfm.cl\/wp-content\/uploads\/2025\/08\/actividad-2-2-1_optimized-1-705x529.jpg 705w, https:\/\/radiorevelacionfm.cl\/wp-content\/uploads\/2025\/08\/actividad-2-2-1_optimized-1-450x338.jpg 450w, https:\/\/radiorevelacionfm.cl\/wp-content\/uploads\/2025\/08\/actividad-2-2-1_optimized-1-600x450.jpg 600w\" sizes=\"(max-width: 800px) 100vw, 800px\" \/><\/div><\/div><\/div><\/div>\n<div class=\"flex_column av_one_full  flex_column_div av-zero-column-padding first  avia-builder-el-2  el_after_av_one_full  el_before_av_one_full  column-top-margin\" style='border-radius:0px; '><section class=\"av_textblock_section \"  itemscope=\"itemscope\" itemtype=\"https:\/\/schema.org\/BlogPosting\" itemprop=\"blogPost\" ><div class='avia_textblock  '   itemprop=\"text\" ><p style=\"text-align: center;\"><strong><span style=\"font-size: 18pt;\">Inacap Coyhaique celebra el Mes T\u00e9cnico Profesional con jornada formativa en Puerto Ays\u00e9n<\/span><\/strong><\/p>\n<div id=\"gtx-trans\" style=\"position: absolute; left: -50px; top: 4.31534px;\">\n<div class=\"gtx-trans-icon\"><\/div>\n<\/div>\n<\/div><\/section><\/div><div class=\"flex_column av_one_full  flex_column_div av-zero-column-padding first  avia-builder-el-4  el_after_av_one_full  el_before_av_hr  column-top-margin\" style='border-radius:0px; '><section class=\"av_textblock_section \"  itemscope=\"itemscope\" itemtype=\"https:\/\/schema.org\/BlogPosting\" itemprop=\"blogPost\" ><div class='avia_textblock  '   itemprop=\"text\" ><p style=\"text-align: justify;\">Como parte de las actividades del Mes de la Educaci\u00f3n T\u00e9cnico Profesional, INACAP Sede Coyhaique se traslad\u00f3 por un d\u00eda a Puerto Ays\u00e9n para compartir una enriquecedora jornada de aprendizaje con estudiantes del Liceo Polit\u00e9cnico de la comuna.<\/p>\n<p style=\"text-align: justify;\">La actividad se desarroll\u00f3 en las dependencias del establecimiento, donde estudiantes de 4\u00b0 medio de la especialidad T\u00e9cnico de Nivel Medio en Enfermer\u00eda participaron en un\u00a0<strong>taller pr\u00e1ctico de vendajes<\/strong>\u00a0liderado por Natalia Nitor, encargada de Laboratorio y Simulaci\u00f3n de la sede.<\/p>\n<p style=\"text-align: justify;\">Durante el taller, los j\u00f3venes aprendieron t\u00e9cnicas fundamentales para el cuidado de pacientes, en un ambiente participativo, din\u00e1mico y cercano, que permiti\u00f3 fortalecer sus habilidades pr\u00e1cticas y vincularse con el mundo de la educaci\u00f3n superior t\u00e9cnico-profesional.<\/p>\n<p style=\"text-align: justify;\">\u00a0Esta iniciativa se enmarca en las acciones del \u00e1rea de Admisi\u00f3n de INACAP Sede Coyhaique, que buscan acercar la formaci\u00f3n t\u00e9cnica a los futuros talentos de la regi\u00f3n, promoviendo el desarrollo de competencias y vocaciones en el \u00e1mbito de la salud.<\/p>\n<p style=\"text-align: justify;\">\u201cPrincipalmente agradecimientos con INACAP, debido a que las trayectorias educativas de nuestros estudiantes es un objetivo fundamental que tenemos planteado durante este a\u00f1o, por lo tanto contar con este tipo de herramientas y que nos visiten profesionales del \u00e1rea lo que genera una gran oportunidad de aprendizaje para nuestros estudiantes es absolutamente importante y necesario para un desarrollo adecuado a su proceso acad\u00e9mico\u201d, destac\u00f3 Yoselin Viveros\u00a0, directora del Liceo Polit\u00e9cnico de Puerto Ays\u00e9n.<\/p>\n<p style=\"text-align: justify;\">\u00abSer T\u00e9cnico Profesional es tener en las manos la capacidad de transformar realidades. En INACAP Sede Coyhaique, lo sabemos y lo celebramos este Mes de la Educaci\u00f3n TP, acercando el aprendizaje a cada rinc\u00f3n de nuestra regi\u00f3n. El pasado viernes, en el Liceo Polit\u00e9cnico de Puerto Ays\u00e9n, los y las estudiantes de T\u00e9cnico en Enfermer\u00eda vivieron una experiencia \u00fanica: un taller pr\u00e1ctico de vendajes, guiado por nuestra Natalia Nitor, TENS y encargada del laboratorio de nuestra sede, m\u00e1s que una clase, fue una oportunidad para descubrir el valor de una formaci\u00f3n que prepara para actuar, para responder y para aportar desde el primer d\u00eda en el mundo laboral. Porque estudiar una carrera T\u00e9cnico Profesional es abrir puertas, construir futuro y convertirse en parte fundamental del desarrollo de nuestra regi\u00f3n y de nuestro pa\u00eds.<\/p>\n<p style=\"text-align: justify;\">En este Mes TP, celebramos a quienes ya son parte y a quienes sue\u00f1an con ser los t\u00e9cnicos que mueven Chile. \u201cse\u00f1al\u00f3\u00a0Constanza Sepulveda, directora de Admisi\u00f3n, Estudiantes y Comunicaciones de INACAP Sede Coyhaique.<\/p>\n<p style=\"text-align: justify;\">Esta jornada es reflejo del compromiso permanente de INACAP con la ense\u00f1anza t\u00e9cnico-profesional en Chile, promoviendo espacios de formaci\u00f3n, vinculaci\u00f3n y desarrollo que impactan positivamente en las comunidades locales y en el futuro de miles de estudiantes a lo largo del pa\u00eds.<\/p>\n<\/div><\/section><\/div><\/p>\n<div  style='height:50px' class='hr hr-invisible   avia-builder-el-6  el_after_av_one_full  el_before_av_social_share '><span class='hr-inner ' ><span class='hr-inner-style'><\/span><\/span><\/div>\n<div  class='av-social-sharing-box  avia-builder-el-7  el_after_av_hr  el_before_av_hr  '><div class='av-share-box'><h5 class='av-share-link-description av-no-toc '>Compartir esta noticia<\/h5><ul class='av-share-box-list noLightbox'><li class='av-share-link av-social-link-facebook' ><a target=\"_blank\" aria-label=\"Compartir en Facebook\" href='https:\/\/www.facebook.com\/sharer.php?u=https:\/\/radiorevelacionfm.cl\/?p=57638&#038;t=Inacap%20Coyhaique%20celebra%20el%20Mes%20T%C3%A9cnico%20Profesional%20con%20jornada%20formativa%20en%20Puerto%20Ays%C3%A9n' aria-hidden='false' data-av_icon='\ue8f3' data-av_iconfont='entypo-fontello' title='' data-avia-related-tooltip='Compartir en Facebook' rel=\"noopener\"><span class='avia_hidden_link_text'>Compartir en Facebook<\/span><\/a><\/li><li class='av-share-link av-social-link-twitter' ><a target=\"_blank\" aria-label=\"Compartir en Twitter\" href='https:\/\/twitter.com\/share?text=Inacap%20Coyhaique%20celebra%20el%20Mes%20T%C3%A9cnico%20Profesional%20con%20jornada%20formativa%20en%20Puerto%20Ays%C3%A9n&#038;url=https:\/\/radiorevelacionfm.cl\/?p=57638' aria-hidden='false' data-av_icon='\ue8f1' data-av_iconfont='entypo-fontello' title='' data-avia-related-tooltip='Compartir en Twitter' rel=\"noopener\"><span class='avia_hidden_link_text'>Compartir en Twitter<\/span><\/a><\/li><li class='av-share-link av-social-link-whatsapp' ><a target=\"_blank\" aria-label=\"Compartir en Whatsapp\" href='https:\/\/api.whatsapp.com\/send?text=https:\/\/radiorevelacionfm.cl\/?p=57638' aria-hidden='false' data-av_icon='\uf232' data-av_iconfont='entypo-fontello' title='' data-avia-related-tooltip='Compartir en Whatsapp' rel=\"noopener\"><span class='avia_hidden_link_text'>Compartir en Whatsapp<\/span><\/a><\/li><li class='av-share-link av-social-link-linkedin' ><a target=\"_blank\" aria-label=\"Compartir en LinkedIn\" href='https:\/\/linkedin.com\/shareArticle?mini=true&#038;title=Inacap%20Coyhaique%20celebra%20el%20Mes%20T%C3%A9cnico%20Profesional%20con%20jornada%20formativa%20en%20Puerto%20Ays%C3%A9n&#038;url=https:\/\/radiorevelacionfm.cl\/?p=57638' aria-hidden='false' data-av_icon='\ue8fc' data-av_iconfont='entypo-fontello' title='' data-avia-related-tooltip='Compartir en LinkedIn' rel=\"noopener\"><span class='avia_hidden_link_text'>Compartir en LinkedIn<\/span><\/a><\/li><li class='av-share-link av-social-link-mail' ><a  aria-label=\"Compartir por correo\" href='mailto:?subject=Inacap%20Coyhaique%20celebra%20el%20Mes%20T%C3%A9cnico%20Profesional%20con%20jornada%20formativa%20en%20Puerto%20Ays%C3%A9n&#038;body=https:\/\/radiorevelacionfm.cl\/?p=57638' aria-hidden='false' data-av_icon='\ue805' data-av_iconfont='entypo-fontello' title='' data-avia-related-tooltip='Compartir por correo'><span class='avia_hidden_link_text'>Compartir por correo<\/span><\/a><\/li><\/ul><\/div><\/div>\n<div  style='height:50px' class='hr hr-invisible   avia-builder-el-8  el_after_av_social_share  el_before_av_comments_list '><span class='hr-inner ' ><span class='hr-inner-style'><\/span><\/span><\/div>\n<div  class='av-buildercomment  av-blog-meta-html-info-disabled av-blog-meta-tag-disabled  '><\/div>\n","protected":false},"excerpt":{"rendered":"","protected":false},"author":1,"featured_media":57639,"comment_status":"closed","ping_status":"closed","sticky":false,"template":"","format":"standard","meta":{"footnotes":""},"categories":[49],"tags":[],"class_list":["post-57638","post","type-post","status-publish","format-standard","has-post-thumbnail","hentry","category-educacion"],"jetpack_featured_media_url":"https:\/\/radiorevelacionfm.cl\/wp-content\/uploads\/2025\/08\/actividad-2-2-1_optimized-1.jpg","_links":{"self":[{"href":"https:\/\/radiorevelacionfm.cl\/index.php?rest_route=\/wp\/v2\/posts\/57638","targetHints":{"allow":["GET"]}}],"collection":[{"href":"https:\/\/radiorevelacionfm.cl\/index.php?rest_route=\/wp\/v2\/posts"}],"about":[{"href":"https:\/\/radiorevelacionfm.cl\/index.php?rest_route=\/wp\/v2\/types\/post"}],"author":[{"embeddable":true,"href":"https:\/\/radiorevelacionfm.cl\/index.php?rest_route=\/wp\/v2\/users\/1"}],"replies":[{"embeddable":true,"href":"https:\/\/radiorevelacionfm.cl\/index.php?rest_route=%2Fwp%2Fv2%2Fcomments&post=57638"}],"version-history":[{"count":3,"href":"https:\/\/radiorevelacionfm.cl\/index.php?rest_route=\/wp\/v2\/posts\/57638\/revisions"}],"predecessor-version":[{"id":57641,"href":"https:\/\/radiorevelacionfm.cl\/index.php?rest_route=\/wp\/v2\/posts\/57638\/revisions\/57641"}],"wp:featuredmedia":[{"embeddable":true,"href":"https:\/\/radiorevelacionfm.cl\/index.php?rest_route=\/wp\/v2\/media\/57639"}],"wp:attachment":[{"href":"https:\/\/radiorevelacionfm.cl\/index.php?rest_route=%2Fwp%2Fv2%2Fmedia&parent=57638"}],"wp:term":[{"taxonomy":"category","embeddable":true,"href":"https:\/\/radiorevelacionfm.cl\/index.php?rest_route=%2Fwp%2Fv2%2Fcategories&post=57638"},{"taxonomy":"post_tag","embeddable":true,"href":"https:\/\/radiorevelacionfm.cl\/index.php?rest_route=%2Fwp%2Fv2%2Ftags&post=57638"}],"curies":[{"name":"wp","href":"https:\/\/api.w.org\/{rel}","templated":true}]}}