{"id":57634,"date":"2025-08-11T15:54:19","date_gmt":"2025-08-11T18:54:19","guid":{"rendered":"https:\/\/radiorevelacionfm.cl\/?p=57634"},"modified":"2025-08-11T15:54:19","modified_gmt":"2025-08-11T18:54:19","slug":"injuv-aysen-y-bomberos-de-chile-realizan-curso-certificado-de-rcp-para-juventudes","status":"publish","type":"post","link":"https:\/\/radiorevelacionfm.cl\/?p=57634","title":{"rendered":"INJUV Ays\u00e9n y Bomberos de Chile realizan curso certificado de RCP para juventudes"},"content":{"rendered":"<div class=\"flex_column av_one_full  flex_column_div av-zero-column-padding first  avia-builder-el-0  el_before_av_one_full  avia-builder-el-first  \" style='border-radius:0px; '><div  class='avia-image-container  av-styling-    avia-builder-el-1  avia-builder-el-no-sibling  avia-align-center '  itemprop=\"image\" itemscope=\"itemscope\" itemtype=\"https:\/\/schema.org\/ImageObject\"  ><div class='avia-image-container-inner'><div class='avia-image-overlay-wrap'><img decoding=\"async\" class='wp-image-57635 avia-img-lazy-loading-not-57635 avia_image' src=\"https:\/\/radiorevelacionfm.cl\/wp-content\/uploads\/2025\/08\/FOTO-1-95-1-1.jpg\" alt='' title='FOTO 1 (95) (1) (1)' height=\"600\" width=\"883\"  itemprop=\"thumbnailUrl\" srcset=\"https:\/\/radiorevelacionfm.cl\/wp-content\/uploads\/2025\/08\/FOTO-1-95-1-1.jpg 883w, https:\/\/radiorevelacionfm.cl\/wp-content\/uploads\/2025\/08\/FOTO-1-95-1-1-300x204.jpg 300w, https:\/\/radiorevelacionfm.cl\/wp-content\/uploads\/2025\/08\/FOTO-1-95-1-1-768x522.jpg 768w, https:\/\/radiorevelacionfm.cl\/wp-content\/uploads\/2025\/08\/FOTO-1-95-1-1-705x479.jpg 705w, https:\/\/radiorevelacionfm.cl\/wp-content\/uploads\/2025\/08\/FOTO-1-95-1-1-450x306.jpg 450w, https:\/\/radiorevelacionfm.cl\/wp-content\/uploads\/2025\/08\/FOTO-1-95-1-1-600x408.jpg 600w\" sizes=\"(max-width: 883px) 100vw, 883px\" \/><\/div><\/div><\/div><\/div><div class=\"flex_column av_one_full  flex_column_div av-zero-column-padding first  avia-builder-el-2  el_after_av_one_full  el_before_av_one_full  column-top-margin\" style='border-radius:0px; '><section class=\"av_textblock_section \"  itemscope=\"itemscope\" itemtype=\"https:\/\/schema.org\/BlogPosting\" itemprop=\"blogPost\" ><div class='avia_textblock  '   itemprop=\"text\" ><p style=\"text-align: center;\"><strong><span style=\"font-size: 18pt;\">INJUV Ays\u00e9n y Bomberos de Chile realizan curso certificado de RCP para juventudes<\/span><\/strong><\/p>\n<div id=\"gtx-trans\" style=\"position: absolute; left: -50px; top: 4.31534px;\">\n<div class=\"gtx-trans-icon\"><\/div>\n<\/div>\n<\/div><\/section><\/div><div class=\"flex_column av_one_full  flex_column_div av-zero-column-padding first  avia-builder-el-4  el_after_av_one_full  el_before_av_hr  column-top-margin\" style='border-radius:0px; '><section class=\"av_textblock_section \"  itemscope=\"itemscope\" itemtype=\"https:\/\/schema.org\/BlogPosting\" itemprop=\"blogPost\" ><div class='avia_textblock  '   itemprop=\"text\" ><p style=\"text-align: justify;\">El Instituto Nacional de la Juventud (INJUV) de la regi\u00f3n de Ays\u00e9n, en colaboraci\u00f3n con Bomberos de Chile y a trav\u00e9s de la Academia Nacional de Bomberos, llevaron a cabo este s\u00e1bado 9 de agosto un importante curso gratuito y certificado de Reanimaci\u00f3n CardioPulmonar (RCP).<\/p>\n<p style=\"text-align: justify;\">La iniciativa estuvo dirigida a juventudes y cont\u00f3 con la participaci\u00f3n de los\u00a0 instructores especializados V\u00edctor Contreras Mu\u00f1oz, de la Academia Nacional de Bomberos, y Diego Manqui Solis, Operador de Rescate de la Segunda Compa\u00f1\u00eda de Bomberos de Coyhaique.<\/p>\n<p style=\"text-align: justify;\">El curso enmarcado en el Mes de las Juventudes se desarroll\u00f3 durante todo el d\u00eda en \u00a0dependencias de la Direcci\u00f3n Regional del INJUV en Ays\u00e9n, donde las y los asistentes adquirieron multiples conocimientos esenciales en temas de seguridad y primeros auxilios, con el objetivo de prepararlos para actuar ante emergencias.<\/p>\n<p style=\"text-align: justify;\">\u201cEn un territorio como el nuestro, donde la dispersi\u00f3n geogr\u00e1fica y las condiciones clim\u00e1ticas dificultan el acceso r\u00e1pido a servicios de salud, capacitar a las juventudes en primeros auxilios y RCP es fundamental para salvar vidas. Estas herramientas pr\u00e1cticas no solo preparan para emergencias, sino que tambi\u00e9n fortalecen la seguridad y la confianza de las juventudes, quienes pueden marcar una verdadera diferencia en la vida cotidiana de sus familias y comunidades. Estamos comprometidos en seguir impulsando estas instancias que empoderan a las juventudes a ser protagonistas activos del cuidado y bienestar regional\u201d, se\u00f1al\u00f3 el director regional de INJUV Ays\u00e9n, Camilo Trivi\u00f1o Urtubia.<\/p>\n<p style=\"text-align: justify;\">El Coordinador Regional de la Academia Nacional de Bomberos, Crist\u00f3bal Barcel\u00f3 Veas, expres\u00f3 su gratitud por la iniciativa y destac\u00f3 la importancia de fortalecer el v\u00ednculo entre bomberos y la comunidad. \u00abCreemos que el trabajo de bomberos con la comunidad debe ser cercano y formativo. Capacitar a toda la comunidad en temas tan cruciales como la reanimaci\u00f3n cardiopulmonar es fundamental, creo que INJUV esta realizando un trabajo muy potente en ese sentido, esperamos que este tipo de actividades se repitan en el futuro, porque cualquier persona puede salvar una vida si sabe c\u00f3mo hacerlo,\u00bb indic\u00f3.<\/p>\n<p style=\"text-align: justify;\">Las juventudes que participaron valoraron la experiencia. Millaray Cheuque Foitzick coment\u00f3 que \u201cfue una gran oportunidad para aprender, el conocimiento adquirido es muy importante. Fue una hermosa oportunidad, es s\u00faper necesario que estas iniciativas contin\u00faen en la regi\u00f3n, porque podemos ayudar y salvar vidas,\u00bb afirm\u00f3.<\/p>\n<p style=\"text-align: justify;\">Por su parte, Jean Pool Miranda Mansilla destac\u00f3 que \u201cla posibilidad de aprender t\u00e9cnicas de reanimaci\u00f3n de forma gratuitaes de gran importancia. Hace un tiempo estaba buscando y cotizando cursos, y que sean gratuitos hace que m\u00e1s personas puedan acceder. Ojal\u00e1 se sigan realizando este tipo de actividades, ya que podr\u00edan salvar la vida de un amigo o un familiar,\u00bb expres\u00f3.<\/p>\n<p style=\"text-align: justify;\">Esta actividad refleja el compromiso del INJUV y Bomberos de Chile de promover la formaci\u00f3n en primeros auxilios y contribuir a fortalecer la seguridad en la comunidad juvenil de Ays\u00e9n.<\/p>\n<\/div><\/section><\/div><div  style='height:50px' class='hr hr-invisible   avia-builder-el-6  el_after_av_one_full  el_before_av_social_share '><span class='hr-inner ' ><span class='hr-inner-style'><\/span><\/span><\/div><\/p>\n<div  class='av-social-sharing-box  avia-builder-el-7  el_after_av_hr  el_before_av_hr  '><div class='av-share-box'><h5 class='av-share-link-description av-no-toc '>Compartir esta noticia<\/h5><ul class='av-share-box-list noLightbox'><li class='av-share-link av-social-link-facebook' ><a target=\"_blank\" aria-label=\"Compartir en Facebook\" href='https:\/\/www.facebook.com\/sharer.php?u=https:\/\/radiorevelacionfm.cl\/?p=57634&#038;t=INJUV%20Ays%C3%A9n%20y%20Bomberos%20de%20Chile%20realizan%20curso%20certificado%20de%20RCP%20para%20juventudes' aria-hidden='false' data-av_icon='\ue8f3' data-av_iconfont='entypo-fontello' title='' data-avia-related-tooltip='Compartir en Facebook' rel=\"noopener\"><span class='avia_hidden_link_text'>Compartir en Facebook<\/span><\/a><\/li><li class='av-share-link av-social-link-twitter' ><a target=\"_blank\" aria-label=\"Compartir en Twitter\" href='https:\/\/twitter.com\/share?text=INJUV%20Ays%C3%A9n%20y%20Bomberos%20de%20Chile%20realizan%20curso%20certificado%20de%20RCP%20para%20juventudes&#038;url=https:\/\/radiorevelacionfm.cl\/?p=57634' aria-hidden='false' data-av_icon='\ue8f1' data-av_iconfont='entypo-fontello' title='' data-avia-related-tooltip='Compartir en Twitter' rel=\"noopener\"><span class='avia_hidden_link_text'>Compartir en Twitter<\/span><\/a><\/li><li class='av-share-link av-social-link-whatsapp' ><a target=\"_blank\" aria-label=\"Compartir en Whatsapp\" href='https:\/\/api.whatsapp.com\/send?text=https:\/\/radiorevelacionfm.cl\/?p=57634' aria-hidden='false' data-av_icon='\uf232' data-av_iconfont='entypo-fontello' title='' data-avia-related-tooltip='Compartir en Whatsapp' rel=\"noopener\"><span class='avia_hidden_link_text'>Compartir en Whatsapp<\/span><\/a><\/li><li class='av-share-link av-social-link-linkedin' ><a target=\"_blank\" aria-label=\"Compartir en LinkedIn\" href='https:\/\/linkedin.com\/shareArticle?mini=true&#038;title=INJUV%20Ays%C3%A9n%20y%20Bomberos%20de%20Chile%20realizan%20curso%20certificado%20de%20RCP%20para%20juventudes&#038;url=https:\/\/radiorevelacionfm.cl\/?p=57634' aria-hidden='false' data-av_icon='\ue8fc' data-av_iconfont='entypo-fontello' title='' data-avia-related-tooltip='Compartir en LinkedIn' rel=\"noopener\"><span class='avia_hidden_link_text'>Compartir en LinkedIn<\/span><\/a><\/li><li class='av-share-link av-social-link-mail' ><a  aria-label=\"Compartir por correo\" href='mailto:?subject=INJUV%20Ays%C3%A9n%20y%20Bomberos%20de%20Chile%20realizan%20curso%20certificado%20de%20RCP%20para%20juventudes&#038;body=https:\/\/radiorevelacionfm.cl\/?p=57634' aria-hidden='false' data-av_icon='\ue805' data-av_iconfont='entypo-fontello' title='' data-avia-related-tooltip='Compartir por correo'><span class='avia_hidden_link_text'>Compartir por correo<\/span><\/a><\/li><\/ul><\/div><\/div>\n<div  style='height:50px' class='hr hr-invisible   avia-builder-el-8  el_after_av_social_share  el_before_av_comments_list '><span class='hr-inner ' ><span class='hr-inner-style'><\/span><\/span><\/div>\n<div  class='av-buildercomment  av-blog-meta-html-info-disabled av-blog-meta-tag-disabled  '><\/div>\n","protected":false},"excerpt":{"rendered":"","protected":false},"author":1,"featured_media":57635,"comment_status":"closed","ping_status":"closed","sticky":false,"template":"","format":"standard","meta":{"footnotes":""},"categories":[38],"tags":[],"class_list":["post-57634","post","type-post","status-publish","format-standard","has-post-thumbnail","hentry","category-regional"],"jetpack_featured_media_url":"https:\/\/radiorevelacionfm.cl\/wp-content\/uploads\/2025\/08\/FOTO-1-95-1-1.jpg","_links":{"self":[{"href":"https:\/\/radiorevelacionfm.cl\/index.php?rest_route=\/wp\/v2\/posts\/57634","targetHints":{"allow":["GET"]}}],"collection":[{"href":"https:\/\/radiorevelacionfm.cl\/index.php?rest_route=\/wp\/v2\/posts"}],"about":[{"href":"https:\/\/radiorevelacionfm.cl\/index.php?rest_route=\/wp\/v2\/types\/post"}],"author":[{"embeddable":true,"href":"https:\/\/radiorevelacionfm.cl\/index.php?rest_route=\/wp\/v2\/users\/1"}],"replies":[{"embeddable":true,"href":"https:\/\/radiorevelacionfm.cl\/index.php?rest_route=%2Fwp%2Fv2%2Fcomments&post=57634"}],"version-history":[{"count":2,"href":"https:\/\/radiorevelacionfm.cl\/index.php?rest_route=\/wp\/v2\/posts\/57634\/revisions"}],"predecessor-version":[{"id":57637,"href":"https:\/\/radiorevelacionfm.cl\/index.php?rest_route=\/wp\/v2\/posts\/57634\/revisions\/57637"}],"wp:featuredmedia":[{"embeddable":true,"href":"https:\/\/radiorevelacionfm.cl\/index.php?rest_route=\/wp\/v2\/media\/57635"}],"wp:attachment":[{"href":"https:\/\/radiorevelacionfm.cl\/index.php?rest_route=%2Fwp%2Fv2%2Fmedia&parent=57634"}],"wp:term":[{"taxonomy":"category","embeddable":true,"href":"https:\/\/radiorevelacionfm.cl\/index.php?rest_route=%2Fwp%2Fv2%2Fcategories&post=57634"},{"taxonomy":"post_tag","embeddable":true,"href":"https:\/\/radiorevelacionfm.cl\/index.php?rest_route=%2Fwp%2Fv2%2Ftags&post=57634"}],"curies":[{"name":"wp","href":"https:\/\/api.w.org\/{rel}","templated":true}]}}