{"id":57627,"date":"2025-08-11T15:00:13","date_gmt":"2025-08-11T18:00:13","guid":{"rendered":"https:\/\/radiorevelacionfm.cl\/?p=57627"},"modified":"2025-08-11T15:00:13","modified_gmt":"2025-08-11T18:00:13","slug":"trafico-de-cocaina-fiscalia-logra-sentencia-contra-sujeto-detenido-por-el-os-7-de-carabineros","status":"publish","type":"post","link":"https:\/\/radiorevelacionfm.cl\/?p=57627","title":{"rendered":"Tr\u00e1fico de coca\u00edna: Fiscal\u00eda logra sentencia contra sujeto detenido por el OS-7 de Carabineros"},"content":{"rendered":"<div class=\"flex_column av_one_full  flex_column_div av-zero-column-padding first  avia-builder-el-0  el_before_av_one_full  avia-builder-el-first  \" style='border-radius:0px; '><div  class='avia-image-container  av-styling-    avia-builder-el-1  avia-builder-el-no-sibling  avia-align-center '  itemprop=\"image\" itemscope=\"itemscope\" itemtype=\"https:\/\/schema.org\/ImageObject\"  ><div class='avia-image-container-inner'><div class='avia-image-overlay-wrap'><img decoding=\"async\" class='wp-image-41534 avia-img-lazy-loading-not-41534 avia_image' src=\"https:\/\/radiorevelacionfm.cl\/wp-content\/uploads\/2024\/04\/Fiscalia_2024-2-1-1.jpg\" alt='' title='Fiscalia_2024 (2) (1) (1)' height=\"600\" width=\"900\"  itemprop=\"thumbnailUrl\" srcset=\"https:\/\/radiorevelacionfm.cl\/wp-content\/uploads\/2024\/04\/Fiscalia_2024-2-1-1.jpg 900w, https:\/\/radiorevelacionfm.cl\/wp-content\/uploads\/2024\/04\/Fiscalia_2024-2-1-1-300x200.jpg 300w, https:\/\/radiorevelacionfm.cl\/wp-content\/uploads\/2024\/04\/Fiscalia_2024-2-1-1-768x512.jpg 768w, https:\/\/radiorevelacionfm.cl\/wp-content\/uploads\/2024\/04\/Fiscalia_2024-2-1-1-705x470.jpg 705w, https:\/\/radiorevelacionfm.cl\/wp-content\/uploads\/2024\/04\/Fiscalia_2024-2-1-1-450x300.jpg 450w, https:\/\/radiorevelacionfm.cl\/wp-content\/uploads\/2024\/04\/Fiscalia_2024-2-1-1-600x400.jpg 600w\" sizes=\"(max-width: 900px) 100vw, 900px\" \/><\/div><\/div><\/div><\/div><div class=\"flex_column av_one_full  flex_column_div av-zero-column-padding first  avia-builder-el-2  el_after_av_one_full  el_before_av_one_full  column-top-margin\" style='border-radius:0px; '><section class=\"av_textblock_section \"  itemscope=\"itemscope\" itemtype=\"https:\/\/schema.org\/BlogPosting\" itemprop=\"blogPost\" ><div class='avia_textblock  '   itemprop=\"text\" ><p style=\"text-align: center;\"><span style=\"font-size: 18pt;\"><b>Tr\u00e1fico de coca\u00edna: Fiscal\u00eda logra sentencia contra sujeto detenido por el OS-7 de Carabineros<\/b><\/span><\/p>\n<div id=\"gtx-trans\" style=\"position: absolute; left: -50px; top: 4.31534px;\">\n<div class=\"gtx-trans-icon\"><\/div>\n<\/div>\n<\/div><\/section><\/div><div class=\"flex_column av_one_full  flex_column_div av-zero-column-padding first  avia-builder-el-4  el_after_av_one_full  el_before_av_hr  column-top-margin\" style='border-radius:0px; '><section class=\"av_textblock_section \"  itemscope=\"itemscope\" itemtype=\"https:\/\/schema.org\/BlogPosting\" itemprop=\"blogPost\" ><div class='avia_textblock  '   itemprop=\"text\" ><p style=\"font-weight: 400; text-align: justify;\"><em>El imputado coordin\u00f3 con terceros, el transporte de droga desde la Regi\u00f3n Metropolitana a la comuna de Coyhaique.<\/em><\/p>\n<p style=\"font-weight: 400; text-align: justify;\">Diligencias de la Unidad de Drogas de la Fiscal\u00eda Regional de Ays\u00e9n y el OS-7 de Carabineros permitieron desbaratar -en noviembre del a\u00f1o pasado- el tr\u00e1fico de 1.3 kilos de clorhidrato de coca\u00edna y ahora obtener la condena del imputado de 40 a\u00f1os, de nacionalidad extranjera. Al juicio oral concurri\u00f3 la Fiscal Adjunto, Mar\u00eda In\u00e9s N\u00fa\u00f1ez Briso, especializada en la investigaci\u00f3n de delitos de tr\u00e1fico de estupefacientes.<\/p>\n<p style=\"font-weight: 400; text-align: justify;\">En este caso, el Tribunal de Juicio Oral sentenci\u00f3 al sujeto a 5 a\u00f1os y un d\u00eda de presidio mayor en su grado m\u00ednimo, adem\u00e1s de una multa de 24 Unidades Tributarias Mensuales, cerca de un mill\u00f3n 647 mil pesos, como autor del delito de tr\u00e1fico il\u00edcito de drogas, detectado el 18 de noviembre de 2024 en Coyhaique.<\/p>\n<p style=\"font-weight: 400; text-align: justify;\">De acuerdo a la acusaci\u00f3n de la Fiscal\u00eda, en el mes de noviembre de 2024 el imputado coordin\u00f3 con terceros, el transporte de droga desde la Regi\u00f3n Metropolitana a la comuna de Coyhaique.<\/p>\n<p style=\"font-weight: 400; text-align: justify;\">Es as\u00ed que el 18 de noviembre del 2024, personal del OS-7 en compa\u00f1\u00eda de un ejemplar canino, identificaron el env\u00edo en total de un kilo 300.85 gramos de clorhidrato de coca\u00edna. Alrededor de las 17.40 horas de esa fecha, el imputado fue detenido por personal del OS-7 de Carabineros. El sujeto manten\u00eda consigo un tel\u00e9fono celular para coordinar sus actividades il\u00edcitas.<\/p>\n<p style=\"font-weight: 400; text-align: justify;\">Al no reunir los requisitos de la ley N\u00b018.216, el sentenciado deber\u00e1 cumplir la pena impuesta de manera efectiva en la c\u00e1rcel.<\/p>\n<p style=\"font-weight: 400; text-align: justify;\">La sentencia de este caso investigado de forma conjunta por la Unidad de Drogas de la Fiscal\u00eda y el OS-7 de Carabineros, fue dictada por los jueces del Tribunal de Juicio Oral en Lo Penal de Coyhaique.<\/p>\n<\/div><\/section><\/div><div  style='height:50px' class='hr hr-invisible   avia-builder-el-6  el_after_av_one_full  el_before_av_social_share '><span class='hr-inner ' ><span class='hr-inner-style'><\/span><\/span><\/div><\/p>\n<div  class='av-social-sharing-box  avia-builder-el-7  el_after_av_hr  el_before_av_hr  '><div class='av-share-box'><h5 class='av-share-link-description av-no-toc '>Compartir esta noticia<\/h5><ul class='av-share-box-list noLightbox'><li class='av-share-link av-social-link-facebook' ><a target=\"_blank\" aria-label=\"Compartir en Facebook\" href='https:\/\/www.facebook.com\/sharer.php?u=https:\/\/radiorevelacionfm.cl\/?p=57627&#038;t=Tr%C3%A1fico%20de%20coca%C3%ADna%3A%20Fiscal%C3%ADa%20logra%20sentencia%20contra%20sujeto%20detenido%20por%20el%20OS-7%20de%20Carabineros' aria-hidden='false' data-av_icon='\ue8f3' data-av_iconfont='entypo-fontello' title='' data-avia-related-tooltip='Compartir en Facebook' rel=\"noopener\"><span class='avia_hidden_link_text'>Compartir en Facebook<\/span><\/a><\/li><li class='av-share-link av-social-link-twitter' ><a target=\"_blank\" aria-label=\"Compartir en Twitter\" href='https:\/\/twitter.com\/share?text=Tr%C3%A1fico%20de%20coca%C3%ADna%3A%20Fiscal%C3%ADa%20logra%20sentencia%20contra%20sujeto%20detenido%20por%20el%20OS-7%20de%20Carabineros&#038;url=https:\/\/radiorevelacionfm.cl\/?p=57627' aria-hidden='false' data-av_icon='\ue8f1' data-av_iconfont='entypo-fontello' title='' data-avia-related-tooltip='Compartir en Twitter' rel=\"noopener\"><span class='avia_hidden_link_text'>Compartir en Twitter<\/span><\/a><\/li><li class='av-share-link av-social-link-whatsapp' ><a target=\"_blank\" aria-label=\"Compartir en Whatsapp\" href='https:\/\/api.whatsapp.com\/send?text=https:\/\/radiorevelacionfm.cl\/?p=57627' aria-hidden='false' data-av_icon='\uf232' data-av_iconfont='entypo-fontello' title='' data-avia-related-tooltip='Compartir en Whatsapp' rel=\"noopener\"><span class='avia_hidden_link_text'>Compartir en Whatsapp<\/span><\/a><\/li><li class='av-share-link av-social-link-linkedin' ><a target=\"_blank\" aria-label=\"Compartir en LinkedIn\" href='https:\/\/linkedin.com\/shareArticle?mini=true&#038;title=Tr%C3%A1fico%20de%20coca%C3%ADna%3A%20Fiscal%C3%ADa%20logra%20sentencia%20contra%20sujeto%20detenido%20por%20el%20OS-7%20de%20Carabineros&#038;url=https:\/\/radiorevelacionfm.cl\/?p=57627' aria-hidden='false' data-av_icon='\ue8fc' data-av_iconfont='entypo-fontello' title='' data-avia-related-tooltip='Compartir en LinkedIn' rel=\"noopener\"><span class='avia_hidden_link_text'>Compartir en LinkedIn<\/span><\/a><\/li><li class='av-share-link av-social-link-mail' ><a  aria-label=\"Compartir por correo\" href='mailto:?subject=Tr%C3%A1fico%20de%20coca%C3%ADna%3A%20Fiscal%C3%ADa%20logra%20sentencia%20contra%20sujeto%20detenido%20por%20el%20OS-7%20de%20Carabineros&#038;body=https:\/\/radiorevelacionfm.cl\/?p=57627' aria-hidden='false' data-av_icon='\ue805' data-av_iconfont='entypo-fontello' title='' data-avia-related-tooltip='Compartir por correo'><span class='avia_hidden_link_text'>Compartir por correo<\/span><\/a><\/li><\/ul><\/div><\/div>\n<div  style='height:50px' class='hr hr-invisible   avia-builder-el-8  el_after_av_social_share  el_before_av_comments_list '><span class='hr-inner ' ><span class='hr-inner-style'><\/span><\/span><\/div>\n<div  class='av-buildercomment  av-blog-meta-html-info-disabled av-blog-meta-tag-disabled  '><\/div>\n","protected":false},"excerpt":{"rendered":"","protected":false},"author":1,"featured_media":41534,"comment_status":"closed","ping_status":"closed","sticky":false,"template":"","format":"standard","meta":{"footnotes":""},"categories":[55],"tags":[],"class_list":["post-57627","post","type-post","status-publish","format-standard","has-post-thumbnail","hentry","category-justicia"],"jetpack_featured_media_url":"https:\/\/radiorevelacionfm.cl\/wp-content\/uploads\/2024\/04\/Fiscalia_2024-2-1-1.jpg","_links":{"self":[{"href":"https:\/\/radiorevelacionfm.cl\/index.php?rest_route=\/wp\/v2\/posts\/57627","targetHints":{"allow":["GET"]}}],"collection":[{"href":"https:\/\/radiorevelacionfm.cl\/index.php?rest_route=\/wp\/v2\/posts"}],"about":[{"href":"https:\/\/radiorevelacionfm.cl\/index.php?rest_route=\/wp\/v2\/types\/post"}],"author":[{"embeddable":true,"href":"https:\/\/radiorevelacionfm.cl\/index.php?rest_route=\/wp\/v2\/users\/1"}],"replies":[{"embeddable":true,"href":"https:\/\/radiorevelacionfm.cl\/index.php?rest_route=%2Fwp%2Fv2%2Fcomments&post=57627"}],"version-history":[{"count":2,"href":"https:\/\/radiorevelacionfm.cl\/index.php?rest_route=\/wp\/v2\/posts\/57627\/revisions"}],"predecessor-version":[{"id":57629,"href":"https:\/\/radiorevelacionfm.cl\/index.php?rest_route=\/wp\/v2\/posts\/57627\/revisions\/57629"}],"wp:featuredmedia":[{"embeddable":true,"href":"https:\/\/radiorevelacionfm.cl\/index.php?rest_route=\/wp\/v2\/media\/41534"}],"wp:attachment":[{"href":"https:\/\/radiorevelacionfm.cl\/index.php?rest_route=%2Fwp%2Fv2%2Fmedia&parent=57627"}],"wp:term":[{"taxonomy":"category","embeddable":true,"href":"https:\/\/radiorevelacionfm.cl\/index.php?rest_route=%2Fwp%2Fv2%2Fcategories&post=57627"},{"taxonomy":"post_tag","embeddable":true,"href":"https:\/\/radiorevelacionfm.cl\/index.php?rest_route=%2Fwp%2Fv2%2Ftags&post=57627"}],"curies":[{"name":"wp","href":"https:\/\/api.w.org\/{rel}","templated":true}]}}