{"id":57625,"date":"2025-08-11T15:06:03","date_gmt":"2025-08-11T18:06:03","guid":{"rendered":"https:\/\/radiorevelacionfm.cl\/?p=57625"},"modified":"2025-08-11T15:19:58","modified_gmt":"2025-08-11T18:19:58","slug":"observatorio-laboral-y-seremis-del-trabajo-invitan-a-participar-en-la-encuesta-enadel-2025-2","status":"publish","type":"post","link":"https:\/\/radiorevelacionfm.cl\/?p=57625","title":{"rendered":"Term\u00f3metro laboral regional da cuenta de la importancia del sector privado y el aumento de la formalidad"},"content":{"rendered":"<div class=\"flex_column av_one_full  flex_column_div av-zero-column-padding first  avia-builder-el-0  el_before_av_one_full  avia-builder-el-first  \" style='border-radius:0px; '><div  class='avia-image-container  av-styling-    avia-builder-el-1  avia-builder-el-no-sibling  avia-align-center '  itemprop=\"image\" itemscope=\"itemscope\" itemtype=\"https:\/\/schema.org\/ImageObject\"  ><div class='avia-image-container-inner'><div class='avia-image-overlay-wrap'><img decoding=\"async\" class='wp-image-57632 avia-img-lazy-loading-not-57632 avia_image' src=\"https:\/\/radiorevelacionfm.cl\/wp-content\/uploads\/2025\/08\/66-1_optimized.jpg\" alt='' title='66-(1)_optimized' height=\"600\" width=\"900\"  itemprop=\"thumbnailUrl\" srcset=\"https:\/\/radiorevelacionfm.cl\/wp-content\/uploads\/2025\/08\/66-1_optimized.jpg 900w, https:\/\/radiorevelacionfm.cl\/wp-content\/uploads\/2025\/08\/66-1_optimized-300x200.jpg 300w, https:\/\/radiorevelacionfm.cl\/wp-content\/uploads\/2025\/08\/66-1_optimized-768x512.jpg 768w, https:\/\/radiorevelacionfm.cl\/wp-content\/uploads\/2025\/08\/66-1_optimized-705x470.jpg 705w, https:\/\/radiorevelacionfm.cl\/wp-content\/uploads\/2025\/08\/66-1_optimized-450x300.jpg 450w, https:\/\/radiorevelacionfm.cl\/wp-content\/uploads\/2025\/08\/66-1_optimized-600x400.jpg 600w\" sizes=\"(max-width: 900px) 100vw, 900px\" \/><\/div><\/div><\/div><\/div><div class=\"flex_column av_one_full  flex_column_div av-zero-column-padding first  avia-builder-el-2  el_after_av_one_full  el_before_av_one_full  column-top-margin\" style='border-radius:0px; '><section class=\"av_textblock_section \"  itemscope=\"itemscope\" itemtype=\"https:\/\/schema.org\/BlogPosting\" itemprop=\"blogPost\" ><div class='avia_textblock  '   itemprop=\"text\" ><p style=\"text-align: center;\"><span style=\"font-size: 18pt;\"><strong>Term\u00f3metro laboral regional da cuenta de la importancia del sector privado y el aumento de la formalidad<\/strong><\/span><\/p>\n<\/div><\/section><\/div><div class=\"flex_column av_one_full  flex_column_div av-zero-column-padding first  avia-builder-el-4  el_after_av_one_full  el_before_av_hr  column-top-margin\" style='border-radius:0px; '><section class=\"av_textblock_section \"  itemscope=\"itemscope\" itemtype=\"https:\/\/schema.org\/BlogPosting\" itemprop=\"blogPost\" ><div class='avia_textblock  '   itemprop=\"text\" ><ul>\n<li style=\"text-align: justify;\"><em>Entre asalariados p\u00fablicos y privados, las ocupaciones elementales lideraron con un alza de 28,2%, con un aumento de 13,1% del empleo en el sector privado. Tambi\u00e9n es importante destacar que,<\/em> <em>en el sector asalariado, las actividades de atenci\u00f3n de la salud humana y asistencia social subi\u00f3 10,8%.<\/em><\/li>\n<li style=\"text-align: justify;\"><em>Con respecto a los indicadores laborales, la t<\/em><em>asa de participaci\u00f3n es de 71,2%, la tasa de ocupaci\u00f3n de 68,5 % y la tasa de desocupaci\u00f3n es de un 3,9% en el trimestre m\u00f3vil abril-mayo-junio 2025.<\/em><\/li>\n<\/ul>\n<p style=\"text-align: justify;\">El Observatorio Laboral de Ays\u00e9n, programa de la Subsecretar\u00eda del Trabajo y ejecutado por el Centro de Formaci\u00f3n T\u00e9cnica Estatal de la regi\u00f3n de Ays\u00e9n, ha publicado su term\u00f3metro laboral correspondiente al trimestre m\u00f3vil abril-mayo-junio 2025, donde muestra una s\u00edntesis de los indicadores laborales y econ\u00f3micos de coyuntura regional, donde una vez m\u00e1s, Ays\u00e9n logra el primer lugar nacional, por tercer trimestre consecutivo, en sus indicadores.<\/p>\n<p style=\"text-align: justify;\">Dentro de los datos entregados por este documento, podemos mencionar que, entre abril y junio del a\u00f1o 2025, el total de personas ocupadas creci\u00f3 un 3,9% en comparaci\u00f3n con el mismo periodo del a\u00f1o 2024, donde los asalariados del sector privado presentaron un aumento de 13,1%. Tambi\u00e9n, hay un notorio aumento del 1,7 p.p de participaci\u00f3n de mujeres con\u00a0 respecto al a\u00f1o pasado en el mismo trimestre estudiado.<\/p>\n<p style=\"text-align: justify;\">En este punto, el seremi (s) del Trabajo y Previsi\u00f3n Social, Christian Aros Troncoso hizo un an\u00e1lisis puesto que, aunque los registros oficiales m\u00e1s recientes reflejan un desempe\u00f1o favorable en el empleo y la producci\u00f3n, ratificando la recuperaci\u00f3n econ\u00f3mica de la regi\u00f3n.<\/p>\n<p style=\"text-align: justify;\"><em>\u201cNuestra Regi\u00f3n de Ays\u00e9n tiene los menores \u00edndices de desempleo a nivel nacional, alcanzando solamente un 3,9% en el trimestre m\u00f3vil abril-mayo-junio 2025, siendo el sector privado el que aument\u00f3 en su contrataci\u00f3n de contratados en un 13.1%. La regi\u00f3n adem\u00e1s posee los mayores \u00edndices o la mayor tasa de participaci\u00f3n en el pa\u00eds con un 71.2% y la de ocupaci\u00f3n con un 68.5%, que en su mayor\u00eda se trata de contrataci\u00f3n formal, sobre todo de hombres\u201d. <\/em><\/p>\n<p style=\"text-align: justify;\">Aros Troncoso adem\u00e1s se refiri\u00f3 a las Ferias Laborales OMIL-Sence que se est\u00e1n efectuando estos d\u00edas, <em>\u201cJustamente esta semana realizamos una Feria Laboral junto a la Oficina Municipal de Intermediaci\u00f3n Laboral, OMIL, de la Municipalidad de Ays\u00e9n, parte de su convenio con el Servicio Nacional de Capacitaci\u00f3n y Empleo, Sence, que tuvo m\u00e1s de 150 ofertas laborales y 14 empresas participantes. Esto se sumar\u00e1 a la Feria Laboral de la OMIL de la Municipalidad de Coyhaique- Sence, que se realizar\u00e1 el pr\u00f3ximo mi\u00e9rcoles 13 de agosto en el Centro Cultural, a la cual los invitamos a participar a todos y a todas. Por lo tanto, estamos frente a un panorama econ\u00f3mico que sigue reactiv\u00e1ndose y, por consiguiente, el mercado laboral asociado, donde queremos destacar que es trabajo formal, con seguridad social y trabajo decente para las ayseninas y ayseninos\u201d<\/em>, afirm\u00f3 el Seremi(s) del Trabajo y Previsi\u00f3n Social.<\/p>\n<p style=\"text-align: justify;\"><strong><u>Reactivaci\u00f3n econ\u00f3mica e inversi\u00f3n <\/u><\/strong><\/p>\n<p style=\"text-align: justify;\">En mayo, el IPC registr\u00f3 un alza del 4,4% y durante el primer trimestre de 2025 el PIB regional avanz\u00f3 un 8,6%. Mientras que el rubro \u201cresto de bienes\u201d, que comprende construcci\u00f3n, miner\u00eda y electricidad, creci\u00f3 un 25,0%, superando en 16,4 p.p. la variaci\u00f3n del agregado regional. Este desempe\u00f1o da a conocer la importancia del sector construcci\u00f3n en el dinamismo econ\u00f3mico de la regi\u00f3n de Ays\u00e9n.<\/p>\n<p style=\"text-align: justify;\">En base a estas cifras, el Seremi de Econom\u00eda, Fomento y Turismo Felipe Rojas Pizarro se mostr\u00f3 optimista y satisfecho con las cifras, ya que son el resultado de un arduo trabajo por parte de diversas carteras de gobierno, pero por, sobre todo, son datos duros que demuestran a la ciudadan\u00eda que la regi\u00f3n ha tomado un rumbo estable en empleo, proyecci\u00f3n econ\u00f3mica y solidez financiera.<\/p>\n<p style=\"text-align: justify;\"><em>\u201cEstas buenas cifras en el empleo est\u00e1n sustentadas en varios elementos, principalmente tiene que ver con la ejecuci\u00f3n de obra p\u00fablica, tanto por parte del Ministerio de Obras P\u00fablicas y en especial, tambi\u00e9n, por vivienda y fundamentalmente en su plan de emergencia habitacional. Por otro lado, tambi\u00e9n existen otros sectores que son fundamentales, la creaci\u00f3n de empleo est\u00e1 comercio, turismo y evidentemente la salmonicultura. Estos 3 sectores est\u00e1n proyectando un muy buen primer semestre, pero tambi\u00e9n a la luz de los hechos. Tambi\u00e9n esperamos un 2025 un segundo semestre, tambi\u00e9n con buenas oportunidades y buenos. Sin embargo, nosotros debemos proyectarnos en estas cifras a partir de lo que significa la pol\u00edtica de desarrollo de zonas extremas impulsada por el gobierno del presidente Gabriel Boric, que esperamos una gran inversi\u00f3n durante los pr\u00f3ximos 10 a\u00f1os en la regi\u00f3n de Ays\u00e9n.\u201d<\/em> \u00a0Sostuvo Rojas Pizarro.<\/p>\n<p style=\"text-align: justify;\">Desde el Ministerio de Obras P\u00fablicas, MOP, la secretaria regional Ministerial, Paloma Jara Vald\u00e9s, destac\u00f3 los importantes avances en materia de infraestructura. \u201c<em>El Ministerio de Obras P\u00fablicas cuenta con un presupuesto el a\u00f1o 2025 de cerca de 150 mil millones de pesos, de los cuales a la fecha ya llevamos ejecutados m\u00e1s del 50%. Esta ejecuci\u00f3n dista mucho de lo que vimos el a\u00f1o pasado donde llev\u00e1bamos casi un 24% menos en esta fecha, lo que ha demostrado que con gesti\u00f3n podemos avanzar en una ejecuci\u00f3n m\u00e1s s\u00f3lida, rompiendo la estacionalidad y as\u00ed dotando a la Regi\u00f3n de m\u00e1s de 2 mil puestos de trabajo, lo que es nuestra proyecci\u00f3n para este a\u00f1o 2025 y tambi\u00e9n para el a\u00f1o 2026<\/em>\u201d.<\/p>\n<p style=\"text-align: justify;\"><strong><u>El efecto 40 horas<\/u><\/strong><\/p>\n<p style=\"text-align: justify;\">C\u00e9sar G\u00f3mez Berrocal, director del Observatorio Laboral de Ays\u00e9n, asever\u00f3 que es importante hablar no solo de los sectores que inciden en las cifras, sino tambi\u00e9n de las horas trabajadas o cu\u00e1nto tiempo es la espera para conseguir un nuevo empleo.<\/p>\n<p style=\"text-align: justify;\">En cuanto a promedio de horas habituales trabajadas semanalmente, la regi\u00f3n de Ays\u00e9n baj\u00f3 de 42,6 en a\u00f1o 2024 a 42,1 durante el trimestre m\u00f3vil abril-junio. Si lo llevamos a comparaci\u00f3n en mujeres pas\u00f3 de 41,7 a 41,3 y en hombres de 43,4 a 42,9.<\/p>\n<p style=\"text-align: justify;\">Otro dato relevante es que en trimestre abril-mayo-junio de 2025, la distribuci\u00f3n de los desocupados por duraci\u00f3n de su situaci\u00f3n presenta peque\u00f1as variaciones frente al mismo per\u00edodo de 2024, destacando la cifra de quienes llevan hasta tres meses sin empleo pasaron de 76,1% a 75,6% lo que da cuenta de lo r\u00e1pido que las personas se mueven para tener un nuevo trabajo.<\/p>\n<p style=\"text-align: justify;\"><em>\u201cLas cifras dan en cuenta que, tanto en hombres como en mujeres, con relaci\u00f3n al total de horas semanales trabajadas, existe una disminuci\u00f3n interanual en ese componente y eso est\u00e1 en sinton\u00eda con lo que es la implementaci\u00f3n de la ley de 40 horas. Al mismo tiempo, podemos visualizar que, en t\u00e9rminos de b\u00fasqueda de trabajo, un alto porcentaje de las personas que est\u00e1n desocupadas o quedan cesantes, luego de 3 meses se encuentran un nuevo trabajo y eso tambi\u00e9n fue detectado en la encuesta ENADEL que se realiz\u00f3 el a\u00f1o 2024 y que, a su vez, da cuenta de que en el mercado laboral de la regi\u00f3n de Ays\u00e9n existe una alta rotaci\u00f3n laboral.\u201d <\/em>afirm\u00f3 el director.<\/p>\n<p style=\"text-align: justify;\">El Observatorio Laboral de Ays\u00e9n, es parte de la Estrategia Nacional de Prospecci\u00f3n Laboral, convenio firmado entre el Centro de Formaci\u00f3n T\u00e9cnica Estatal de Ays\u00e9n y la Subsecretar\u00eda del Trabajo, representada por la Seremi de Trabajo y Previsi\u00f3n Social. Para acceder al Term\u00f3metro Laboral del trimestre marzo- abril-mayo, el link es: https:\/\/www.subtrab.gob.cl\/tl\/ y dar click a regi\u00f3n de Ays\u00e9n.<\/p>\n<p style=\"text-align: justify;\">Si quieres conocer m\u00e1s del trabajo del Observatorio Laboral Ays\u00e9n, pueden revisar sus redes sociales en Instagram como @olraysen, en X como @OLRAysen y su fanpage de Facebook: Observatorio Laboral Ays\u00e9n.<\/p>\n<\/div><\/section><\/div><div  style='height:50px' class='hr hr-invisible   avia-builder-el-6  el_after_av_one_full  el_before_av_social_share '><span class='hr-inner ' ><span class='hr-inner-style'><\/span><\/span><\/div><\/p>\n<div  class='av-social-sharing-box  avia-builder-el-7  el_after_av_hr  el_before_av_hr  '><div class='av-share-box'><h5 class='av-share-link-description av-no-toc '>Compartir esta noticia<\/h5><ul class='av-share-box-list noLightbox'><li class='av-share-link av-social-link-facebook' ><a target=\"_blank\" aria-label=\"Compartir en Facebook\" href='https:\/\/www.facebook.com\/sharer.php?u=https:\/\/radiorevelacionfm.cl\/?p=57625&#038;t=Term%C3%B3metro%20laboral%20regional%20da%20cuenta%20de%20la%20importancia%20del%20sector%20privado%20y%20el%20aumento%20de%20la%20formalidad' aria-hidden='false' data-av_icon='\ue8f3' data-av_iconfont='entypo-fontello' title='' data-avia-related-tooltip='Compartir en Facebook' rel=\"noopener\"><span class='avia_hidden_link_text'>Compartir en Facebook<\/span><\/a><\/li><li class='av-share-link av-social-link-twitter' ><a target=\"_blank\" aria-label=\"Compartir en Twitter\" href='https:\/\/twitter.com\/share?text=Term%C3%B3metro%20laboral%20regional%20da%20cuenta%20de%20la%20importancia%20del%20sector%20privado%20y%20el%20aumento%20de%20la%20formalidad&#038;url=https:\/\/radiorevelacionfm.cl\/?p=57625' aria-hidden='false' data-av_icon='\ue8f1' data-av_iconfont='entypo-fontello' title='' data-avia-related-tooltip='Compartir en Twitter' rel=\"noopener\"><span class='avia_hidden_link_text'>Compartir en Twitter<\/span><\/a><\/li><li class='av-share-link av-social-link-whatsapp' ><a target=\"_blank\" aria-label=\"Compartir en Whatsapp\" href='https:\/\/api.whatsapp.com\/send?text=https:\/\/radiorevelacionfm.cl\/?p=57625' aria-hidden='false' data-av_icon='\uf232' data-av_iconfont='entypo-fontello' title='' data-avia-related-tooltip='Compartir en Whatsapp' rel=\"noopener\"><span class='avia_hidden_link_text'>Compartir en Whatsapp<\/span><\/a><\/li><li class='av-share-link av-social-link-linkedin' ><a target=\"_blank\" aria-label=\"Compartir en LinkedIn\" href='https:\/\/linkedin.com\/shareArticle?mini=true&#038;title=Term%C3%B3metro%20laboral%20regional%20da%20cuenta%20de%20la%20importancia%20del%20sector%20privado%20y%20el%20aumento%20de%20la%20formalidad&#038;url=https:\/\/radiorevelacionfm.cl\/?p=57625' aria-hidden='false' data-av_icon='\ue8fc' data-av_iconfont='entypo-fontello' title='' data-avia-related-tooltip='Compartir en LinkedIn' rel=\"noopener\"><span class='avia_hidden_link_text'>Compartir en LinkedIn<\/span><\/a><\/li><li class='av-share-link av-social-link-mail' ><a  aria-label=\"Compartir por correo\" href='mailto:?subject=Term%C3%B3metro%20laboral%20regional%20da%20cuenta%20de%20la%20importancia%20del%20sector%20privado%20y%20el%20aumento%20de%20la%20formalidad&#038;body=https:\/\/radiorevelacionfm.cl\/?p=57625' aria-hidden='false' data-av_icon='\ue805' data-av_iconfont='entypo-fontello' title='' data-avia-related-tooltip='Compartir por correo'><span class='avia_hidden_link_text'>Compartir por correo<\/span><\/a><\/li><\/ul><\/div><\/div>\n<div  style='height:50px' class='hr hr-invisible   avia-builder-el-8  el_after_av_social_share  el_before_av_comments_list '><span class='hr-inner ' ><span class='hr-inner-style'><\/span><\/span><\/div>\n<div  class='av-buildercomment  av-blog-meta-html-info-disabled av-blog-meta-tag-disabled  '><\/div>\n","protected":false},"excerpt":{"rendered":"","protected":false},"author":1,"featured_media":57632,"comment_status":"closed","ping_status":"closed","sticky":false,"template":"","format":"standard","meta":{"footnotes":""},"categories":[38],"tags":[],"class_list":["post-57625","post","type-post","status-publish","format-standard","has-post-thumbnail","hentry","category-regional"],"jetpack_featured_media_url":"https:\/\/radiorevelacionfm.cl\/wp-content\/uploads\/2025\/08\/66-1_optimized.jpg","_links":{"self":[{"href":"https:\/\/radiorevelacionfm.cl\/index.php?rest_route=\/wp\/v2\/posts\/57625","targetHints":{"allow":["GET"]}}],"collection":[{"href":"https:\/\/radiorevelacionfm.cl\/index.php?rest_route=\/wp\/v2\/posts"}],"about":[{"href":"https:\/\/radiorevelacionfm.cl\/index.php?rest_route=\/wp\/v2\/types\/post"}],"author":[{"embeddable":true,"href":"https:\/\/radiorevelacionfm.cl\/index.php?rest_route=\/wp\/v2\/users\/1"}],"replies":[{"embeddable":true,"href":"https:\/\/radiorevelacionfm.cl\/index.php?rest_route=%2Fwp%2Fv2%2Fcomments&post=57625"}],"version-history":[{"count":3,"href":"https:\/\/radiorevelacionfm.cl\/index.php?rest_route=\/wp\/v2\/posts\/57625\/revisions"}],"predecessor-version":[{"id":57631,"href":"https:\/\/radiorevelacionfm.cl\/index.php?rest_route=\/wp\/v2\/posts\/57625\/revisions\/57631"}],"wp:featuredmedia":[{"embeddable":true,"href":"https:\/\/radiorevelacionfm.cl\/index.php?rest_route=\/wp\/v2\/media\/57632"}],"wp:attachment":[{"href":"https:\/\/radiorevelacionfm.cl\/index.php?rest_route=%2Fwp%2Fv2%2Fmedia&parent=57625"}],"wp:term":[{"taxonomy":"category","embeddable":true,"href":"https:\/\/radiorevelacionfm.cl\/index.php?rest_route=%2Fwp%2Fv2%2Fcategories&post=57625"},{"taxonomy":"post_tag","embeddable":true,"href":"https:\/\/radiorevelacionfm.cl\/index.php?rest_route=%2Fwp%2Fv2%2Ftags&post=57625"}],"curies":[{"name":"wp","href":"https:\/\/api.w.org\/{rel}","templated":true}]}}