{"id":57617,"date":"2025-08-11T10:55:12","date_gmt":"2025-08-11T13:55:12","guid":{"rendered":"https:\/\/radiorevelacionfm.cl\/?p=57617"},"modified":"2025-08-11T10:55:12","modified_gmt":"2025-08-11T13:55:12","slug":"salas-cuna-y-jardines-infantiles-de-integra-en-la-region-retomaron-la-atencion-este-segundo-semestre","status":"publish","type":"post","link":"https:\/\/radiorevelacionfm.cl\/?p=57617","title":{"rendered":"Salas cuna y jardines Infantiles de Integra en la regi\u00f3n retomaron la atenci\u00f3n este segundo semestre"},"content":{"rendered":"<div class=\"flex_column av_one_full  flex_column_div av-zero-column-padding first  avia-builder-el-0  el_before_av_one_full  avia-builder-el-first  \" style='border-radius:0px; '><div  class='avia-image-container  av-styling-    avia-builder-el-1  avia-builder-el-no-sibling  avia-align-center '  itemprop=\"image\" itemscope=\"itemscope\" itemtype=\"https:\/\/schema.org\/ImageObject\"  ><div class='avia-image-container-inner'><div class='avia-image-overlay-wrap'><img decoding=\"async\" class='wp-image-57618 avia-img-lazy-loading-not-57618 avia_image' src=\"https:\/\/radiorevelacionfm.cl\/wp-content\/uploads\/2025\/08\/MG_0560-min-1-1.jpg\" alt='' title='_MG_0560-min (1) (1)' height=\"600\" width=\"900\"  itemprop=\"thumbnailUrl\" srcset=\"https:\/\/radiorevelacionfm.cl\/wp-content\/uploads\/2025\/08\/MG_0560-min-1-1.jpg 900w, https:\/\/radiorevelacionfm.cl\/wp-content\/uploads\/2025\/08\/MG_0560-min-1-1-300x200.jpg 300w, https:\/\/radiorevelacionfm.cl\/wp-content\/uploads\/2025\/08\/MG_0560-min-1-1-768x512.jpg 768w, https:\/\/radiorevelacionfm.cl\/wp-content\/uploads\/2025\/08\/MG_0560-min-1-1-705x470.jpg 705w, https:\/\/radiorevelacionfm.cl\/wp-content\/uploads\/2025\/08\/MG_0560-min-1-1-450x300.jpg 450w, https:\/\/radiorevelacionfm.cl\/wp-content\/uploads\/2025\/08\/MG_0560-min-1-1-600x400.jpg 600w\" sizes=\"(max-width: 900px) 100vw, 900px\" \/><\/div><\/div><\/div><\/div><div class=\"flex_column av_one_full  flex_column_div av-zero-column-padding first  avia-builder-el-2  el_after_av_one_full  el_before_av_one_full  column-top-margin\" style='border-radius:0px; '><section class=\"av_textblock_section \"  itemscope=\"itemscope\" itemtype=\"https:\/\/schema.org\/BlogPosting\" itemprop=\"blogPost\" ><div class='avia_textblock  '   itemprop=\"text\" ><p style=\"font-weight: 400; text-align: center;\"><strong><span style=\"font-size: 18pt;\">Salas cuna y jardines Infantiles de Integra en la regi\u00f3n retomaron la atenci\u00f3n este segundo semestre<\/span><\/strong><\/p>\n<div id=\"gtx-trans\" style=\"position: absolute; left: -50px; top: 4.31534px;\">\n<div class=\"gtx-trans-icon\"><\/div>\n<\/div>\n<\/div><\/section><\/div><div class=\"flex_column av_one_full  flex_column_div av-zero-column-padding first  avia-builder-el-4  el_after_av_one_full  el_before_av_hr  column-top-margin\" style='border-radius:0px; '><section class=\"av_textblock_section \"  itemscope=\"itemscope\" itemtype=\"https:\/\/schema.org\/BlogPosting\" itemprop=\"blogPost\" ><div class='avia_textblock  '   itemprop=\"text\" ><p style=\"font-weight: 400; text-align: justify;\"><em>La instituci\u00f3n destac\u00f3 la importancia de la educaci\u00f3n inicial para el desarrollo integral de ni\u00f1os y ni\u00f1as e inform\u00f3 que a\u00fan existen cupos disponibles en algunos establecimientos de la regi\u00f3n.<\/em><\/p>\n<p style=\"font-weight: 400; text-align: justify;\">Los jardines infantiles y salas cuna de Fundaci\u00f3n Integra en la Regi\u00f3n de Ays\u00e9n retomaron su atenci\u00f3n a ni\u00f1as y ni\u00f1os para este segundo semestre del a\u00f1o, reforzando su misi\u00f3n de entregar una educaci\u00f3n parvularia p\u00fablica, gratuita y de calidad, centrada en el bienestar y desarrollo integral de la primera infancia.<\/p>\n<p style=\"font-weight: 400; text-align: justify;\">La directora regional de Fundaci\u00f3n Integra, Leticia Araya Norambuena, destac\u00f3 que \u201cretomamos la atenci\u00f3n con mucha participaci\u00f3n de ni\u00f1as, ni\u00f1os y sus familias lo que habla del buen trabajo que est\u00e1n desarrollando nuestros establecimientos durante todo el a\u00f1o y poniendo en el centro la educaci\u00f3n transformadora y situando a ni\u00f1os y ni\u00f1as en el centro de nuestro quehacer\u201d. A la vez, envi\u00f3 un mensaje a las familias respecto de \u201cque todo lo que ocurre en el jard\u00edn infantil est\u00e1 pensado en ellas y ellos y con equipos educativos comprometidos con su misi\u00f3n\u201d.<\/p>\n<p style=\"font-weight: 400; text-align: justify;\">Durante este segundo semestre, los equipos educativos continuar\u00e1n implementando experiencias pedag\u00f3gicas innovadoras y actividades de vinculaci\u00f3n con las familias, en el marco de la Carta de Navegaci\u00f3n 2024-2026 de Fundaci\u00f3n Integra, que sit\u00faa a las ni\u00f1as y ni\u00f1os en el centro de la gesti\u00f3n institucional y promueve una educaci\u00f3n transformadora para el desarrollo humano y sostenible.<\/p>\n<p style=\"font-weight: 400; text-align: justify;\">Por su parte, Pamela Espina, directora del jard\u00edn infantil \u201cLas Araucarias\u201d, se\u00f1al\u00f3 que el \u201cinicio de la atenci\u00f3n ha sido hermoso y con ni\u00f1os y ni\u00f1as deseosos de llegar al jard\u00edn y sin mayores problemas de adaptaci\u00f3n. Las familias estaban contentas y agradecidas de que se retomara la atenci\u00f3n para poder seguir trabajando en la misma senda en la que est\u00e1bamos trabajando y consolidando los aprendizajes desarrollados en el primer semestre\u201d.<\/p>\n<p style=\"font-weight: 400; text-align: justify;\">Mar\u00eda Mancilla madre y apoderada de la sala cuna y jard\u00edn infantil \u201cMackay\u201d valor\u00f3 la reapertura en la atenci\u00f3n, pero a la vez lo importante de este espacio para su hija reforzando que \u201cpara m\u00ed es un tremendo apoyo porque cuando uno trabaja uno se complica y el jard\u00edn infantil es una red de apoyo importante para m\u00ed. Adem\u00e1s, a mi hija le gusta venir y lo veo en ella\u201d.<\/p>\n<p style=\"font-weight: 400; text-align: justify;\">Asimismo, se inform\u00f3 que a\u00fan existen cupos disponibles en diversos jardines infantiles y salas cuna de la regi\u00f3n, por lo que se invita a las familias interesadas a acercarse a los establecimientos o visitar el sitio web\u00a0<a href=\"http:\/\/www.integra.cl\/\" data-saferedirecturl=\"https:\/\/www.google.com\/url?q=http:\/\/www.integra.cl&amp;source=gmail&amp;ust=1755006642831000&amp;usg=AOvVaw2RTG8JVntrpUcti-mcR-s9\">www.integra.cl<\/a>\u00a0para realizar el proceso de matr\u00edcula y garantizar que m\u00e1s ni\u00f1as y ni\u00f1os puedan acceder a educaci\u00f3n parvularia gratuita y de calidad.<\/p>\n<p style=\"font-weight: 400; text-align: justify;\">Fundaci\u00f3n Integra, con m\u00e1s de 34 a\u00f1os de trayectoria y m\u00e1s de 1.200 jardines infantiles gratuitos a lo largo del pa\u00eds, contin\u00faa trabajando para brindar espacios educativos inclusivos, diversos y de calidad que promuevan el desarrollo integral y bienestar de la primera infancia.<\/p>\n<\/div><\/section><\/div><div  style='height:50px' class='hr hr-invisible   avia-builder-el-6  el_after_av_one_full  el_before_av_social_share '><span class='hr-inner ' ><span class='hr-inner-style'><\/span><\/span><\/div><\/p>\n<div  class='av-social-sharing-box  avia-builder-el-7  el_after_av_hr  el_before_av_hr  '><div class='av-share-box'><h5 class='av-share-link-description av-no-toc '>Compartir esta noticia<\/h5><ul class='av-share-box-list noLightbox'><li class='av-share-link av-social-link-facebook' ><a target=\"_blank\" aria-label=\"Compartir en Facebook\" href='https:\/\/www.facebook.com\/sharer.php?u=https:\/\/radiorevelacionfm.cl\/?p=57617&#038;t=Salas%20cuna%20y%20jardines%20Infantiles%20de%20Integra%20en%20la%20regi%C3%B3n%20retomaron%20la%20atenci%C3%B3n%20este%20segundo%20semestre' aria-hidden='false' data-av_icon='\ue8f3' data-av_iconfont='entypo-fontello' title='' data-avia-related-tooltip='Compartir en Facebook' rel=\"noopener\"><span class='avia_hidden_link_text'>Compartir en Facebook<\/span><\/a><\/li><li class='av-share-link av-social-link-twitter' ><a target=\"_blank\" aria-label=\"Compartir en Twitter\" href='https:\/\/twitter.com\/share?text=Salas%20cuna%20y%20jardines%20Infantiles%20de%20Integra%20en%20la%20regi%C3%B3n%20retomaron%20la%20atenci%C3%B3n%20este%20segundo%20semestre&#038;url=https:\/\/radiorevelacionfm.cl\/?p=57617' aria-hidden='false' data-av_icon='\ue8f1' data-av_iconfont='entypo-fontello' title='' data-avia-related-tooltip='Compartir en Twitter' rel=\"noopener\"><span class='avia_hidden_link_text'>Compartir en Twitter<\/span><\/a><\/li><li class='av-share-link av-social-link-whatsapp' ><a target=\"_blank\" aria-label=\"Compartir en Whatsapp\" href='https:\/\/api.whatsapp.com\/send?text=https:\/\/radiorevelacionfm.cl\/?p=57617' aria-hidden='false' data-av_icon='\uf232' data-av_iconfont='entypo-fontello' title='' data-avia-related-tooltip='Compartir en Whatsapp' rel=\"noopener\"><span class='avia_hidden_link_text'>Compartir en Whatsapp<\/span><\/a><\/li><li class='av-share-link av-social-link-linkedin' ><a target=\"_blank\" aria-label=\"Compartir en LinkedIn\" href='https:\/\/linkedin.com\/shareArticle?mini=true&#038;title=Salas%20cuna%20y%20jardines%20Infantiles%20de%20Integra%20en%20la%20regi%C3%B3n%20retomaron%20la%20atenci%C3%B3n%20este%20segundo%20semestre&#038;url=https:\/\/radiorevelacionfm.cl\/?p=57617' aria-hidden='false' data-av_icon='\ue8fc' data-av_iconfont='entypo-fontello' title='' data-avia-related-tooltip='Compartir en LinkedIn' rel=\"noopener\"><span class='avia_hidden_link_text'>Compartir en LinkedIn<\/span><\/a><\/li><li class='av-share-link av-social-link-mail' ><a  aria-label=\"Compartir por correo\" href='mailto:?subject=Salas%20cuna%20y%20jardines%20Infantiles%20de%20Integra%20en%20la%20regi%C3%B3n%20retomaron%20la%20atenci%C3%B3n%20este%20segundo%20semestre&#038;body=https:\/\/radiorevelacionfm.cl\/?p=57617' aria-hidden='false' data-av_icon='\ue805' data-av_iconfont='entypo-fontello' title='' data-avia-related-tooltip='Compartir por correo'><span class='avia_hidden_link_text'>Compartir por correo<\/span><\/a><\/li><\/ul><\/div><\/div>\n<div  style='height:50px' class='hr hr-invisible   avia-builder-el-8  el_after_av_social_share  el_before_av_comments_list '><span class='hr-inner ' ><span class='hr-inner-style'><\/span><\/span><\/div>\n<div  class='av-buildercomment  av-blog-meta-html-info-disabled av-blog-meta-tag-disabled  '><\/div>\n","protected":false},"excerpt":{"rendered":"","protected":false},"author":1,"featured_media":57618,"comment_status":"closed","ping_status":"closed","sticky":false,"template":"","format":"standard","meta":{"footnotes":""},"categories":[49],"tags":[],"class_list":["post-57617","post","type-post","status-publish","format-standard","has-post-thumbnail","hentry","category-educacion"],"jetpack_featured_media_url":"https:\/\/radiorevelacionfm.cl\/wp-content\/uploads\/2025\/08\/MG_0560-min-1-1.jpg","_links":{"self":[{"href":"https:\/\/radiorevelacionfm.cl\/index.php?rest_route=\/wp\/v2\/posts\/57617","targetHints":{"allow":["GET"]}}],"collection":[{"href":"https:\/\/radiorevelacionfm.cl\/index.php?rest_route=\/wp\/v2\/posts"}],"about":[{"href":"https:\/\/radiorevelacionfm.cl\/index.php?rest_route=\/wp\/v2\/types\/post"}],"author":[{"embeddable":true,"href":"https:\/\/radiorevelacionfm.cl\/index.php?rest_route=\/wp\/v2\/users\/1"}],"replies":[{"embeddable":true,"href":"https:\/\/radiorevelacionfm.cl\/index.php?rest_route=%2Fwp%2Fv2%2Fcomments&post=57617"}],"version-history":[{"count":2,"href":"https:\/\/radiorevelacionfm.cl\/index.php?rest_route=\/wp\/v2\/posts\/57617\/revisions"}],"predecessor-version":[{"id":57620,"href":"https:\/\/radiorevelacionfm.cl\/index.php?rest_route=\/wp\/v2\/posts\/57617\/revisions\/57620"}],"wp:featuredmedia":[{"embeddable":true,"href":"https:\/\/radiorevelacionfm.cl\/index.php?rest_route=\/wp\/v2\/media\/57618"}],"wp:attachment":[{"href":"https:\/\/radiorevelacionfm.cl\/index.php?rest_route=%2Fwp%2Fv2%2Fmedia&parent=57617"}],"wp:term":[{"taxonomy":"category","embeddable":true,"href":"https:\/\/radiorevelacionfm.cl\/index.php?rest_route=%2Fwp%2Fv2%2Fcategories&post=57617"},{"taxonomy":"post_tag","embeddable":true,"href":"https:\/\/radiorevelacionfm.cl\/index.php?rest_route=%2Fwp%2Fv2%2Ftags&post=57617"}],"curies":[{"name":"wp","href":"https:\/\/api.w.org\/{rel}","templated":true}]}}