{"id":57605,"date":"2025-08-10T16:17:51","date_gmt":"2025-08-10T19:17:51","guid":{"rendered":"https:\/\/radiorevelacionfm.cl\/?p=57605"},"modified":"2025-08-10T16:17:51","modified_gmt":"2025-08-10T19:17:51","slug":"gremios-productivos-de-aysen-se-reunen-con-subsecretaria-de-hacienda","status":"publish","type":"post","link":"https:\/\/radiorevelacionfm.cl\/?p=57605","title":{"rendered":"Gremios productivos de Ays\u00e9n se re\u00fanen con subsecretaria de Hacienda"},"content":{"rendered":"<div class=\"flex_column av_one_full  flex_column_div av-zero-column-padding first  avia-builder-el-0  el_before_av_one_full  avia-builder-el-first  \" style='border-radius:0px; '><div  class='avia-image-container  av-styling-    avia-builder-el-1  avia-builder-el-no-sibling  avia-align-center '  itemprop=\"image\" itemscope=\"itemscope\" itemtype=\"https:\/\/schema.org\/ImageObject\"  ><div class='avia-image-container-inner'><div class='avia-image-overlay-wrap'><img decoding=\"async\" class='wp-image-57606 avia-img-lazy-loading-not-57606 avia_image' src=\"https:\/\/radiorevelacionfm.cl\/wp-content\/uploads\/2025\/08\/1-2025-08-10T123724.053-1-1.jpg\" alt='' title='1 - 2025-08-10T123724.053 (1) (1)' height=\"600\" width=\"800\"  itemprop=\"thumbnailUrl\" srcset=\"https:\/\/radiorevelacionfm.cl\/wp-content\/uploads\/2025\/08\/1-2025-08-10T123724.053-1-1.jpg 800w, https:\/\/radiorevelacionfm.cl\/wp-content\/uploads\/2025\/08\/1-2025-08-10T123724.053-1-1-300x225.jpg 300w, https:\/\/radiorevelacionfm.cl\/wp-content\/uploads\/2025\/08\/1-2025-08-10T123724.053-1-1-768x576.jpg 768w, https:\/\/radiorevelacionfm.cl\/wp-content\/uploads\/2025\/08\/1-2025-08-10T123724.053-1-1-705x529.jpg 705w, https:\/\/radiorevelacionfm.cl\/wp-content\/uploads\/2025\/08\/1-2025-08-10T123724.053-1-1-450x338.jpg 450w, https:\/\/radiorevelacionfm.cl\/wp-content\/uploads\/2025\/08\/1-2025-08-10T123724.053-1-1-600x450.jpg 600w\" sizes=\"(max-width: 800px) 100vw, 800px\" \/><\/div><\/div><\/div><\/div><div class=\"flex_column av_one_full  flex_column_div av-zero-column-padding first  avia-builder-el-2  el_after_av_one_full  el_before_av_one_full  column-top-margin\" style='border-radius:0px; '><section class=\"av_textblock_section \"  itemscope=\"itemscope\" itemtype=\"https:\/\/schema.org\/BlogPosting\" itemprop=\"blogPost\" ><div class='avia_textblock  '   itemprop=\"text\" ><p style=\"text-align: center;\"><span style=\"font-size: 18pt;\"><strong>Gremios productivos de Ays\u00e9n se re\u00fanen con subsecretaria de Hacienda<\/strong><\/span><\/p>\n<div id=\"gtx-trans\" style=\"position: absolute; left: -50px; top: 4.31534px;\">\n<div class=\"gtx-trans-icon\"><\/div>\n<\/div>\n<\/div><\/section><\/div><div class=\"flex_column av_one_full  flex_column_div av-zero-column-padding first  avia-builder-el-4  el_after_av_one_full  el_before_av_hr  column-top-margin\" style='border-radius:0px; '><section class=\"av_textblock_section \"  itemscope=\"itemscope\" itemtype=\"https:\/\/schema.org\/BlogPosting\" itemprop=\"blogPost\" ><div class='avia_textblock  '   itemprop=\"text\" ><p style=\"text-align: justify;\"><em>Leyes de incentivo a la inversi\u00f3n, el proyecto de zona franca y contar con un representante del ministerio en la regi\u00f3n, fueron parte del di\u00e1logo con la autoridad.<\/em><\/p>\n<p style=\"text-align: justify;\">Por cerca de una hora y media, se extendi\u00f3 la reuni\u00f3n de trabajo que, representantes de los gremios productivos de la regi\u00f3n, sostuvieron con la subsecretaria de Hacienda, Heidi Berner, a quien plantearon las preocupaciones locales en materia de crecimiento y desarrollo econ\u00f3mico.<\/p>\n<p style=\"text-align: justify;\">La reuni\u00f3n, desarrollada en dependencias de la C\u00e1mara Chilena de la Construcci\u00f3n (CChC) de Coyhaique, comenz\u00f3 con una presentaci\u00f3n de la subsecretaria, para dar a conocer los alcances del proyecto de ley que el gobierno ingres\u00f3 a tramitaci\u00f3n en el Congreso, a fines del mes de julio, dise\u00f1ada para las peque\u00f1as y medianas empresas.<\/p>\n<p style=\"text-align: justify;\">Posteriormente, los gremios manifestaron sus inquietudes y solicitaron a la autoridad, gestiones para mejorar materias tales como las leyes de excepci\u00f3n vigentes en la regi\u00f3n y potenciar los sectores productivos del comercio, turismo, construcci\u00f3n y salmonicultura, entre otros.<\/p>\n<p style=\"text-align: justify;\">As\u00ed lo detall\u00f3 Pablo Carrasco, presidente de la CChC Coyhaique, \u201cLa propuesta es tendiente a mejorar la norma que existe en la regi\u00f3n sobre el uso de los instrumentos y las leyes especiales, queremos mejorarlas. Pensamos que podr\u00eda ser un gran complemento al desarrollo de la industria regional y al desarrollo de todas las empresas regionales\u201d.<\/p>\n<p style=\"text-align: justify;\">El dirigente gremial, -que entreg\u00f3 a la subsecretaria un estudio local que analizar las leyes de incentivo y propone mejoras a ellas-, agreg\u00f3 que la autoridad gubernamental se comprometi\u00f3 a revisar el documento, \u201cOjal\u00e1 podamos avanzar y tener noticias\u201d, finaliz\u00f3 Carrasco.<\/p>\n<p style=\"text-align: justify;\">En tanto, la subsecretaria Berner, agradeci\u00f3 la oportunidad de di\u00e1logo, indicando que revisar\u00e1n administrativamente las solicitudes regionales \u201cLas vamos a ver desde un punto de vista m\u00e1s administrativo, de c\u00f3mo se pueden aplicar\u201d, detall\u00f3.<\/p>\n<p style=\"text-align: justify;\">Otro de los puntos abordados fue la instalaci\u00f3n del recinto de zona franca y c\u00f3mo la mejora de las leyes de excepci\u00f3n, puede vincularse con este espacio, para confluir en la entrega de mejores oportunidades al crecimiento a las pymes \u201cpuede ser una buena oportunidad para el trabajo que estamos haciendo en relaci\u00f3n a la licitaci\u00f3n del recinto franco, de ver c\u00f3mo con esa licitaci\u00f3n y con el tipo de servicio que se otorguen, se puede complementar de mejor forma con las distintas leyes que existen en la regi\u00f3n de Ays\u00e9n, para potenciar la inversi\u00f3n\u201d, aclar\u00f3 la subsecretaria de Hacienda.<\/p>\n<p style=\"text-align: justify;\">Esta reuni\u00f3n cont\u00f3 con la asistencia de gremios y representantes de la industria privada de la regi\u00f3n, tales como el sector turismo, las C\u00e1mara de Comercio de Coyhaique y Puerto Ays\u00e9n, la C\u00e1mara Chilena de la Construcci\u00f3n, CorpAys\u00e9n y la industria acu\u00edcola, entre otros.<\/p>\n<p style=\"text-align: justify;\">Cabe se\u00f1alar que, adicionalmente, se solicit\u00f3 a la subsecretaria la posibilidad de contar con un secretario regional ministerial y\/o un representante del ministerio de Hacienda en la regi\u00f3n, esto en consideraci\u00f3n que, actualmente, solo las regiones de Arica, B\u00edo B\u00edo, La Araucan\u00eda y Magallanes, cuentan con esta autoridad en sus territorios, pues su presencia en Ays\u00e9n, permitir\u00eda mejorar el contacto y trabajo con esta cartera del Estado.<\/p>\n<\/div><\/section><\/div><div  style='height:50px' class='hr hr-invisible   avia-builder-el-6  el_after_av_one_full  el_before_av_social_share '><span class='hr-inner ' ><span class='hr-inner-style'><\/span><\/span><\/div><\/p>\n<div  class='av-social-sharing-box  avia-builder-el-7  el_after_av_hr  el_before_av_hr  '><div class='av-share-box'><h5 class='av-share-link-description av-no-toc '>Compartir esta noticia<\/h5><ul class='av-share-box-list noLightbox'><li class='av-share-link av-social-link-facebook' ><a target=\"_blank\" aria-label=\"Compartir en Facebook\" href='https:\/\/www.facebook.com\/sharer.php?u=https:\/\/radiorevelacionfm.cl\/?p=57605&#038;t=Gremios%20productivos%20de%20Ays%C3%A9n%20se%20re%C3%BAnen%20con%20subsecretaria%20de%20Hacienda' aria-hidden='false' data-av_icon='\ue8f3' data-av_iconfont='entypo-fontello' title='' data-avia-related-tooltip='Compartir en Facebook' rel=\"noopener\"><span class='avia_hidden_link_text'>Compartir en Facebook<\/span><\/a><\/li><li class='av-share-link av-social-link-twitter' ><a target=\"_blank\" aria-label=\"Compartir en Twitter\" href='https:\/\/twitter.com\/share?text=Gremios%20productivos%20de%20Ays%C3%A9n%20se%20re%C3%BAnen%20con%20subsecretaria%20de%20Hacienda&#038;url=https:\/\/radiorevelacionfm.cl\/?p=57605' aria-hidden='false' data-av_icon='\ue8f1' data-av_iconfont='entypo-fontello' title='' data-avia-related-tooltip='Compartir en Twitter' rel=\"noopener\"><span class='avia_hidden_link_text'>Compartir en Twitter<\/span><\/a><\/li><li class='av-share-link av-social-link-whatsapp' ><a target=\"_blank\" aria-label=\"Compartir en Whatsapp\" href='https:\/\/api.whatsapp.com\/send?text=https:\/\/radiorevelacionfm.cl\/?p=57605' aria-hidden='false' data-av_icon='\uf232' data-av_iconfont='entypo-fontello' title='' data-avia-related-tooltip='Compartir en Whatsapp' rel=\"noopener\"><span class='avia_hidden_link_text'>Compartir en Whatsapp<\/span><\/a><\/li><li class='av-share-link av-social-link-linkedin' ><a target=\"_blank\" aria-label=\"Compartir en LinkedIn\" href='https:\/\/linkedin.com\/shareArticle?mini=true&#038;title=Gremios%20productivos%20de%20Ays%C3%A9n%20se%20re%C3%BAnen%20con%20subsecretaria%20de%20Hacienda&#038;url=https:\/\/radiorevelacionfm.cl\/?p=57605' aria-hidden='false' data-av_icon='\ue8fc' data-av_iconfont='entypo-fontello' title='' data-avia-related-tooltip='Compartir en LinkedIn' rel=\"noopener\"><span class='avia_hidden_link_text'>Compartir en LinkedIn<\/span><\/a><\/li><li class='av-share-link av-social-link-mail' ><a  aria-label=\"Compartir por correo\" href='mailto:?subject=Gremios%20productivos%20de%20Ays%C3%A9n%20se%20re%C3%BAnen%20con%20subsecretaria%20de%20Hacienda&#038;body=https:\/\/radiorevelacionfm.cl\/?p=57605' aria-hidden='false' data-av_icon='\ue805' data-av_iconfont='entypo-fontello' title='' data-avia-related-tooltip='Compartir por correo'><span class='avia_hidden_link_text'>Compartir por correo<\/span><\/a><\/li><\/ul><\/div><\/div>\n<div  style='height:50px' class='hr hr-invisible   avia-builder-el-8  el_after_av_social_share  el_before_av_comments_list '><span class='hr-inner ' ><span class='hr-inner-style'><\/span><\/span><\/div>\n<div  class='av-buildercomment  av-blog-meta-html-info-disabled av-blog-meta-tag-disabled  '><\/div>\n","protected":false},"excerpt":{"rendered":"","protected":false},"author":1,"featured_media":57606,"comment_status":"closed","ping_status":"closed","sticky":false,"template":"","format":"standard","meta":{"footnotes":""},"categories":[38],"tags":[],"class_list":["post-57605","post","type-post","status-publish","format-standard","has-post-thumbnail","hentry","category-regional"],"jetpack_featured_media_url":"https:\/\/radiorevelacionfm.cl\/wp-content\/uploads\/2025\/08\/1-2025-08-10T123724.053-1-1.jpg","_links":{"self":[{"href":"https:\/\/radiorevelacionfm.cl\/index.php?rest_route=\/wp\/v2\/posts\/57605","targetHints":{"allow":["GET"]}}],"collection":[{"href":"https:\/\/radiorevelacionfm.cl\/index.php?rest_route=\/wp\/v2\/posts"}],"about":[{"href":"https:\/\/radiorevelacionfm.cl\/index.php?rest_route=\/wp\/v2\/types\/post"}],"author":[{"embeddable":true,"href":"https:\/\/radiorevelacionfm.cl\/index.php?rest_route=\/wp\/v2\/users\/1"}],"replies":[{"embeddable":true,"href":"https:\/\/radiorevelacionfm.cl\/index.php?rest_route=%2Fwp%2Fv2%2Fcomments&post=57605"}],"version-history":[{"count":2,"href":"https:\/\/radiorevelacionfm.cl\/index.php?rest_route=\/wp\/v2\/posts\/57605\/revisions"}],"predecessor-version":[{"id":57608,"href":"https:\/\/radiorevelacionfm.cl\/index.php?rest_route=\/wp\/v2\/posts\/57605\/revisions\/57608"}],"wp:featuredmedia":[{"embeddable":true,"href":"https:\/\/radiorevelacionfm.cl\/index.php?rest_route=\/wp\/v2\/media\/57606"}],"wp:attachment":[{"href":"https:\/\/radiorevelacionfm.cl\/index.php?rest_route=%2Fwp%2Fv2%2Fmedia&parent=57605"}],"wp:term":[{"taxonomy":"category","embeddable":true,"href":"https:\/\/radiorevelacionfm.cl\/index.php?rest_route=%2Fwp%2Fv2%2Fcategories&post=57605"},{"taxonomy":"post_tag","embeddable":true,"href":"https:\/\/radiorevelacionfm.cl\/index.php?rest_route=%2Fwp%2Fv2%2Ftags&post=57605"}],"curies":[{"name":"wp","href":"https:\/\/api.w.org\/{rel}","templated":true}]}}