{"id":57601,"date":"2025-08-10T12:26:47","date_gmt":"2025-08-10T15:26:47","guid":{"rendered":"https:\/\/radiorevelacionfm.cl\/?p=57601"},"modified":"2025-08-10T12:26:47","modified_gmt":"2025-08-10T15:26:47","slug":"indap-aysen-abre-segundo-llamado-al-concurso-bono-legal-de-aguas-2025-para-apoyar-acceso-al-recurso-hidrico-con-seguridad-juridica","status":"publish","type":"post","link":"https:\/\/radiorevelacionfm.cl\/?p=57601","title":{"rendered":"Indap Ays\u00e9n abre segundo llamado al concurso Bono Legal de Aguas 2025 para apoyar acceso al recurso h\u00eddrico con seguridad jur\u00eddica"},"content":{"rendered":"<div class=\"flex_column av_one_full  flex_column_div av-zero-column-padding first  avia-builder-el-0  el_before_av_one_full  avia-builder-el-first  \" style='border-radius:0px; '><div  class='avia-image-container  av-styling-    avia-builder-el-1  avia-builder-el-no-sibling  avia-align-center '  itemprop=\"image\" itemscope=\"itemscope\" itemtype=\"https:\/\/schema.org\/ImageObject\"  ><div class='avia-image-container-inner'><div class='avia-image-overlay-wrap'><img decoding=\"async\" class='wp-image-57602 avia-img-lazy-loading-not-57602 avia_image' src=\"https:\/\/radiorevelacionfm.cl\/wp-content\/uploads\/2025\/08\/concurso-bla-2-photoroom-1-1_optimized-1.jpg\" alt='' title='concurso-bla-2-photoroom-(1)-(1)_optimized (1)' height=\"600\" width=\"910\"  itemprop=\"thumbnailUrl\" srcset=\"https:\/\/radiorevelacionfm.cl\/wp-content\/uploads\/2025\/08\/concurso-bla-2-photoroom-1-1_optimized-1.jpg 910w, https:\/\/radiorevelacionfm.cl\/wp-content\/uploads\/2025\/08\/concurso-bla-2-photoroom-1-1_optimized-1-300x198.jpg 300w, https:\/\/radiorevelacionfm.cl\/wp-content\/uploads\/2025\/08\/concurso-bla-2-photoroom-1-1_optimized-1-768x506.jpg 768w, https:\/\/radiorevelacionfm.cl\/wp-content\/uploads\/2025\/08\/concurso-bla-2-photoroom-1-1_optimized-1-705x465.jpg 705w, https:\/\/radiorevelacionfm.cl\/wp-content\/uploads\/2025\/08\/concurso-bla-2-photoroom-1-1_optimized-1-450x297.jpg 450w, https:\/\/radiorevelacionfm.cl\/wp-content\/uploads\/2025\/08\/concurso-bla-2-photoroom-1-1_optimized-1-600x396.jpg 600w\" sizes=\"(max-width: 910px) 100vw, 910px\" \/><\/div><\/div><\/div><\/div><div class=\"flex_column av_one_full  flex_column_div av-zero-column-padding first  avia-builder-el-2  el_after_av_one_full  el_before_av_one_full  column-top-margin\" style='border-radius:0px; '><section class=\"av_textblock_section \"  itemscope=\"itemscope\" itemtype=\"https:\/\/schema.org\/BlogPosting\" itemprop=\"blogPost\" ><div class='avia_textblock  '   itemprop=\"text\" ><p style=\"text-align: center;\"><strong><span style=\"font-size: 18pt;\">Indap Ays\u00e9n abre segundo llamado al concurso Bono Legal de Aguas 2025 para apoyar acceso al recurso h\u00eddrico con seguridad jur\u00eddica<\/span><\/strong><\/p>\n<div id=\"gtx-trans\" style=\"position: absolute; left: -50px; top: 4.31534px;\">\n<div class=\"gtx-trans-icon\"><\/div>\n<\/div>\n<\/div><\/section><\/div><div class=\"flex_column av_one_full  flex_column_div av-zero-column-padding first  avia-builder-el-4  el_after_av_one_full  el_before_av_hr  column-top-margin\" style='border-radius:0px; '><section class=\"av_textblock_section \"  itemscope=\"itemscope\" itemtype=\"https:\/\/schema.org\/BlogPosting\" itemprop=\"blogPost\" ><div class='avia_textblock  '   itemprop=\"text\" ><p style=\"text-align: justify;\">Como parte de su compromiso con una Agricultura Familiar Campesina e Ind\u00edgena (AFCI) m\u00e1s sostenible, segura y resiliente, INDAP Ays\u00e9n del Ministerio de Agricultura anunci\u00f3 la apertura de un segundo llamado para postular al Bono Legal de Aguas (BLA), instrumento de fomento destinado a facilitar el acceso legal y regularizado al recurso h\u00eddrico. El periodo de postulaci\u00f3n estar\u00e1 abierto hasta el 29 de agosto de 2025, y las postulaciones deber\u00e1n ser entregadas en las Agencias de \u00c1rea de INDAP en la Regi\u00f3n de Ays\u00e9n hasta las 13:00 horas del d\u00eda de cierre.<\/p>\n<p style=\"text-align: justify;\">\u201cUno de los pilares fundamentales de nuestra estrategia institucional es asegurar que las familias campesinas puedan acceder al agua con seguridad a trav\u00e9s del apoyo jur\u00eddico. Este instrumento es clave para habilitar ese derecho, y seguiremos impuls\u00e1ndolo con foco territorial y mirada de largo plazo\u201d, se\u00f1al\u00f3 la directora regional de INDAP Ays\u00e9n, Yessica Lagos C\u00e1rdenas.<\/p>\n<p style=\"text-align: justify;\">Este concurso contempla fondos destinados a financiar tr\u00e1mites legales que permitan a las y los usuarios regularizar derechos de aprovechamiento de aguas ante la Direcci\u00f3n General de Aguas (DGA), inscribirlos en el Conservador de Bienes Ra\u00edces (CBR) y registrarlos en el Catastro P\u00fablico de Aguas (CPA), entre otros.<\/p>\n<p style=\"text-align: justify;\">El Bono Legal de Aguas forma parte de la estrategia institucional 2023\u20132030: \u201cPor una AFCI m\u00e1s sostenible, inclusiva y resiliente\u201d, y se enmarca en los ejes de agricultura sostenible, transformaci\u00f3n participativa y fortalecimiento de organizaciones de usuarios de agua.<\/p>\n<p style=\"text-align: justify;\">Este segundo llamado tambi\u00e9n considera la postulaci\u00f3n de usuarios nuevos, as\u00ed como de aquellas personas que tengan procesos en curso iniciados en a\u00f1os anteriores. Tendr\u00e1n prioridad las demandas que se encuentren en etapas avanzadas de tramitaci\u00f3n, como:<\/p>\n<p style=\"text-align: justify;\">Regularizaciones acogidas al art\u00edculo 4\u00b0 transitorio de la Ley N\u00b020.017 que cuenten con resoluci\u00f3n de constituci\u00f3n de la DGA, pero no han culminado su inscripci\u00f3n en CBR y CPA.<\/p>\n<p style=\"text-align: justify;\">Procesos asociados a tr\u00e1mites pendientes con resoluci\u00f3n DGA en etapa de inscripci\u00f3n.<br \/>\nSolicitudes ligadas a proyectos de riego (PRI) 2025 o gastos derivados de visitas t\u00e9cnicas y certificaciones.<\/p>\n<p style=\"text-align: justify;\">Las postulaciones ser\u00e1n evaluadas bajo los criterios establecidos en la normativa del programa BLA, considerando valores referenciales de hasta 18 UF para la etapa inicial, incluyendo la preparaci\u00f3n del informe t\u00e9cnico y publicaciones oficiales.<\/p>\n<p style=\"text-align: justify;\">Asimismo, INDAP recuerda que, de acuerdo con la Ley N\u00b021.389, la entrega del incentivo est\u00e1 sujeta a la revisi\u00f3n del Registro Nacional de Deudores de Pensiones de Alimentos. En caso de inscripci\u00f3n vigente, se aplicar\u00e1n los procedimientos correspondientes para garantizar el cumplimiento legal. Para dudas o consultas, las y los usuarios de INDAP podr\u00e1n acercarse a sus respectivas Agencias de \u00c1rea o a la Direcci\u00f3n Regional.<\/p>\n<\/div><\/section><\/div><div  style='height:50px' class='hr hr-invisible   avia-builder-el-6  el_after_av_one_full  el_before_av_social_share '><span class='hr-inner ' ><span class='hr-inner-style'><\/span><\/span><\/div><\/p>\n<div  class='av-social-sharing-box  avia-builder-el-7  el_after_av_hr  el_before_av_hr  '><div class='av-share-box'><h5 class='av-share-link-description av-no-toc '>Compartir esta noticia<\/h5><ul class='av-share-box-list noLightbox'><li class='av-share-link av-social-link-facebook' ><a target=\"_blank\" aria-label=\"Compartir en Facebook\" href='https:\/\/www.facebook.com\/sharer.php?u=https:\/\/radiorevelacionfm.cl\/?p=57601&#038;t=Indap%20Ays%C3%A9n%20abre%20segundo%20llamado%20al%20concurso%20Bono%20Legal%20de%20Aguas%202025%20para%20apoyar%20acceso%20al%20recurso%20h%C3%ADdrico%20con%20seguridad%20jur%C3%ADdica' aria-hidden='false' data-av_icon='\ue8f3' data-av_iconfont='entypo-fontello' title='' data-avia-related-tooltip='Compartir en Facebook' rel=\"noopener\"><span class='avia_hidden_link_text'>Compartir en Facebook<\/span><\/a><\/li><li class='av-share-link av-social-link-twitter' ><a target=\"_blank\" aria-label=\"Compartir en Twitter\" href='https:\/\/twitter.com\/share?text=Indap%20Ays%C3%A9n%20abre%20segundo%20llamado%20al%20concurso%20Bono%20Legal%20de%20Aguas%202025%20para%20apoyar%20acceso%20al%20recurso%20h%C3%ADdrico%20con%20seguridad%20jur%C3%ADdica&#038;url=https:\/\/radiorevelacionfm.cl\/?p=57601' aria-hidden='false' data-av_icon='\ue8f1' data-av_iconfont='entypo-fontello' title='' data-avia-related-tooltip='Compartir en Twitter' rel=\"noopener\"><span class='avia_hidden_link_text'>Compartir en Twitter<\/span><\/a><\/li><li class='av-share-link av-social-link-whatsapp' ><a target=\"_blank\" aria-label=\"Compartir en Whatsapp\" href='https:\/\/api.whatsapp.com\/send?text=https:\/\/radiorevelacionfm.cl\/?p=57601' aria-hidden='false' data-av_icon='\uf232' data-av_iconfont='entypo-fontello' title='' data-avia-related-tooltip='Compartir en Whatsapp' rel=\"noopener\"><span class='avia_hidden_link_text'>Compartir en Whatsapp<\/span><\/a><\/li><li class='av-share-link av-social-link-linkedin' ><a target=\"_blank\" aria-label=\"Compartir en LinkedIn\" href='https:\/\/linkedin.com\/shareArticle?mini=true&#038;title=Indap%20Ays%C3%A9n%20abre%20segundo%20llamado%20al%20concurso%20Bono%20Legal%20de%20Aguas%202025%20para%20apoyar%20acceso%20al%20recurso%20h%C3%ADdrico%20con%20seguridad%20jur%C3%ADdica&#038;url=https:\/\/radiorevelacionfm.cl\/?p=57601' aria-hidden='false' data-av_icon='\ue8fc' data-av_iconfont='entypo-fontello' title='' data-avia-related-tooltip='Compartir en LinkedIn' rel=\"noopener\"><span class='avia_hidden_link_text'>Compartir en LinkedIn<\/span><\/a><\/li><li class='av-share-link av-social-link-mail' ><a  aria-label=\"Compartir por correo\" href='mailto:?subject=Indap%20Ays%C3%A9n%20abre%20segundo%20llamado%20al%20concurso%20Bono%20Legal%20de%20Aguas%202025%20para%20apoyar%20acceso%20al%20recurso%20h%C3%ADdrico%20con%20seguridad%20jur%C3%ADdica&#038;body=https:\/\/radiorevelacionfm.cl\/?p=57601' aria-hidden='false' data-av_icon='\ue805' data-av_iconfont='entypo-fontello' title='' data-avia-related-tooltip='Compartir por correo'><span class='avia_hidden_link_text'>Compartir por correo<\/span><\/a><\/li><\/ul><\/div><\/div>\n<div  style='height:50px' class='hr hr-invisible   avia-builder-el-8  el_after_av_social_share  el_before_av_comments_list '><span class='hr-inner ' ><span class='hr-inner-style'><\/span><\/span><\/div>\n<div  class='av-buildercomment  av-blog-meta-html-info-disabled av-blog-meta-tag-disabled  '><\/div>\n","protected":false},"excerpt":{"rendered":"","protected":false},"author":1,"featured_media":57602,"comment_status":"closed","ping_status":"closed","sticky":false,"template":"","format":"standard","meta":{"footnotes":""},"categories":[38],"tags":[],"class_list":["post-57601","post","type-post","status-publish","format-standard","has-post-thumbnail","hentry","category-regional"],"jetpack_featured_media_url":"https:\/\/radiorevelacionfm.cl\/wp-content\/uploads\/2025\/08\/concurso-bla-2-photoroom-1-1_optimized-1.jpg","_links":{"self":[{"href":"https:\/\/radiorevelacionfm.cl\/index.php?rest_route=\/wp\/v2\/posts\/57601","targetHints":{"allow":["GET"]}}],"collection":[{"href":"https:\/\/radiorevelacionfm.cl\/index.php?rest_route=\/wp\/v2\/posts"}],"about":[{"href":"https:\/\/radiorevelacionfm.cl\/index.php?rest_route=\/wp\/v2\/types\/post"}],"author":[{"embeddable":true,"href":"https:\/\/radiorevelacionfm.cl\/index.php?rest_route=\/wp\/v2\/users\/1"}],"replies":[{"embeddable":true,"href":"https:\/\/radiorevelacionfm.cl\/index.php?rest_route=%2Fwp%2Fv2%2Fcomments&post=57601"}],"version-history":[{"count":2,"href":"https:\/\/radiorevelacionfm.cl\/index.php?rest_route=\/wp\/v2\/posts\/57601\/revisions"}],"predecessor-version":[{"id":57604,"href":"https:\/\/radiorevelacionfm.cl\/index.php?rest_route=\/wp\/v2\/posts\/57601\/revisions\/57604"}],"wp:featuredmedia":[{"embeddable":true,"href":"https:\/\/radiorevelacionfm.cl\/index.php?rest_route=\/wp\/v2\/media\/57602"}],"wp:attachment":[{"href":"https:\/\/radiorevelacionfm.cl\/index.php?rest_route=%2Fwp%2Fv2%2Fmedia&parent=57601"}],"wp:term":[{"taxonomy":"category","embeddable":true,"href":"https:\/\/radiorevelacionfm.cl\/index.php?rest_route=%2Fwp%2Fv2%2Fcategories&post=57601"},{"taxonomy":"post_tag","embeddable":true,"href":"https:\/\/radiorevelacionfm.cl\/index.php?rest_route=%2Fwp%2Fv2%2Ftags&post=57601"}],"curies":[{"name":"wp","href":"https:\/\/api.w.org\/{rel}","templated":true}]}}