{"id":57597,"date":"2025-08-10T12:14:03","date_gmt":"2025-08-10T15:14:03","guid":{"rendered":"https:\/\/radiorevelacionfm.cl\/?p=57597"},"modified":"2025-08-10T12:14:03","modified_gmt":"2025-08-10T15:14:03","slug":"39-familias-del-comite-san-luis-guanella-de-coyhaique-recibieron-las-escrituras-de-sus-viviendas","status":"publish","type":"post","link":"https:\/\/radiorevelacionfm.cl\/?p=57597","title":{"rendered":"39 Familias del comit\u00e9 San Luis Guanella de Coyhaique recibieron las escrituras de sus viviendas"},"content":{"rendered":"<div class=\"flex_column av_one_full  flex_column_div av-zero-column-padding first  avia-builder-el-0  el_before_av_one_full  avia-builder-el-first  \" style='border-radius:0px; '><div  class='avia-image-container  av-styling-    avia-builder-el-1  avia-builder-el-no-sibling  avia-align-center '  itemprop=\"image\" itemscope=\"itemscope\" itemtype=\"https:\/\/schema.org\/ImageObject\"  ><div class='avia-image-container-inner'><div class='avia-image-overlay-wrap'><img decoding=\"async\" class='wp-image-57598 avia-img-lazy-loading-not-57598 avia_image' src=\"https:\/\/radiorevelacionfm.cl\/wp-content\/uploads\/2025\/08\/Seremi-de-Vivienda-entrega-escritura-de-sus-vivienda-a-una-de-las-39-familias-del-comite-San-Luis-Guanella-de-Coyhaique-1-1.jpg\" alt='' title='Seremi de Vivienda entrega escritura de sus vivienda a una de las 39 familias del comit\u00e9 San Luis Guanella de Coyhaique (1) (1)' height=\"600\" width=\"911\"  itemprop=\"thumbnailUrl\" srcset=\"https:\/\/radiorevelacionfm.cl\/wp-content\/uploads\/2025\/08\/Seremi-de-Vivienda-entrega-escritura-de-sus-vivienda-a-una-de-las-39-familias-del-comite-San-Luis-Guanella-de-Coyhaique-1-1.jpg 911w, https:\/\/radiorevelacionfm.cl\/wp-content\/uploads\/2025\/08\/Seremi-de-Vivienda-entrega-escritura-de-sus-vivienda-a-una-de-las-39-familias-del-comite-San-Luis-Guanella-de-Coyhaique-1-1-300x198.jpg 300w, https:\/\/radiorevelacionfm.cl\/wp-content\/uploads\/2025\/08\/Seremi-de-Vivienda-entrega-escritura-de-sus-vivienda-a-una-de-las-39-familias-del-comite-San-Luis-Guanella-de-Coyhaique-1-1-768x506.jpg 768w, https:\/\/radiorevelacionfm.cl\/wp-content\/uploads\/2025\/08\/Seremi-de-Vivienda-entrega-escritura-de-sus-vivienda-a-una-de-las-39-familias-del-comite-San-Luis-Guanella-de-Coyhaique-1-1-705x464.jpg 705w, https:\/\/radiorevelacionfm.cl\/wp-content\/uploads\/2025\/08\/Seremi-de-Vivienda-entrega-escritura-de-sus-vivienda-a-una-de-las-39-familias-del-comite-San-Luis-Guanella-de-Coyhaique-1-1-450x296.jpg 450w, https:\/\/radiorevelacionfm.cl\/wp-content\/uploads\/2025\/08\/Seremi-de-Vivienda-entrega-escritura-de-sus-vivienda-a-una-de-las-39-familias-del-comite-San-Luis-Guanella-de-Coyhaique-1-1-600x395.jpg 600w\" sizes=\"(max-width: 911px) 100vw, 911px\" \/><\/div><\/div><\/div><\/div><div class=\"flex_column av_one_full  flex_column_div av-zero-column-padding first  avia-builder-el-2  el_after_av_one_full  el_before_av_one_full  column-top-margin\" style='border-radius:0px; '><section class=\"av_textblock_section \"  itemscope=\"itemscope\" itemtype=\"https:\/\/schema.org\/BlogPosting\" itemprop=\"blogPost\" ><div class='avia_textblock  '   itemprop=\"text\" ><p style=\"text-align: center;\"><strong><span style=\"font-size: 18pt;\">39 Familias del comit\u00e9 San Luis Guanella de Coyhaique recibieron las escrituras de sus viviendas<\/span><\/strong><\/p>\n<div id=\"gtx-trans\" style=\"position: absolute; left: -50px; top: 4.31534px;\">\n<div class=\"gtx-trans-icon\"><\/div>\n<\/div>\n<\/div><\/section><\/div><div class=\"flex_column av_one_full  flex_column_div av-zero-column-padding first  avia-builder-el-4  el_after_av_one_full  el_before_av_hr  column-top-margin\" style='border-radius:0px; '><section class=\"av_textblock_section \"  itemscope=\"itemscope\" itemtype=\"https:\/\/schema.org\/BlogPosting\" itemprop=\"blogPost\" ><div class='avia_textblock  '   itemprop=\"text\" ><p style=\"text-align: justify;\">En una emotiva ceremonia que cont\u00f3 con participaci\u00f3n de autoridades regionales y locales, los 39 integrantes del comit\u00e9 San Luis Guanella de Coyhaique recibieron la tarde del viernes las esperadas escrituras de sus viviendas, documentos que los acreditan legalmente como propietarios y que les permiten mirar con mayor tranquilidad y seguridad hacia el futuro.<\/p>\n<p style=\"text-align: justify;\">Cabe recordar que este grupo de familias se constituy\u00f3 como comit\u00e9 hace m\u00e1s de diez a\u00f1os, teniendo que sortear diversas dificultades en su camino hacia la casa propia, Es por eso que cerrar con \u00e9xito esta etapa marc\u00f3 un gran paso en sus vidas, tal como lo manifest\u00f3 el dirigente Luis Ibarra, quien agradeci\u00f3 el apoyo recibido y destac\u00f3 la perseverancia de cada uno de los socios.\u00a0 \u201cEs indudable, hay que tener principios, hay que tener paciencia. Esto dur\u00f3 m\u00e1s de 12 a\u00f1os, por eso en alg\u00fan momento dije yo que \u00e9ramos m\u00e1s jovencitos. El \u00e1nimo de nosotros siempre fue positivo, siempre las cosas las tomamos con calma, con paciencia, porque las cosas no resultan de la noche a la ma\u00f1ana. Hubo cambios de empresas, constructoras, hubo un caminar con muchas piedras en el sendero, pero al final se logr\u00f3 el objetivo, que era lo m\u00e1s importante y ya estamos con el t\u00edtulo en la mano. Por eso tambi\u00e9n le dije a la gente que ten\u00edamos que ser una villa ejemplar y vamos a tratar de que esto se mantenga y formar una buena junta de vecinos\u201d, afirm\u00f3.<\/p>\n<p style=\"text-align: justify;\">De igual forma la Seremi de Vivienda, Paulina Ruz Delf\u00edn, se mostr\u00f3 feliz de poder compartir un momento tan importante con las familias y confirmar una vez m\u00e1s que el trabajo realizado muestra resultados concretos en toda la regi\u00f3n. \u201cEs una ceremonia importante, ya que con esto se cumple un hito para las familias, pues hoy podemos decir que son oficial y jur\u00eddicamente due\u00f1os de sus viviendas. Esto tambi\u00e9n se debe a un trabajo mancomunado que hemos hecho los distintos organismos, pero lo m\u00e1s importante es que hoy pueden decir que son due\u00f1os de su casa, para que las habiten, para que las cuiden, para que hagan una bonita vida tambi\u00e9n en ellas. Estas 39 soluciones son s\u00edmbolo de que el Plan de Emergencia Habitacional del Gobierno llega a las distintas familias de la regi\u00f3n y ellos fueron parte de esta meta, la que al d\u00eda de hoy ya est\u00e1 casi cumplida, con viviendas de gran calidad y con el m\u00e1s alto est\u00e1ndar de acondicionamiento t\u00e9rmico\u201d, precis\u00f3.<\/p>\n<p style=\"text-align: justify;\">Finalmente, el Delegado Presidencial Regional, Jorge D\u00edaz Guzm\u00e1n, expres\u00f3 tambi\u00e9n su satisfacci\u00f3n al ver que cada d\u00eda m\u00e1s familias de la regi\u00f3n pueden acceder a una mejor calidad de vida. \u201cHoy los vecinos, las vecinas se sienten propietarios de su vivienda, es patrimonio ya de ellos, y por lo tanto es un acto muy significativo. Como Gobierno estamos muy contentos de que las familias tengan su vivienda propia, ya que para nosotros la vivienda es un derecho, as\u00ed como la salud, as\u00ed como la educaci\u00f3n. La vivienda tambi\u00e9n es un derecho, y por lo tanto el esfuerzo que hace el Estado, porque aqu\u00ed son recursos p\u00fablicos que salen de todos los chilenos y de la riqueza que produce el pa\u00eds, se traduce en felicidad, en realizaci\u00f3n y en justicia social para las familias de toda la regi\u00f3n. Y nosotros valoramos eso y queremos seguir trabajando para que la gente, no solamente de Coyhaique, sino que de todas las localidades pueda tener su vivienda propia. As\u00ed que estamos muy contentos de seguir avanzando y entregando felicidad y dignidad a nuestra gente\u201d, manifest\u00f3.<\/p>\n<p style=\"text-align: justify;\">La ceremonia de entrega de escrituras fue amenizada con la presentaci\u00f3n de la Orquesta de C\u00e1mara del Colegio Diego Portales y la Banda Instrumental de Carabineros de Ays\u00e9n, dando realce y alegr\u00eda al esperando momento pal s 39 familias.<\/p>\n<p style=\"text-align: justify;\">Cabe recordar finalmente, que los integrantes del comit\u00e9 San Luis Guanella recibieron las llaves de su casa propia en 2023 en un acto que cont\u00f3 con presencia del ministro de Vivienda, Carlos Montes, dando as\u00ed vida al nuevo barrio que se extiende a lo largo de la calle Canal Darwin, entre Almirante Simpson y Bilbao, en el sector alto de Coyhaique.<\/p>\n<\/div><\/section><\/div><div  style='height:50px' class='hr hr-invisible   avia-builder-el-6  el_after_av_one_full  el_before_av_social_share '><span class='hr-inner ' ><span class='hr-inner-style'><\/span><\/span><\/div><\/p>\n<div  class='av-social-sharing-box  avia-builder-el-7  el_after_av_hr  el_before_av_hr  '><div class='av-share-box'><h5 class='av-share-link-description av-no-toc '>Compartir esta noticia<\/h5><ul class='av-share-box-list noLightbox'><li class='av-share-link av-social-link-facebook' ><a target=\"_blank\" aria-label=\"Compartir en Facebook\" href='https:\/\/www.facebook.com\/sharer.php?u=https:\/\/radiorevelacionfm.cl\/?p=57597&#038;t=39%20Familias%20del%20comit%C3%A9%20San%20Luis%20Guanella%20de%20Coyhaique%20recibieron%20las%20escrituras%20de%20sus%20viviendas' aria-hidden='false' data-av_icon='\ue8f3' data-av_iconfont='entypo-fontello' title='' data-avia-related-tooltip='Compartir en Facebook' rel=\"noopener\"><span class='avia_hidden_link_text'>Compartir en Facebook<\/span><\/a><\/li><li class='av-share-link av-social-link-twitter' ><a target=\"_blank\" aria-label=\"Compartir en Twitter\" href='https:\/\/twitter.com\/share?text=39%20Familias%20del%20comit%C3%A9%20San%20Luis%20Guanella%20de%20Coyhaique%20recibieron%20las%20escrituras%20de%20sus%20viviendas&#038;url=https:\/\/radiorevelacionfm.cl\/?p=57597' aria-hidden='false' data-av_icon='\ue8f1' data-av_iconfont='entypo-fontello' title='' data-avia-related-tooltip='Compartir en Twitter' rel=\"noopener\"><span class='avia_hidden_link_text'>Compartir en Twitter<\/span><\/a><\/li><li class='av-share-link av-social-link-whatsapp' ><a target=\"_blank\" aria-label=\"Compartir en Whatsapp\" href='https:\/\/api.whatsapp.com\/send?text=https:\/\/radiorevelacionfm.cl\/?p=57597' aria-hidden='false' data-av_icon='\uf232' data-av_iconfont='entypo-fontello' title='' data-avia-related-tooltip='Compartir en Whatsapp' rel=\"noopener\"><span class='avia_hidden_link_text'>Compartir en Whatsapp<\/span><\/a><\/li><li class='av-share-link av-social-link-linkedin' ><a target=\"_blank\" aria-label=\"Compartir en LinkedIn\" href='https:\/\/linkedin.com\/shareArticle?mini=true&#038;title=39%20Familias%20del%20comit%C3%A9%20San%20Luis%20Guanella%20de%20Coyhaique%20recibieron%20las%20escrituras%20de%20sus%20viviendas&#038;url=https:\/\/radiorevelacionfm.cl\/?p=57597' aria-hidden='false' data-av_icon='\ue8fc' data-av_iconfont='entypo-fontello' title='' data-avia-related-tooltip='Compartir en LinkedIn' rel=\"noopener\"><span class='avia_hidden_link_text'>Compartir en LinkedIn<\/span><\/a><\/li><li class='av-share-link av-social-link-mail' ><a  aria-label=\"Compartir por correo\" href='mailto:?subject=39%20Familias%20del%20comit%C3%A9%20San%20Luis%20Guanella%20de%20Coyhaique%20recibieron%20las%20escrituras%20de%20sus%20viviendas&#038;body=https:\/\/radiorevelacionfm.cl\/?p=57597' aria-hidden='false' data-av_icon='\ue805' data-av_iconfont='entypo-fontello' title='' data-avia-related-tooltip='Compartir por correo'><span class='avia_hidden_link_text'>Compartir por correo<\/span><\/a><\/li><\/ul><\/div><\/div>\n<div  style='height:50px' class='hr hr-invisible   avia-builder-el-8  el_after_av_social_share  el_before_av_comments_list '><span class='hr-inner ' ><span class='hr-inner-style'><\/span><\/span><\/div>\n<div  class='av-buildercomment  av-blog-meta-html-info-disabled av-blog-meta-tag-disabled  '><\/div>\n","protected":false},"excerpt":{"rendered":"","protected":false},"author":1,"featured_media":57598,"comment_status":"closed","ping_status":"closed","sticky":false,"template":"","format":"standard","meta":{"footnotes":""},"categories":[57],"tags":[],"class_list":["post-57597","post","type-post","status-publish","format-standard","has-post-thumbnail","hentry","category-vivienda"],"jetpack_featured_media_url":"https:\/\/radiorevelacionfm.cl\/wp-content\/uploads\/2025\/08\/Seremi-de-Vivienda-entrega-escritura-de-sus-vivienda-a-una-de-las-39-familias-del-comite-San-Luis-Guanella-de-Coyhaique-1-1.jpg","_links":{"self":[{"href":"https:\/\/radiorevelacionfm.cl\/index.php?rest_route=\/wp\/v2\/posts\/57597","targetHints":{"allow":["GET"]}}],"collection":[{"href":"https:\/\/radiorevelacionfm.cl\/index.php?rest_route=\/wp\/v2\/posts"}],"about":[{"href":"https:\/\/radiorevelacionfm.cl\/index.php?rest_route=\/wp\/v2\/types\/post"}],"author":[{"embeddable":true,"href":"https:\/\/radiorevelacionfm.cl\/index.php?rest_route=\/wp\/v2\/users\/1"}],"replies":[{"embeddable":true,"href":"https:\/\/radiorevelacionfm.cl\/index.php?rest_route=%2Fwp%2Fv2%2Fcomments&post=57597"}],"version-history":[{"count":2,"href":"https:\/\/radiorevelacionfm.cl\/index.php?rest_route=\/wp\/v2\/posts\/57597\/revisions"}],"predecessor-version":[{"id":57600,"href":"https:\/\/radiorevelacionfm.cl\/index.php?rest_route=\/wp\/v2\/posts\/57597\/revisions\/57600"}],"wp:featuredmedia":[{"embeddable":true,"href":"https:\/\/radiorevelacionfm.cl\/index.php?rest_route=\/wp\/v2\/media\/57598"}],"wp:attachment":[{"href":"https:\/\/radiorevelacionfm.cl\/index.php?rest_route=%2Fwp%2Fv2%2Fmedia&parent=57597"}],"wp:term":[{"taxonomy":"category","embeddable":true,"href":"https:\/\/radiorevelacionfm.cl\/index.php?rest_route=%2Fwp%2Fv2%2Fcategories&post=57597"},{"taxonomy":"post_tag","embeddable":true,"href":"https:\/\/radiorevelacionfm.cl\/index.php?rest_route=%2Fwp%2Fv2%2Ftags&post=57597"}],"curies":[{"name":"wp","href":"https:\/\/api.w.org\/{rel}","templated":true}]}}