{"id":57593,"date":"2025-08-09T19:00:17","date_gmt":"2025-08-09T22:00:17","guid":{"rendered":"https:\/\/radiorevelacionfm.cl\/?p=57593"},"modified":"2025-08-09T19:00:17","modified_gmt":"2025-08-09T22:00:17","slug":"slep-aysen-entrega-nuevos-buses-escolares-para-estudiantes-de-cisnes-y-guaitecas","status":"publish","type":"post","link":"https:\/\/radiorevelacionfm.cl\/?p=57593","title":{"rendered":"SLEP Ays\u00e9n entrega nuevos buses escolares para estudiantes de Cisnes y Guaitecas"},"content":{"rendered":"<div class=\"flex_column av_one_full  flex_column_div av-zero-column-padding first  avia-builder-el-0  el_before_av_one_full  avia-builder-el-first  \" style='border-radius:0px; '><div  class='avia-image-container  av-styling-    avia-builder-el-1  avia-builder-el-no-sibling  avia-align-center '  itemprop=\"image\" itemscope=\"itemscope\" itemtype=\"https:\/\/schema.org\/ImageObject\"  ><div class='avia-image-container-inner'><div class='avia-image-overlay-wrap'><img decoding=\"async\" class='wp-image-57594 avia-img-lazy-loading-not-57594 avia_image' src=\"https:\/\/radiorevelacionfm.cl\/wp-content\/uploads\/2025\/08\/1-cisnes-1_optimized-1.jpeg\" alt='' title='1-cisnes-(1)_optimized (1)' height=\"600\" width=\"800\"  itemprop=\"thumbnailUrl\" srcset=\"https:\/\/radiorevelacionfm.cl\/wp-content\/uploads\/2025\/08\/1-cisnes-1_optimized-1.jpeg 800w, https:\/\/radiorevelacionfm.cl\/wp-content\/uploads\/2025\/08\/1-cisnes-1_optimized-1-300x225.jpeg 300w, https:\/\/radiorevelacionfm.cl\/wp-content\/uploads\/2025\/08\/1-cisnes-1_optimized-1-768x576.jpeg 768w, https:\/\/radiorevelacionfm.cl\/wp-content\/uploads\/2025\/08\/1-cisnes-1_optimized-1-705x529.jpeg 705w, https:\/\/radiorevelacionfm.cl\/wp-content\/uploads\/2025\/08\/1-cisnes-1_optimized-1-450x338.jpeg 450w, https:\/\/radiorevelacionfm.cl\/wp-content\/uploads\/2025\/08\/1-cisnes-1_optimized-1-600x450.jpeg 600w\" sizes=\"(max-width: 800px) 100vw, 800px\" \/><\/div><\/div><\/div><\/div><div class=\"flex_column av_one_full  flex_column_div av-zero-column-padding first  avia-builder-el-2  el_after_av_one_full  el_before_av_one_full  column-top-margin\" style='border-radius:0px; '><section class=\"av_textblock_section \"  itemscope=\"itemscope\" itemtype=\"https:\/\/schema.org\/BlogPosting\" itemprop=\"blogPost\" ><div class='avia_textblock  '   itemprop=\"text\" ><p style=\"text-align: center;\"><strong><span style=\"font-size: 18pt;\">SLEP Ays\u00e9n entrega nuevos buses escolares para estudiantes de Cisnes y Guaitecas<\/span><\/strong><\/p>\n<div id=\"gtx-trans\" style=\"position: absolute; left: -50px; top: 4.31534px;\">\n<div class=\"gtx-trans-icon\"><\/div>\n<\/div>\n<\/div><\/section><\/div><div class=\"flex_column av_one_full  flex_column_div av-zero-column-padding first  avia-builder-el-4  el_after_av_one_full  el_before_av_hr  column-top-margin\" style='border-radius:0px; '><section class=\"av_textblock_section \"  itemscope=\"itemscope\" itemtype=\"https:\/\/schema.org\/BlogPosting\" itemprop=\"blogPost\" ><div class='avia_textblock  '   itemprop=\"text\" ><p style=\"text-align: justify;\">Durante los primeros d\u00edas de agosto comenz\u00f3 la entrega de nuevos buses de transporte escolar para estudiantes de la educaci\u00f3n p\u00fablica, iniciativa impulsada por el Servicio Local de Educaci\u00f3n P\u00fablica (SLEP) Ays\u00e9n y financiada por el Gobierno Regional.<\/p>\n<p style=\"text-align: justify;\">Con emoci\u00f3n y alegr\u00eda, las comunidades educativas de las comunas de Guaitecas y Cisnes recibieron un nuevo bus escolar, materializaci\u00f3n de una sentida necesidad de las familias para mejorar las condiciones de traslado, garantizando mayor acceso y seguridad para ni\u00f1os, ni\u00f1as y j\u00f3venes.<\/p>\n<p style=\"text-align: justify;\">Los nuevos buses, marca Mercedes Benz, modelo LO 916, a\u00f1o 2025, tienen capacidad para 33 pasajeros y est\u00e1n especialmente acondicionados para enfrentar las particularidades geogr\u00e1ficas de la zona. En Guaitecas, permitir\u00e1n el traslado diario de estudiantes desde Melinka a Repollal y el acceso al Liceo de Melinka. En Cisnes, beneficiar\u00e1n a la comunidad de la Escuela Guido G\u00f3mez Mu\u00f1oz y apoyar\u00e1n las salidas pedag\u00f3gicas del Liceo Arturo Prat Chac\u00f3n. Estos veh\u00edculos forman parte de un proyecto de reposici\u00f3n de la flota de transporte escolar liderado por el SLEP Ays\u00e9n y aprobado de forma un\u00e1nime por el Consejo Regional, con una inversi\u00f3n cercana a los 3 mil millones de pesos.<\/p>\n<p style=\"text-align: justify;\">El director ejecutivo del SLEP Ays\u00e9n, Sebasti\u00e1n Gonz\u00e1lez, destac\u00f3 que \u201cestamos cumpliendo un compromiso y un sue\u00f1o tambi\u00e9n para nuestras comunidades, la entrega de sus nuevos buses escolares que nos permitir\u00e1n transportar a nuestros estudiantes con m\u00e1s dignidad, mejor calidad y seguridad. Este es un gran aporte para la educaci\u00f3n p\u00fablica porque vamos a poder tener m\u00e1s experiencias de salidas pedag\u00f3gicas para conocer nuestra regi\u00f3n y que tengan mayores oportunidades de enriquecer sus procesos de aprendizaje fuera del aula. Sin duda que nos quedan muchos desaf\u00edos por delante, pero esta es una se\u00f1al que el servicio local est\u00e1 comprometido y que vamos a hacer todos los esfuerzos necesarios por tener la educaci\u00f3n p\u00fablica que so\u00f1amos\u201d.<\/p>\n<p style=\"text-align: justify;\">El alcalde de Cisnes, Francisco Roncagliolo, valor\u00f3 la iniciativa se\u00f1alando \u201cel transporte escolar es una pol\u00edtica p\u00fablica que instalamos en su momento en la comuna y agradecemos que hoy el servicio local la mantenga y refuerce. Tambi\u00e9n firmamos la renovaci\u00f3n del convenio de colaboraci\u00f3n que nos permitir\u00e1 seguir trabajando juntos en beneficio de las comunidades educativas, mejorando infraestructura y generando oportunidades para los estudiantes\u201d. Por su parte, el alcalde de Guaitecas, Bans Puinao, expres\u00f3 \u201cla llegada de este bus es un impulso significativo para que nuestros estudiantes tengan mejores condiciones de comodidad y seguridad. Agradecemos al servicio local y al Gobierno Regional por este importante aporte\u201d.<\/p>\n<p style=\"text-align: justify;\">Desde la voz de los propios estudiantes, Aylin D\u00edaz, de sexto b\u00e1sico en la Escuela Guido G\u00f3mez, resalt\u00f3 la calidad del nuevo transporte: \u201ces muy bonito y c\u00f3modo. El aire acondicionado funciona muy bien, no como en el antiguo bus. Hay que cuidarlo, porque cost\u00f3 mucho y es para el beneficio de todos. Para m\u00ed es la mejor experiencia que he tenido en un bus\u201d. Asimismo, el director del Liceo de Melinka, Flavio Allendes, afirm\u00f3 que \u201cla llegada de este bus demuestra el compromiso del SLEP en fortalecer la educaci\u00f3n p\u00fablica y llegar a las comunidades m\u00e1s apartadas, que muchas veces han sido olvidadas\u201d. En la misma l\u00ednea, el docente encargado de la Escuela de Repollal, Paulino P\u00e9rez, coment\u00f3: \u201choy hicimos el primer viaje y fue muy c\u00f3modo. Estamos tranquilos porque contaremos con un bus moderno para todos los estudiantes de la comuna\u201d.<\/p>\n<p style=\"text-align: justify;\">Durante este mes, el SLEP Ays\u00e9n continuar\u00e1 entregando los 16 nuevos buses destinados a las comunidades educativas de la regi\u00f3n, sumando adem\u00e1s dos unidades adaptadas para las escuelas diferenciales Espa\u00f1a de Coyhaique y Despertar de Puerto Ays\u00e9n. Con ello, se completar\u00e1 el recambio total de la flota de transporte escolar traspasada desde los municipios, reemplazando veh\u00edculos que ya hab\u00edan cumplido su vida \u00fatil, algunos fabricados entre 2003 y 2008, y asegurando as\u00ed un servicio moderno y seguro para la educaci\u00f3n p\u00fablica de Ays\u00e9n.<\/p>\n<\/div><\/section><\/div><div  style='height:50px' class='hr hr-invisible   avia-builder-el-6  el_after_av_one_full  el_before_av_social_share '><span class='hr-inner ' ><span class='hr-inner-style'><\/span><\/span><\/div><\/p>\n<div  class='av-social-sharing-box  avia-builder-el-7  el_after_av_hr  el_before_av_hr  '><div class='av-share-box'><h5 class='av-share-link-description av-no-toc '>Compartir esta noticia<\/h5><ul class='av-share-box-list noLightbox'><li class='av-share-link av-social-link-facebook' ><a target=\"_blank\" aria-label=\"Compartir en Facebook\" href='https:\/\/www.facebook.com\/sharer.php?u=https:\/\/radiorevelacionfm.cl\/?p=57593&#038;t=SLEP%20Ays%C3%A9n%20entrega%20nuevos%20buses%20escolares%20para%20estudiantes%20de%20Cisnes%20y%20Guaitecas' aria-hidden='false' data-av_icon='\ue8f3' data-av_iconfont='entypo-fontello' title='' data-avia-related-tooltip='Compartir en Facebook' rel=\"noopener\"><span class='avia_hidden_link_text'>Compartir en Facebook<\/span><\/a><\/li><li class='av-share-link av-social-link-twitter' ><a target=\"_blank\" aria-label=\"Compartir en Twitter\" href='https:\/\/twitter.com\/share?text=SLEP%20Ays%C3%A9n%20entrega%20nuevos%20buses%20escolares%20para%20estudiantes%20de%20Cisnes%20y%20Guaitecas&#038;url=https:\/\/radiorevelacionfm.cl\/?p=57593' aria-hidden='false' data-av_icon='\ue8f1' data-av_iconfont='entypo-fontello' title='' data-avia-related-tooltip='Compartir en Twitter' rel=\"noopener\"><span class='avia_hidden_link_text'>Compartir en Twitter<\/span><\/a><\/li><li class='av-share-link av-social-link-whatsapp' ><a target=\"_blank\" aria-label=\"Compartir en Whatsapp\" href='https:\/\/api.whatsapp.com\/send?text=https:\/\/radiorevelacionfm.cl\/?p=57593' aria-hidden='false' data-av_icon='\uf232' data-av_iconfont='entypo-fontello' title='' data-avia-related-tooltip='Compartir en Whatsapp' rel=\"noopener\"><span class='avia_hidden_link_text'>Compartir en Whatsapp<\/span><\/a><\/li><li class='av-share-link av-social-link-linkedin' ><a target=\"_blank\" aria-label=\"Compartir en LinkedIn\" href='https:\/\/linkedin.com\/shareArticle?mini=true&#038;title=SLEP%20Ays%C3%A9n%20entrega%20nuevos%20buses%20escolares%20para%20estudiantes%20de%20Cisnes%20y%20Guaitecas&#038;url=https:\/\/radiorevelacionfm.cl\/?p=57593' aria-hidden='false' data-av_icon='\ue8fc' data-av_iconfont='entypo-fontello' title='' data-avia-related-tooltip='Compartir en LinkedIn' rel=\"noopener\"><span class='avia_hidden_link_text'>Compartir en LinkedIn<\/span><\/a><\/li><li class='av-share-link av-social-link-mail' ><a  aria-label=\"Compartir por correo\" href='mailto:?subject=SLEP%20Ays%C3%A9n%20entrega%20nuevos%20buses%20escolares%20para%20estudiantes%20de%20Cisnes%20y%20Guaitecas&#038;body=https:\/\/radiorevelacionfm.cl\/?p=57593' aria-hidden='false' data-av_icon='\ue805' data-av_iconfont='entypo-fontello' title='' data-avia-related-tooltip='Compartir por correo'><span class='avia_hidden_link_text'>Compartir por correo<\/span><\/a><\/li><\/ul><\/div><\/div>\n<div  style='height:50px' class='hr hr-invisible   avia-builder-el-8  el_after_av_social_share  el_before_av_comments_list '><span class='hr-inner ' ><span class='hr-inner-style'><\/span><\/span><\/div>\n<div  class='av-buildercomment  av-blog-meta-html-info-disabled av-blog-meta-tag-disabled  '><\/div>\n","protected":false},"excerpt":{"rendered":"","protected":false},"author":1,"featured_media":57594,"comment_status":"closed","ping_status":"closed","sticky":false,"template":"","format":"standard","meta":{"footnotes":""},"categories":[49],"tags":[],"class_list":["post-57593","post","type-post","status-publish","format-standard","has-post-thumbnail","hentry","category-educacion"],"jetpack_featured_media_url":"https:\/\/radiorevelacionfm.cl\/wp-content\/uploads\/2025\/08\/1-cisnes-1_optimized-1.jpeg","_links":{"self":[{"href":"https:\/\/radiorevelacionfm.cl\/index.php?rest_route=\/wp\/v2\/posts\/57593","targetHints":{"allow":["GET"]}}],"collection":[{"href":"https:\/\/radiorevelacionfm.cl\/index.php?rest_route=\/wp\/v2\/posts"}],"about":[{"href":"https:\/\/radiorevelacionfm.cl\/index.php?rest_route=\/wp\/v2\/types\/post"}],"author":[{"embeddable":true,"href":"https:\/\/radiorevelacionfm.cl\/index.php?rest_route=\/wp\/v2\/users\/1"}],"replies":[{"embeddable":true,"href":"https:\/\/radiorevelacionfm.cl\/index.php?rest_route=%2Fwp%2Fv2%2Fcomments&post=57593"}],"version-history":[{"count":2,"href":"https:\/\/radiorevelacionfm.cl\/index.php?rest_route=\/wp\/v2\/posts\/57593\/revisions"}],"predecessor-version":[{"id":57596,"href":"https:\/\/radiorevelacionfm.cl\/index.php?rest_route=\/wp\/v2\/posts\/57593\/revisions\/57596"}],"wp:featuredmedia":[{"embeddable":true,"href":"https:\/\/radiorevelacionfm.cl\/index.php?rest_route=\/wp\/v2\/media\/57594"}],"wp:attachment":[{"href":"https:\/\/radiorevelacionfm.cl\/index.php?rest_route=%2Fwp%2Fv2%2Fmedia&parent=57593"}],"wp:term":[{"taxonomy":"category","embeddable":true,"href":"https:\/\/radiorevelacionfm.cl\/index.php?rest_route=%2Fwp%2Fv2%2Fcategories&post=57593"},{"taxonomy":"post_tag","embeddable":true,"href":"https:\/\/radiorevelacionfm.cl\/index.php?rest_route=%2Fwp%2Fv2%2Ftags&post=57593"}],"curies":[{"name":"wp","href":"https:\/\/api.w.org\/{rel}","templated":true}]}}