{"id":57589,"date":"2025-08-09T18:43:14","date_gmt":"2025-08-09T21:43:14","guid":{"rendered":"https:\/\/radiorevelacionfm.cl\/?p=57589"},"modified":"2025-08-09T18:43:14","modified_gmt":"2025-08-09T21:43:14","slug":"carabineros-desarrolla-peritajes-tras-colision-entre-motocicleta-y-bus-de-pasajeros-que-dejo-dos-fallecidos-en-la-ruta-7-sur-sector-lago-cofre","status":"publish","type":"post","link":"https:\/\/radiorevelacionfm.cl\/?p=57589","title":{"rendered":"Carabineros desarrolla peritajes tras colisi\u00f3n entre motocicleta y bus de pasajeros que dej\u00f3 dos fallecidos en la Ruta 7 sur sector Lago Cofr\u00e9"},"content":{"rendered":"<div class=\"flex_column av_one_full  flex_column_div av-zero-column-padding first  avia-builder-el-0  el_before_av_one_full  avia-builder-el-first  \" style='border-radius:0px; '><div  class='avia-image-container  av-styling-    avia-builder-el-1  avia-builder-el-no-sibling  avia-align-center '  itemprop=\"image\" itemscope=\"itemscope\" itemtype=\"https:\/\/schema.org\/ImageObject\"  ><div class='avia-image-container-inner'><div class='avia-image-overlay-wrap'><img decoding=\"async\" class='wp-image-57590 avia-img-lazy-loading-not-57590 avia_image' src=\"https:\/\/radiorevelacionfm.cl\/wp-content\/uploads\/2025\/08\/Sin-titulo-1-7-1-1.jpg\" alt='' title='Sin t\u00edtulo-1 (7) (1) (1)' height=\"745\" width=\"804\"  itemprop=\"thumbnailUrl\" srcset=\"https:\/\/radiorevelacionfm.cl\/wp-content\/uploads\/2025\/08\/Sin-titulo-1-7-1-1.jpg 804w, https:\/\/radiorevelacionfm.cl\/wp-content\/uploads\/2025\/08\/Sin-titulo-1-7-1-1-300x278.jpg 300w, https:\/\/radiorevelacionfm.cl\/wp-content\/uploads\/2025\/08\/Sin-titulo-1-7-1-1-768x712.jpg 768w, https:\/\/radiorevelacionfm.cl\/wp-content\/uploads\/2025\/08\/Sin-titulo-1-7-1-1-705x653.jpg 705w, https:\/\/radiorevelacionfm.cl\/wp-content\/uploads\/2025\/08\/Sin-titulo-1-7-1-1-450x417.jpg 450w, https:\/\/radiorevelacionfm.cl\/wp-content\/uploads\/2025\/08\/Sin-titulo-1-7-1-1-600x556.jpg 600w\" sizes=\"(max-width: 804px) 100vw, 804px\" \/><\/div><\/div><\/div><\/div><div class=\"flex_column av_one_full  flex_column_div av-zero-column-padding first  avia-builder-el-2  el_after_av_one_full  el_before_av_one_full  column-top-margin\" style='border-radius:0px; '><section class=\"av_textblock_section \"  itemscope=\"itemscope\" itemtype=\"https:\/\/schema.org\/BlogPosting\" itemprop=\"blogPost\" ><div class='avia_textblock  '   itemprop=\"text\" ><p style=\"text-align: center;\"><strong><span style=\"font-size: 18pt;\">Carabineros desarrolla peritajes tras colisi\u00f3n entre motocicleta y bus de pasajeros que dej\u00f3 dos fallecidos en la Ruta 7 sur sector Lago Cofr\u00e9<\/span><\/strong><\/p>\n<div id=\"gtx-trans\" style=\"position: absolute; left: -50px; top: 4.31534px;\">\n<div class=\"gtx-trans-icon\"><\/div>\n<\/div>\n<\/div><\/section><\/div><div class=\"flex_column av_one_full  flex_column_div av-zero-column-padding first  avia-builder-el-4  el_after_av_one_full  el_before_av_hr  column-top-margin\" style='border-radius:0px; '><section class=\"av_textblock_section \"  itemscope=\"itemscope\" itemtype=\"https:\/\/schema.org\/BlogPosting\" itemprop=\"blogPost\" ><div class='avia_textblock  '   itemprop=\"text\" ><p dir=\"ltr\" style=\"text-align: justify;\"><em>La Secci\u00f3n \u00c1rea Coyhaique junto a peritos de la SIAT acudi\u00f3 al lugar en una investigaci\u00f3n dirigida por la Fiscal\u00eda, en tanto que Carabineros reiter\u00f3 el llamado a conducir con precauci\u00f3n dada la presencia de hielo o escarcha en las rutas.<\/em><\/p>\n<p dir=\"ltr\" style=\"text-align: justify;\">Cerca del mediod\u00eda de hoy, una informaci\u00f3n recibida a trav\u00e9s de la Central de Comunicaciones (Cenco), alent\u00f3 a Carabineros sobre la ocurrencia de un accidente de tr\u00e1nsito -del tipo colisi\u00f3n- ocurrido en el kil\u00f3metro 762 de la Ruta 7 Sur, sector Lago Cofr\u00e9 entre un bus de pasajeros y una motocicleta.<\/p>\n<p dir=\"ltr\" style=\"text-align: justify;\">Tras informar del hecho a la Fiscal\u00eda, Carabineros dispuso en forma inmediata la concurrencia de la Secci\u00f3n A\u00e9rea a trav\u00e9s del helic\u00f3ptero institucional, con la finalidad de verificar la necesidad de trasladar a eventuales personas lesionadas y apoyar el trabajo en el lugar.<\/p>\n<p dir=\"ltr\" style=\"text-align: justify;\">El Jefe de la Secci\u00f3n A\u00e9rea Coyhaique, Teniente Coronel Gerardo Gonz\u00e1lez L\u00f3pez, se\u00f1al\u00f3 que tras la llegada de Carabineros junto a equipos de emergencia se constat\u00f3 el lamentable fallecimiento de dos personas, ambos de nacionalidad brasile\u00f1a.<\/p>\n<p dir=\"ltr\" style=\"text-align: justify;\">\u00abLamentablemente resultaron dos personas fallecidas, quienes viajaban en motocicleta. Carabineros en forma inmediata activ\u00f3 su equipo de emergencia, en este caso el helic\u00f3ptero de la Secci\u00f3n A\u00e9rea Coyhaique y nos trasladamos hasta este sector con la finalidad -en primera instancia- de asistir a personas que eventualmente se encontraban lesionadas, como tambi\u00e9n trasladar a la Secci\u00f3n de Investigaci\u00f3n de Accidentes de Tr\u00e1nsito (SIAT) -por instrucci\u00f3n del fiscal de turno- para que realicen las pericias correspondientes y determinar la causa basal de los acontecimientos\u00bb, indic\u00f3 el Teniente Coronel Gerardo Gonz\u00e1lez L\u00f3pez.<\/p>\n<p dir=\"ltr\" style=\"text-align: justify;\">Por su parte el Teniente Manuel C\u00e1ceres, Oficial de la SIAT a\u00f1adi\u00f3 que por instrucci\u00f3n de la Fiscal\u00eda el equipo pericial desarrolla las diligencias orientadas a establecer la din\u00e1mica y causa basal del accidente.<\/p>\n<p dir=\"ltr\" style=\"text-align: justify;\">\u00abHacemos un llamado a todos los conductores a extremar las medidas de precauci\u00f3n en sus desplazamientos, conducir a una velocidad razonable y prudente, especialmente en esta \u00e9poca en que las rutas y caminos se encuentran escarchados\u00bb, indic\u00f3.<\/p>\n<p dir=\"ltr\" style=\"text-align: justify;\">Los antecedentes del procedimiento fueron puestos en conocimiento de la Fiscal\u00eda que dirige investigaci\u00f3n por este triste y lamentable accidente de tr\u00e1nsito ocurrido en la comuna de R\u00edo Ib\u00e1\u00f1ez, en la zona sur de la regi\u00f3n de Ays\u00e9n.<\/p>\n<\/div><\/section><\/div><div  style='height:50px' class='hr hr-invisible   avia-builder-el-6  el_after_av_one_full  el_before_av_social_share '><span class='hr-inner ' ><span class='hr-inner-style'><\/span><\/span><\/div><\/p>\n<div  class='av-social-sharing-box  avia-builder-el-7  el_after_av_hr  el_before_av_hr  '><div class='av-share-box'><h5 class='av-share-link-description av-no-toc '>Compartir esta noticia<\/h5><ul class='av-share-box-list noLightbox'><li class='av-share-link av-social-link-facebook' ><a target=\"_blank\" aria-label=\"Compartir en Facebook\" href='https:\/\/www.facebook.com\/sharer.php?u=https:\/\/radiorevelacionfm.cl\/?p=57589&#038;t=Carabineros%20desarrolla%20peritajes%20tras%20colisi%C3%B3n%20entre%20motocicleta%20y%20bus%20de%20pasajeros%20que%20dej%C3%B3%20dos%20fallecidos%20en%20la%20Ruta%207%20sur%20sector%20Lago%20Cofr%C3%A9' aria-hidden='false' data-av_icon='\ue8f3' data-av_iconfont='entypo-fontello' title='' data-avia-related-tooltip='Compartir en Facebook' rel=\"noopener\"><span class='avia_hidden_link_text'>Compartir en Facebook<\/span><\/a><\/li><li class='av-share-link av-social-link-twitter' ><a target=\"_blank\" aria-label=\"Compartir en Twitter\" href='https:\/\/twitter.com\/share?text=Carabineros%20desarrolla%20peritajes%20tras%20colisi%C3%B3n%20entre%20motocicleta%20y%20bus%20de%20pasajeros%20que%20dej%C3%B3%20dos%20fallecidos%20en%20la%20Ruta%207%20sur%20sector%20Lago%20Cofr%C3%A9&#038;url=https:\/\/radiorevelacionfm.cl\/?p=57589' aria-hidden='false' data-av_icon='\ue8f1' data-av_iconfont='entypo-fontello' title='' data-avia-related-tooltip='Compartir en Twitter' rel=\"noopener\"><span class='avia_hidden_link_text'>Compartir en Twitter<\/span><\/a><\/li><li class='av-share-link av-social-link-whatsapp' ><a target=\"_blank\" aria-label=\"Compartir en Whatsapp\" href='https:\/\/api.whatsapp.com\/send?text=https:\/\/radiorevelacionfm.cl\/?p=57589' aria-hidden='false' data-av_icon='\uf232' data-av_iconfont='entypo-fontello' title='' data-avia-related-tooltip='Compartir en Whatsapp' rel=\"noopener\"><span class='avia_hidden_link_text'>Compartir en Whatsapp<\/span><\/a><\/li><li class='av-share-link av-social-link-linkedin' ><a target=\"_blank\" aria-label=\"Compartir en LinkedIn\" href='https:\/\/linkedin.com\/shareArticle?mini=true&#038;title=Carabineros%20desarrolla%20peritajes%20tras%20colisi%C3%B3n%20entre%20motocicleta%20y%20bus%20de%20pasajeros%20que%20dej%C3%B3%20dos%20fallecidos%20en%20la%20Ruta%207%20sur%20sector%20Lago%20Cofr%C3%A9&#038;url=https:\/\/radiorevelacionfm.cl\/?p=57589' aria-hidden='false' data-av_icon='\ue8fc' data-av_iconfont='entypo-fontello' title='' data-avia-related-tooltip='Compartir en LinkedIn' rel=\"noopener\"><span class='avia_hidden_link_text'>Compartir en LinkedIn<\/span><\/a><\/li><li class='av-share-link av-social-link-mail' ><a  aria-label=\"Compartir por correo\" href='mailto:?subject=Carabineros%20desarrolla%20peritajes%20tras%20colisi%C3%B3n%20entre%20motocicleta%20y%20bus%20de%20pasajeros%20que%20dej%C3%B3%20dos%20fallecidos%20en%20la%20Ruta%207%20sur%20sector%20Lago%20Cofr%C3%A9&#038;body=https:\/\/radiorevelacionfm.cl\/?p=57589' aria-hidden='false' data-av_icon='\ue805' data-av_iconfont='entypo-fontello' title='' data-avia-related-tooltip='Compartir por correo'><span class='avia_hidden_link_text'>Compartir por correo<\/span><\/a><\/li><\/ul><\/div><\/div>\n<div  style='height:50px' class='hr hr-invisible   avia-builder-el-8  el_after_av_social_share  el_before_av_comments_list '><span class='hr-inner ' ><span class='hr-inner-style'><\/span><\/span><\/div>\n<div  class='av-buildercomment  av-blog-meta-html-info-disabled av-blog-meta-tag-disabled  '><\/div>\n","protected":false},"excerpt":{"rendered":"","protected":false},"author":1,"featured_media":57590,"comment_status":"closed","ping_status":"closed","sticky":false,"template":"","format":"standard","meta":{"footnotes":""},"categories":[36],"tags":[],"class_list":["post-57589","post","type-post","status-publish","format-standard","has-post-thumbnail","hentry","category-policial"],"jetpack_featured_media_url":"https:\/\/radiorevelacionfm.cl\/wp-content\/uploads\/2025\/08\/Sin-titulo-1-7-1-1.jpg","_links":{"self":[{"href":"https:\/\/radiorevelacionfm.cl\/index.php?rest_route=\/wp\/v2\/posts\/57589","targetHints":{"allow":["GET"]}}],"collection":[{"href":"https:\/\/radiorevelacionfm.cl\/index.php?rest_route=\/wp\/v2\/posts"}],"about":[{"href":"https:\/\/radiorevelacionfm.cl\/index.php?rest_route=\/wp\/v2\/types\/post"}],"author":[{"embeddable":true,"href":"https:\/\/radiorevelacionfm.cl\/index.php?rest_route=\/wp\/v2\/users\/1"}],"replies":[{"embeddable":true,"href":"https:\/\/radiorevelacionfm.cl\/index.php?rest_route=%2Fwp%2Fv2%2Fcomments&post=57589"}],"version-history":[{"count":2,"href":"https:\/\/radiorevelacionfm.cl\/index.php?rest_route=\/wp\/v2\/posts\/57589\/revisions"}],"predecessor-version":[{"id":57592,"href":"https:\/\/radiorevelacionfm.cl\/index.php?rest_route=\/wp\/v2\/posts\/57589\/revisions\/57592"}],"wp:featuredmedia":[{"embeddable":true,"href":"https:\/\/radiorevelacionfm.cl\/index.php?rest_route=\/wp\/v2\/media\/57590"}],"wp:attachment":[{"href":"https:\/\/radiorevelacionfm.cl\/index.php?rest_route=%2Fwp%2Fv2%2Fmedia&parent=57589"}],"wp:term":[{"taxonomy":"category","embeddable":true,"href":"https:\/\/radiorevelacionfm.cl\/index.php?rest_route=%2Fwp%2Fv2%2Fcategories&post=57589"},{"taxonomy":"post_tag","embeddable":true,"href":"https:\/\/radiorevelacionfm.cl\/index.php?rest_route=%2Fwp%2Fv2%2Ftags&post=57589"}],"curies":[{"name":"wp","href":"https:\/\/api.w.org\/{rel}","templated":true}]}}