{"id":57581,"date":"2025-08-09T17:16:25","date_gmt":"2025-08-09T20:16:25","guid":{"rendered":"https:\/\/radiorevelacionfm.cl\/?p=57581"},"modified":"2025-08-09T17:16:25","modified_gmt":"2025-08-09T20:16:25","slug":"edelaysen-conecta-nueva-sede-social-del-sector-el-bosque-en-coyhaique","status":"publish","type":"post","link":"https:\/\/radiorevelacionfm.cl\/?p=57581","title":{"rendered":"Edelaysen conecta nueva sede social del sector El Bosque en Coyhaique"},"content":{"rendered":"<div class=\"flex_column av_one_full  flex_column_div av-zero-column-padding first  avia-builder-el-0  el_before_av_one_full  avia-builder-el-first  \" style='border-radius:0px; '><div  class='avia-image-container  av-styling-    avia-builder-el-1  avia-builder-el-no-sibling  avia-align-center '  itemprop=\"image\" itemscope=\"itemscope\" itemtype=\"https:\/\/schema.org\/ImageObject\"  ><div class='avia-image-container-inner'><div class='avia-image-overlay-wrap'><img decoding=\"async\" class='wp-image-57582 avia-img-lazy-loading-not-57582 avia_image' src=\"https:\/\/radiorevelacionfm.cl\/wp-content\/uploads\/2025\/08\/sede-villa-patagonia0-1_optimized.jpeg\" alt='' title='sede-villa-patagonia0-(1)_optimized' height=\"600\" width=\"800\"  itemprop=\"thumbnailUrl\" srcset=\"https:\/\/radiorevelacionfm.cl\/wp-content\/uploads\/2025\/08\/sede-villa-patagonia0-1_optimized.jpeg 800w, https:\/\/radiorevelacionfm.cl\/wp-content\/uploads\/2025\/08\/sede-villa-patagonia0-1_optimized-300x225.jpeg 300w, https:\/\/radiorevelacionfm.cl\/wp-content\/uploads\/2025\/08\/sede-villa-patagonia0-1_optimized-768x576.jpeg 768w, https:\/\/radiorevelacionfm.cl\/wp-content\/uploads\/2025\/08\/sede-villa-patagonia0-1_optimized-705x529.jpeg 705w, https:\/\/radiorevelacionfm.cl\/wp-content\/uploads\/2025\/08\/sede-villa-patagonia0-1_optimized-450x338.jpeg 450w, https:\/\/radiorevelacionfm.cl\/wp-content\/uploads\/2025\/08\/sede-villa-patagonia0-1_optimized-600x450.jpeg 600w\" sizes=\"(max-width: 800px) 100vw, 800px\" \/><\/div><\/div><\/div><\/div><div class=\"flex_column av_one_full  flex_column_div av-zero-column-padding first  avia-builder-el-2  el_after_av_one_full  el_before_av_one_full  column-top-margin\" style='border-radius:0px; '><section class=\"av_textblock_section \"  itemscope=\"itemscope\" itemtype=\"https:\/\/schema.org\/BlogPosting\" itemprop=\"blogPost\" ><div class='avia_textblock  '   itemprop=\"text\" ><p style=\"text-align: center;\"><strong><span style=\"font-size: 18pt;\">Edelaysen conecta nueva sede social del sector El Bosque en Coyhaique<\/span><\/strong><\/p>\n<div id=\"gtx-trans\" style=\"position: absolute; left: -50px; top: 4.31534px;\">\n<div class=\"gtx-trans-icon\"><\/div>\n<\/div>\n<\/div><\/section><\/div><div class=\"flex_column av_one_full  flex_column_div av-zero-column-padding first  avia-builder-el-4  el_after_av_one_full  el_before_av_hr  column-top-margin\" style='border-radius:0px; '><section class=\"av_textblock_section \"  itemscope=\"itemscope\" itemtype=\"https:\/\/schema.org\/BlogPosting\" itemprop=\"blogPost\" ><div class='avia_textblock  '   itemprop=\"text\" ><p style=\"text-align: justify;\"><em>A trav\u00e9s de esta iniciativa la el\u00e9ctrica promueve un mejor uso del espacio para los vecinos del sector.<\/em><\/p>\n<p style=\"text-align: justify;\">Edelaysen concret\u00f3 la conexi\u00f3n el\u00e9ctrica de la sede social El Bosque Patagonia, en el marco del programa \u201cConecta tu sede\u201d de Grupo Saesa. Esta iniciativa busca entregar suministro seguro y regularizado a sedes comunitarias que a\u00fan no cuentan con empalme habilitado, contribuyendo al fortalecimiento de encuentro entre vecinos.<\/p>\n<p style=\"text-align: justify;\">Actualmente, el espacio es utilizado por el equipo del programa \u201cQuiero mi Barrio\u201d del municipio de Coyhaique, que atiende a vecinos durante toda la semana, brindando orientaci\u00f3n, acompa\u00f1amiento y gesti\u00f3n territorial.<\/p>\n<p style=\"text-align: justify;\">Sobre el impacto de esta conexi\u00f3n, Victoria Moreno, encargada social del programa destac\u00f3: \u201cPara nosotros ha sido s\u00faper bueno este cambio porque antes ten\u00edamos una instalaci\u00f3n antigua y como nosotros trabajamos ac\u00e1 y estamos cada d\u00eda de lunes a viernes, y tambi\u00e9n tenemos visitas de diferentes vecinos que nos solicitan hacer impresiones, usar estas instalaciones, ha sido s\u00faper beneficioso para todos, para nosotros como programa y para todo el barrio\u00bb.<\/p>\n<p style=\"text-align: justify;\">Asimismo, desde la directiva de la junta de vecinos, se proyecta un nuevo uso para la sede social una vez finalizada la intervenci\u00f3n del programa. \u201cBueno, lo que se est\u00e1 pensado es que una vez que ya salga \u201cQuiero Mi Barrio\u201d es que la sede quede para la agrupaci\u00f3n de adultos mayores del sector, porque ellos tienen aqu\u00ed un invernadero y ellos van a poder trabajar aqu\u00ed, porque van a estar m\u00e1s c\u00f3modos, m\u00e1s tranquilos\u00bb, puntualiz\u00f3 su presidenta Ramona P\u00e9rez.<\/p>\n<p style=\"text-align: justify;\">Desde Edelaysen, Yasna Vera, ejecutiva de relacionamiento, destac\u00f3 el impacto de esta conexi\u00f3n como parte del compromiso de la empresa con las organizaciones sociales:<br \/>\n\u00abConecta tu Sede\u201d es una forma concreta de contribuir al desarrollo local, entregando seguridad el\u00e9ctrica a espacios que cumplen un rol clave en la vida comunitaria. Nos alegra ser parte de este proceso, que nace desde las propias organizaciones y que refuerza nuestra vocaci\u00f3n de servicio en los barrios de Coyhaique y de toda la regi\u00f3n de Ays\u00e9n.\u00bb<\/p>\n<p style=\"text-align: justify;\">La sede social de El Bosque Patagonia se suma a los m\u00faltiples espacios comunitarios que ya han sido conectados en la regi\u00f3n a trav\u00e9s de este programa, fortaleciendo el trabajo colaborativo entre vecinos, municipios y la empresa el\u00e9ctrica.<\/p>\n<\/div><\/section><\/div><div  style='height:50px' class='hr hr-invisible   avia-builder-el-6  el_after_av_one_full  el_before_av_social_share '><span class='hr-inner ' ><span class='hr-inner-style'><\/span><\/span><\/div><\/p>\n<div  class='av-social-sharing-box  avia-builder-el-7  el_after_av_hr  el_before_av_hr  '><div class='av-share-box'><h5 class='av-share-link-description av-no-toc '>Compartir esta noticia<\/h5><ul class='av-share-box-list noLightbox'><li class='av-share-link av-social-link-facebook' ><a target=\"_blank\" aria-label=\"Compartir en Facebook\" href='https:\/\/www.facebook.com\/sharer.php?u=https:\/\/radiorevelacionfm.cl\/?p=57581&#038;t=Edelaysen%20conecta%20nueva%20sede%20social%20del%20sector%20El%20Bosque%20en%20Coyhaique' aria-hidden='false' data-av_icon='\ue8f3' data-av_iconfont='entypo-fontello' title='' data-avia-related-tooltip='Compartir en Facebook' rel=\"noopener\"><span class='avia_hidden_link_text'>Compartir en Facebook<\/span><\/a><\/li><li class='av-share-link av-social-link-twitter' ><a target=\"_blank\" aria-label=\"Compartir en Twitter\" href='https:\/\/twitter.com\/share?text=Edelaysen%20conecta%20nueva%20sede%20social%20del%20sector%20El%20Bosque%20en%20Coyhaique&#038;url=https:\/\/radiorevelacionfm.cl\/?p=57581' aria-hidden='false' data-av_icon='\ue8f1' data-av_iconfont='entypo-fontello' title='' data-avia-related-tooltip='Compartir en Twitter' rel=\"noopener\"><span class='avia_hidden_link_text'>Compartir en Twitter<\/span><\/a><\/li><li class='av-share-link av-social-link-whatsapp' ><a target=\"_blank\" aria-label=\"Compartir en Whatsapp\" href='https:\/\/api.whatsapp.com\/send?text=https:\/\/radiorevelacionfm.cl\/?p=57581' aria-hidden='false' data-av_icon='\uf232' data-av_iconfont='entypo-fontello' title='' data-avia-related-tooltip='Compartir en Whatsapp' rel=\"noopener\"><span class='avia_hidden_link_text'>Compartir en Whatsapp<\/span><\/a><\/li><li class='av-share-link av-social-link-linkedin' ><a target=\"_blank\" aria-label=\"Compartir en LinkedIn\" href='https:\/\/linkedin.com\/shareArticle?mini=true&#038;title=Edelaysen%20conecta%20nueva%20sede%20social%20del%20sector%20El%20Bosque%20en%20Coyhaique&#038;url=https:\/\/radiorevelacionfm.cl\/?p=57581' aria-hidden='false' data-av_icon='\ue8fc' data-av_iconfont='entypo-fontello' title='' data-avia-related-tooltip='Compartir en LinkedIn' rel=\"noopener\"><span class='avia_hidden_link_text'>Compartir en LinkedIn<\/span><\/a><\/li><li class='av-share-link av-social-link-mail' ><a  aria-label=\"Compartir por correo\" href='mailto:?subject=Edelaysen%20conecta%20nueva%20sede%20social%20del%20sector%20El%20Bosque%20en%20Coyhaique&#038;body=https:\/\/radiorevelacionfm.cl\/?p=57581' aria-hidden='false' data-av_icon='\ue805' data-av_iconfont='entypo-fontello' title='' data-avia-related-tooltip='Compartir por correo'><span class='avia_hidden_link_text'>Compartir por correo<\/span><\/a><\/li><\/ul><\/div><\/div>\n<div  style='height:50px' class='hr hr-invisible   avia-builder-el-8  el_after_av_social_share  el_before_av_comments_list '><span class='hr-inner ' ><span class='hr-inner-style'><\/span><\/span><\/div>\n<div  class='av-buildercomment  av-blog-meta-html-info-disabled av-blog-meta-tag-disabled  '><\/div>\n","protected":false},"excerpt":{"rendered":"","protected":false},"author":1,"featured_media":57582,"comment_status":"closed","ping_status":"closed","sticky":false,"template":"","format":"standard","meta":{"footnotes":""},"categories":[38],"tags":[],"class_list":["post-57581","post","type-post","status-publish","format-standard","has-post-thumbnail","hentry","category-regional"],"jetpack_featured_media_url":"https:\/\/radiorevelacionfm.cl\/wp-content\/uploads\/2025\/08\/sede-villa-patagonia0-1_optimized.jpeg","_links":{"self":[{"href":"https:\/\/radiorevelacionfm.cl\/index.php?rest_route=\/wp\/v2\/posts\/57581","targetHints":{"allow":["GET"]}}],"collection":[{"href":"https:\/\/radiorevelacionfm.cl\/index.php?rest_route=\/wp\/v2\/posts"}],"about":[{"href":"https:\/\/radiorevelacionfm.cl\/index.php?rest_route=\/wp\/v2\/types\/post"}],"author":[{"embeddable":true,"href":"https:\/\/radiorevelacionfm.cl\/index.php?rest_route=\/wp\/v2\/users\/1"}],"replies":[{"embeddable":true,"href":"https:\/\/radiorevelacionfm.cl\/index.php?rest_route=%2Fwp%2Fv2%2Fcomments&post=57581"}],"version-history":[{"count":2,"href":"https:\/\/radiorevelacionfm.cl\/index.php?rest_route=\/wp\/v2\/posts\/57581\/revisions"}],"predecessor-version":[{"id":57584,"href":"https:\/\/radiorevelacionfm.cl\/index.php?rest_route=\/wp\/v2\/posts\/57581\/revisions\/57584"}],"wp:featuredmedia":[{"embeddable":true,"href":"https:\/\/radiorevelacionfm.cl\/index.php?rest_route=\/wp\/v2\/media\/57582"}],"wp:attachment":[{"href":"https:\/\/radiorevelacionfm.cl\/index.php?rest_route=%2Fwp%2Fv2%2Fmedia&parent=57581"}],"wp:term":[{"taxonomy":"category","embeddable":true,"href":"https:\/\/radiorevelacionfm.cl\/index.php?rest_route=%2Fwp%2Fv2%2Fcategories&post=57581"},{"taxonomy":"post_tag","embeddable":true,"href":"https:\/\/radiorevelacionfm.cl\/index.php?rest_route=%2Fwp%2Fv2%2Ftags&post=57581"}],"curies":[{"name":"wp","href":"https:\/\/api.w.org\/{rel}","templated":true}]}}