{"id":57570,"date":"2025-08-09T12:25:40","date_gmt":"2025-08-09T15:25:40","guid":{"rendered":"https:\/\/radiorevelacionfm.cl\/?p=57570"},"modified":"2025-08-09T12:25:40","modified_gmt":"2025-08-09T15:25:40","slug":"carabineros-aysen-entrega-recomendaciones-para-celebrar-el-dia-del-nino-con-seguridad","status":"publish","type":"post","link":"https:\/\/radiorevelacionfm.cl\/?p=57570","title":{"rendered":"Carabineros Ays\u00e9n entrega recomendaciones para celebrar el D\u00eda del Ni\u00f1o con seguridad"},"content":{"rendered":"<div class=\"flex_column av_one_full  flex_column_div av-zero-column-padding first  avia-builder-el-0  el_before_av_one_full  avia-builder-el-first  \" style='border-radius:0px; '><div  class='avia-image-container  av-styling-    avia-builder-el-1  avia-builder-el-no-sibling  avia-align-center '  itemprop=\"image\" itemscope=\"itemscope\" itemtype=\"https:\/\/schema.org\/ImageObject\"  ><div class='avia-image-container-inner'><div class='avia-image-overlay-wrap'><img decoding=\"async\" class='wp-image-57571 avia-img-lazy-loading-not-57571 avia_image' src=\"https:\/\/radiorevelacionfm.cl\/wp-content\/uploads\/2025\/08\/labocar2-1_optimized-1.jpg\" alt='' title='labocar2-(1)_optimized (1)' height=\"610\" width=\"804\"  itemprop=\"thumbnailUrl\" srcset=\"https:\/\/radiorevelacionfm.cl\/wp-content\/uploads\/2025\/08\/labocar2-1_optimized-1.jpg 804w, https:\/\/radiorevelacionfm.cl\/wp-content\/uploads\/2025\/08\/labocar2-1_optimized-1-300x228.jpg 300w, https:\/\/radiorevelacionfm.cl\/wp-content\/uploads\/2025\/08\/labocar2-1_optimized-1-768x583.jpg 768w, https:\/\/radiorevelacionfm.cl\/wp-content\/uploads\/2025\/08\/labocar2-1_optimized-1-705x535.jpg 705w, https:\/\/radiorevelacionfm.cl\/wp-content\/uploads\/2025\/08\/labocar2-1_optimized-1-450x341.jpg 450w, https:\/\/radiorevelacionfm.cl\/wp-content\/uploads\/2025\/08\/labocar2-1_optimized-1-600x455.jpg 600w\" sizes=\"(max-width: 804px) 100vw, 804px\" \/><\/div><\/div><\/div><\/div><div class=\"flex_column av_one_full  flex_column_div av-zero-column-padding first  avia-builder-el-2  el_after_av_one_full  el_before_av_one_full  column-top-margin\" style='border-radius:0px; '><section class=\"av_textblock_section \"  itemscope=\"itemscope\" itemtype=\"https:\/\/schema.org\/BlogPosting\" itemprop=\"blogPost\" ><div class='avia_textblock  '   itemprop=\"text\" ><p style=\"text-align: center;\"><strong><span style=\"font-size: 18pt;\">Carabineros Ays\u00e9n entrega recomendaciones para celebrar el D\u00eda del Ni\u00f1o con seguridad<\/span><\/strong><\/p>\n<div id=\"gtx-trans\" style=\"position: absolute; left: -50px; top: 4.31534px;\">\n<div class=\"gtx-trans-icon\"><\/div>\n<\/div>\n<\/div><\/section><\/div><div class=\"flex_column av_one_full  flex_column_div av-zero-column-padding first  avia-builder-el-4  el_after_av_one_full  el_before_av_hr  column-top-margin\" style='border-radius:0px; '><section class=\"av_textblock_section \"  itemscope=\"itemscope\" itemtype=\"https:\/\/schema.org\/BlogPosting\" itemprop=\"blogPost\" ><div class='avia_textblock  '   itemprop=\"text\" ><ul>\n<li dir=\"ltr\">\n<p dir=\"ltr\" style=\"text-align: justify;\"><em>La Instituci\u00f3n record\u00f3 al momento de adquirir productos o juguetes, hacerlo en el comercio establecido y exigir la boleta.<\/em><\/p>\n<\/li>\n<\/ul>\n<p dir=\"ltr\" style=\"text-align: justify;\">Con ocasi\u00f3n de la celebraci\u00f3n del d\u00eda del ni\u00f1o el pr\u00f3ximo domingo 10 de agosto, muchos padres est\u00e1n abocados por estas horas a la compra de regalos o juguetes para celebrar y sorprender a los m\u00e1s peque\u00f1os del hogar en esta esperada fecha.<\/p>\n<p dir=\"ltr\" style=\"text-align: justify;\">Frente a lo anterior, Carabineros entreg\u00f3 diversas recomendaciones a los padres, con la finalidad de recordar determinados aspectos en cuanto a los materiales utilizados y la descripci\u00f3n de los productos, con la finalidad de prevenir intoxicaciones o otros accidentes al momento de su manipulaci\u00f3n o uso.<\/p>\n<p dir=\"ltr\" style=\"text-align: justify;\">La Instituci\u00f3n record\u00f3 en primer t\u00e9rmino, preferir siempre el comercio establecido y exigir la boleta, documento que es el comprobante de adquisici\u00f3n y da cuenta de un responsable de la venta de ese producto, el cual cumple con las disposiciones emanadas desde el Ministerio de Salud y el Sernac, y permite ejercer el derecho como consumidor.<\/p>\n<p dir=\"ltr\" style=\"text-align: justify;\">Asimismo, resulta clave verificar el rotulado o descripci\u00f3n, el cual debe estar siempre en espa\u00f1ol y contener informaci\u00f3n sobre las caracter\u00edsticas del producto, se\u00f1alar la edad para el cual ha sido dise\u00f1ado en atenci\u00f3n a sus componentes y el tama\u00f1o de estos, donde la presencia de piezas peque\u00f1as podr\u00edan generar alg\u00fan accidente en caso de ingesta accidental.<\/p>\n<p dir=\"ltr\" style=\"text-align: justify;\">El rotulado debe indicar el nombre o raz\u00f3n social del importador, as\u00ed como si el producto es o no inflamable o si contiene alguna composici\u00f3n t\u00f3xica.<\/p>\n<p dir=\"ltr\" style=\"text-align: justify;\">Respecto a las compras de manera online, Carabineros record\u00f3 digitar la direcci\u00f3n de la tienda en la URL, verificando la seguridad de esta y no acceder a trav\u00e9s de link v\u00eda redes sociales o mensajer\u00eda, previendo de esta forma ser v\u00edctima de estafa.<\/p>\n<p dir=\"ltr\" style=\"text-align: justify;\">Al comprar en el comercio formal y ante alguna falla del producto, el cliente -a trav\u00e9s de la exhibici\u00f3n de la boleta- puede solicitar su devoluci\u00f3n.<\/p>\n<p dir=\"ltr\" style=\"text-align: justify;\">En esta fecha en que celebramos la alegr\u00eda, la inocencia y los sue\u00f1os de nuestros hijos, cuando les obsequiamos un producto de calidad, les estamos diciendo que los queremos, que los amamos y que son importantes en nuestras vidas.<\/p>\n<p dir=\"ltr\" style=\"text-align: justify;\">Carabineros reiter\u00f3 a los padres adoptar resguardos y no comprar en el comercio informal, instando a denunciar situaciones irregulares o al margen de la normativa que puedan poner en riesgo la salud o integridad de los m\u00e1s peque\u00f1os de la familia, en su d\u00eda.<\/p>\n<\/div><\/section><\/div><div  style='height:50px' class='hr hr-invisible   avia-builder-el-6  el_after_av_one_full  el_before_av_social_share '><span class='hr-inner ' ><span class='hr-inner-style'><\/span><\/span><\/div><\/p>\n<div  class='av-social-sharing-box  avia-builder-el-7  el_after_av_hr  el_before_av_hr  '><div class='av-share-box'><h5 class='av-share-link-description av-no-toc '>Compartir esta noticia<\/h5><ul class='av-share-box-list noLightbox'><li class='av-share-link av-social-link-facebook' ><a target=\"_blank\" aria-label=\"Compartir en Facebook\" href='https:\/\/www.facebook.com\/sharer.php?u=https:\/\/radiorevelacionfm.cl\/?p=57570&#038;t=Carabineros%20Ays%C3%A9n%20entrega%20recomendaciones%20para%20celebrar%20el%20D%C3%ADa%20del%20Ni%C3%B1o%20con%20seguridad' aria-hidden='false' data-av_icon='\ue8f3' data-av_iconfont='entypo-fontello' title='' data-avia-related-tooltip='Compartir en Facebook' rel=\"noopener\"><span class='avia_hidden_link_text'>Compartir en Facebook<\/span><\/a><\/li><li class='av-share-link av-social-link-twitter' ><a target=\"_blank\" aria-label=\"Compartir en Twitter\" href='https:\/\/twitter.com\/share?text=Carabineros%20Ays%C3%A9n%20entrega%20recomendaciones%20para%20celebrar%20el%20D%C3%ADa%20del%20Ni%C3%B1o%20con%20seguridad&#038;url=https:\/\/radiorevelacionfm.cl\/?p=57570' aria-hidden='false' data-av_icon='\ue8f1' data-av_iconfont='entypo-fontello' title='' data-avia-related-tooltip='Compartir en Twitter' rel=\"noopener\"><span class='avia_hidden_link_text'>Compartir en Twitter<\/span><\/a><\/li><li class='av-share-link av-social-link-whatsapp' ><a target=\"_blank\" aria-label=\"Compartir en Whatsapp\" href='https:\/\/api.whatsapp.com\/send?text=https:\/\/radiorevelacionfm.cl\/?p=57570' aria-hidden='false' data-av_icon='\uf232' data-av_iconfont='entypo-fontello' title='' data-avia-related-tooltip='Compartir en Whatsapp' rel=\"noopener\"><span class='avia_hidden_link_text'>Compartir en Whatsapp<\/span><\/a><\/li><li class='av-share-link av-social-link-linkedin' ><a target=\"_blank\" aria-label=\"Compartir en LinkedIn\" href='https:\/\/linkedin.com\/shareArticle?mini=true&#038;title=Carabineros%20Ays%C3%A9n%20entrega%20recomendaciones%20para%20celebrar%20el%20D%C3%ADa%20del%20Ni%C3%B1o%20con%20seguridad&#038;url=https:\/\/radiorevelacionfm.cl\/?p=57570' aria-hidden='false' data-av_icon='\ue8fc' data-av_iconfont='entypo-fontello' title='' data-avia-related-tooltip='Compartir en LinkedIn' rel=\"noopener\"><span class='avia_hidden_link_text'>Compartir en LinkedIn<\/span><\/a><\/li><li class='av-share-link av-social-link-mail' ><a  aria-label=\"Compartir por correo\" href='mailto:?subject=Carabineros%20Ays%C3%A9n%20entrega%20recomendaciones%20para%20celebrar%20el%20D%C3%ADa%20del%20Ni%C3%B1o%20con%20seguridad&#038;body=https:\/\/radiorevelacionfm.cl\/?p=57570' aria-hidden='false' data-av_icon='\ue805' data-av_iconfont='entypo-fontello' title='' data-avia-related-tooltip='Compartir por correo'><span class='avia_hidden_link_text'>Compartir por correo<\/span><\/a><\/li><\/ul><\/div><\/div>\n<div  style='height:50px' class='hr hr-invisible   avia-builder-el-8  el_after_av_social_share  el_before_av_comments_list '><span class='hr-inner ' ><span class='hr-inner-style'><\/span><\/span><\/div>\n<div  class='av-buildercomment  av-blog-meta-html-info-disabled av-blog-meta-tag-disabled  '><\/div>\n","protected":false},"excerpt":{"rendered":"","protected":false},"author":1,"featured_media":57571,"comment_status":"closed","ping_status":"closed","sticky":false,"template":"","format":"standard","meta":{"footnotes":""},"categories":[36],"tags":[],"class_list":["post-57570","post","type-post","status-publish","format-standard","has-post-thumbnail","hentry","category-policial"],"jetpack_featured_media_url":"https:\/\/radiorevelacionfm.cl\/wp-content\/uploads\/2025\/08\/labocar2-1_optimized-1.jpg","_links":{"self":[{"href":"https:\/\/radiorevelacionfm.cl\/index.php?rest_route=\/wp\/v2\/posts\/57570","targetHints":{"allow":["GET"]}}],"collection":[{"href":"https:\/\/radiorevelacionfm.cl\/index.php?rest_route=\/wp\/v2\/posts"}],"about":[{"href":"https:\/\/radiorevelacionfm.cl\/index.php?rest_route=\/wp\/v2\/types\/post"}],"author":[{"embeddable":true,"href":"https:\/\/radiorevelacionfm.cl\/index.php?rest_route=\/wp\/v2\/users\/1"}],"replies":[{"embeddable":true,"href":"https:\/\/radiorevelacionfm.cl\/index.php?rest_route=%2Fwp%2Fv2%2Fcomments&post=57570"}],"version-history":[{"count":2,"href":"https:\/\/radiorevelacionfm.cl\/index.php?rest_route=\/wp\/v2\/posts\/57570\/revisions"}],"predecessor-version":[{"id":57579,"href":"https:\/\/radiorevelacionfm.cl\/index.php?rest_route=\/wp\/v2\/posts\/57570\/revisions\/57579"}],"wp:featuredmedia":[{"embeddable":true,"href":"https:\/\/radiorevelacionfm.cl\/index.php?rest_route=\/wp\/v2\/media\/57571"}],"wp:attachment":[{"href":"https:\/\/radiorevelacionfm.cl\/index.php?rest_route=%2Fwp%2Fv2%2Fmedia&parent=57570"}],"wp:term":[{"taxonomy":"category","embeddable":true,"href":"https:\/\/radiorevelacionfm.cl\/index.php?rest_route=%2Fwp%2Fv2%2Fcategories&post=57570"},{"taxonomy":"post_tag","embeddable":true,"href":"https:\/\/radiorevelacionfm.cl\/index.php?rest_route=%2Fwp%2Fv2%2Ftags&post=57570"}],"curies":[{"name":"wp","href":"https:\/\/api.w.org\/{rel}","templated":true}]}}