{"id":57567,"date":"2025-08-11T10:13:51","date_gmt":"2025-08-11T13:13:51","guid":{"rendered":"https:\/\/radiorevelacionfm.cl\/?p=57567"},"modified":"2025-08-11T10:13:51","modified_gmt":"2025-08-11T13:13:51","slug":"indespa-convoca-a-organizaciones-del-sector-pesquero-a-fondo-de-capacitacion-para-gestion-de-proyectos-formalizacion-tributaria-alfabetizacion-digital-y-pasantias-tecnologicas","status":"publish","type":"post","link":"https:\/\/radiorevelacionfm.cl\/?p=57567","title":{"rendered":"Indespa convoca a organizaciones del sector pesquero a fondo de capacitaci\u00f3n para gesti\u00f3n de proyectos, formalizaci\u00f3n tributaria, alfabetizaci\u00f3n digital y pasant\u00edas tecnol\u00f3gicas"},"content":{"rendered":"<div class=\"flex_column av_one_full  flex_column_div av-zero-column-padding first  avia-builder-el-0  el_before_av_one_full  avia-builder-el-first  \" style='border-radius:0px; '><div  class='avia-image-container  av-styling-    avia-builder-el-1  avia-builder-el-no-sibling  avia-align-center '  itemprop=\"image\" itemscope=\"itemscope\" itemtype=\"https:\/\/schema.org\/ImageObject\"  ><div class='avia-image-container-inner'><div class='avia-image-overlay-wrap'><img decoding=\"async\" class='wp-image-57568 avia-img-lazy-loading-not-57568 avia_image' src=\"https:\/\/radiorevelacionfm.cl\/wp-content\/uploads\/2025\/08\/caleta-totoralillo-norte-1_optimized.jpg\" alt='' title='caleta-totoralillo-norte-(1)_optimized' height=\"600\" width=\"900\"  itemprop=\"thumbnailUrl\" srcset=\"https:\/\/radiorevelacionfm.cl\/wp-content\/uploads\/2025\/08\/caleta-totoralillo-norte-1_optimized.jpg 900w, https:\/\/radiorevelacionfm.cl\/wp-content\/uploads\/2025\/08\/caleta-totoralillo-norte-1_optimized-300x200.jpg 300w, https:\/\/radiorevelacionfm.cl\/wp-content\/uploads\/2025\/08\/caleta-totoralillo-norte-1_optimized-768x512.jpg 768w, https:\/\/radiorevelacionfm.cl\/wp-content\/uploads\/2025\/08\/caleta-totoralillo-norte-1_optimized-705x470.jpg 705w, https:\/\/radiorevelacionfm.cl\/wp-content\/uploads\/2025\/08\/caleta-totoralillo-norte-1_optimized-450x300.jpg 450w, https:\/\/radiorevelacionfm.cl\/wp-content\/uploads\/2025\/08\/caleta-totoralillo-norte-1_optimized-600x400.jpg 600w\" sizes=\"(max-width: 900px) 100vw, 900px\" \/><\/div><\/div><\/div><\/div><div class=\"flex_column av_one_full  flex_column_div av-zero-column-padding first  avia-builder-el-2  el_after_av_one_full  el_before_av_one_full  column-top-margin\" style='border-radius:0px; '><section class=\"av_textblock_section \"  itemscope=\"itemscope\" itemtype=\"https:\/\/schema.org\/BlogPosting\" itemprop=\"blogPost\" ><div class='avia_textblock  '   itemprop=\"text\" ><p style=\"text-align: center;\"><strong><span style=\"font-size: 18pt;\">Indespa convoca a organizaciones del sector pesquero a fondo de capacitaci\u00f3n para gesti\u00f3n de proyectos, formalizaci\u00f3n tributaria, alfabetizaci\u00f3n digital y pasant\u00edas tecnol\u00f3gicas<\/span><\/strong><\/p>\n<div id=\"gtx-trans\" style=\"position: absolute; left: -50px; top: 4.31534px;\">\n<div class=\"gtx-trans-icon\"><\/div>\n<\/div>\n<\/div><\/section><\/div><div class=\"flex_column av_one_full  flex_column_div av-zero-column-padding first  avia-builder-el-4  el_after_av_one_full  el_before_av_hr  column-top-margin\" style='border-radius:0px; '><section class=\"av_textblock_section \"  itemscope=\"itemscope\" itemtype=\"https:\/\/schema.org\/BlogPosting\" itemprop=\"blogPost\" ><div class='avia_textblock  '   itemprop=\"text\" ><p style=\"text-align: justify;\">El servicio del Ministerio de Econom\u00eda, mantiene abiertas seis convocatorias a fondos concursables para pesca y acuicultura de peque\u00f1a escala por m\u00e1s de cuatro mil millones.<\/p>\n<p style=\"text-align: justify;\">Este lunes 11 de agosto, el Instituto Nacional de Desarrollo Sustentable de la Pesca Artesanal y de la Acuicultura de Peque\u00f1a Escala, Indespa, abre el llamado a sindicatos, cooperativas, asociaciones y federaciones, entre otras organizaciones del sector, para optar al fondo concursable Fortalecimiento Organizacional.<\/p>\n<p style=\"text-align: justify;\">La convocatoria, otorga fondos entre cinco y cuarenta millones de pesos para que las organizaciones implementen proyectos de capacitaci\u00f3n y asistencia t\u00e9cnica especializada en \u00e1reas como planificaci\u00f3n de negocios, formaci\u00f3n en liderazgo, emprendimiento, formulaci\u00f3n y gesti\u00f3n de proyectos, formalizaci\u00f3n tributaria, alfabetizaci\u00f3n digital, pasant\u00edas tecnol\u00f3gicas, marketing digital y actualizaci\u00f3n de estatutos, entre otras materias.<\/p>\n<p style=\"text-align: justify;\">La iniciativa con enfoque de g\u00e9nero, contempla cerca de cincuenta cupos a nivel nacional, quince de ellos dirigidos a organizaciones con directivas integradas exclusivamente por mujeres. Estas postulaciones se extienden hasta el 26 de agosto en indespa.cl<\/p>\n<p style=\"text-align: justify;\">Al respecto, el director nacional del Indespa, Leonardo Llanos Huerta, explic\u00f3 que en este llamado \u201cbuscamos que las organizaciones puedan fortalecer sus capacidades comerciales, productivas y digitales para abrirse a nuevos mercados. Sabemos que una de las brechas del sector es el conocimiento en materias comerciales, tributarias, el c\u00f3mo optimizar y rentabilizar lo que producen, y a partir de esta intervenci\u00f3n queremos fortalecer esas competencias en la dirigencia y sus asociados y asociadas\u201d.<\/p>\n<p style=\"text-align: justify;\">Por otro lado, para quienes se desempe\u00f1an en el cultivo de ostiones, ostras, mit\u00edlidos y algas, el fondo Acuicultura de Peque\u00f1a Escala otorga recursos entre diez y veinte millones de pesos por proyecto, para inversi\u00f3n en equipamiento, infraestructura, insumos materiales y\/o implementos para el cultivo. Sus postulaciones se extienden por un mes.<\/p>\n<p style=\"text-align: justify;\">Otra convocatoria 2025, que cierra este lunes 11 de agosto, es el fondo Caleta Operaci\u00f3n. Con dos mil millones de pesos en presupuesto, est\u00e1 dirigido a organizaciones titulares de la administraci\u00f3n de sus caletas, que pueden optar a la adquisici\u00f3n de veh\u00edculos como tractores, camiones gr\u00faa, gr\u00faas horquilla, furgones y camiones con sistema de fr\u00edo, para mejorar la gesti\u00f3n de labores en el varado y desvarado de embarcaciones, o la carga, descarga y transporte de productos del mar.<\/p>\n<p style=\"text-align: justify;\">El titular de Indespa, precis\u00f3 que actualmente son cerca de cuatro mil trescientos millones dispuestos en fondos concursables. \u201cNuestro compromiso como Indespa es avanzar en oportunidades y mejoras para fortalecer el desarrollo productivo y comercial de la pesca artesanal, de la acuicultura de peque\u00f1a escala y de quienes trabajan d\u00eda a d\u00eda en las distintas caletas y centros de cultivo del pa\u00eds, para que puedan seguir con la provisi\u00f3n de m\u00e1s y mejores productos, \u00fanicos de nuestra costa, nutritivos, sabrosos, que tanto se disfrutan en las mesas del pa\u00eds y el mundo\u201d.<\/p>\n<p style=\"text-align: justify;\"><strong>Plan Bicentenario Chilo\u00e9<\/strong><\/p>\n<p style=\"text-align: justify;\">El diecinueve de enero pr\u00f3ximo, las y los habitantes del archipi\u00e9lago de Chilo\u00e9 conmemoran 200 a\u00f1os desde su anexi\u00f3n a Chile y para celebrar este importante hito, el Ministerio de Econom\u00eda impulsa el Plan Econ\u00f3mico Bicentenario con un conjunto de 37 medidas de desarrollo, ocho de ellas por mil seiscientos millones de pesos, financiadas por el Indespa para la pesca artesanal y acuicultura de peque\u00f1a escala.<\/p>\n<p style=\"text-align: justify;\">En tal contexto, el pasado cuatro agosto, el instituto abri\u00f3 el fondo <strong>Capital Semilla Chilo\u00e9<\/strong>, dirigido a mujeres de la provincia, mayores de 18 a\u00f1os, con Registro Pesquero Artesanal (RPA) y Registro Social de Hogares (RSH), que desarrollen alg\u00fan emprendimiento productivo asociado a la pesca artesanal en \u00e1mbitos de gastronom\u00eda, turismo, valor agregado y confecci\u00f3n y armado de artes y aparejos de pesca. \u00a0Este llamado ser\u00e1 implementado en conjunto con Fosis Los Lagos, financiando capacitaci\u00f3n, asistencia t\u00e9cnica y un capital de inversi\u00f3n hasta de un mill\u00f3n y medio de pesos. Las postulaciones concluyen el 24 de agosto.<\/p>\n<p style=\"text-align: justify;\">Otra de las convocatorias vigentes es <strong>Caleta Operaci\u00f3n Chilo\u00e9<\/strong> para mejorar la seguridad y navegaci\u00f3n de la flota artesanal. Este llamado, abierto hasta el 29 de agosto, contempla cuatroscientos sesenta millones de pesos para financiar desde equipos electr\u00f3nicos de navegaci\u00f3n y seguridad hasta reparaciones de habitabilidad y sala de m\u00e1quinas en las embarcaciones de pesca.<\/p>\n<p style=\"text-align: justify;\">En tanto, el 27 de agosto, concluye la postulaci\u00f3n al fondo <strong>Acuicultura de Peque\u00f1a Escala (APE) &#8211; Etapa 1 <\/strong>para acuicultores y acuicultoras de la provincia chilota y de la regi\u00f3n de Los Lagos, quienes pueden optar a recursos hasta veinte millones de pesos para incorporar tecnolog\u00eda y equipamiento en aquellos centros de cultivo que no han sido beneficiarios APE del instituto entre los a\u00f1os 2022 y 2024. Este fondo cuenta con un presupuesto de mil doscientos millones de pesos, de los cuales quinientos cincuenta millones son dirigidos a proyectos en Chilo\u00e9.-.<\/p>\n<\/div><\/section><\/div><div  style='height:50px' class='hr hr-invisible   avia-builder-el-6  el_after_av_one_full  el_before_av_social_share '><span class='hr-inner ' ><span class='hr-inner-style'><\/span><\/span><\/div><\/p>\n<div  class='av-social-sharing-box  avia-builder-el-7  el_after_av_hr  el_before_av_hr  '><div class='av-share-box'><h5 class='av-share-link-description av-no-toc '>Compartir esta noticia<\/h5><ul class='av-share-box-list noLightbox'><li class='av-share-link av-social-link-facebook' ><a target=\"_blank\" aria-label=\"Compartir en Facebook\" href='https:\/\/www.facebook.com\/sharer.php?u=https:\/\/radiorevelacionfm.cl\/?p=57567&#038;t=Indespa%20convoca%20a%20organizaciones%20del%20sector%20pesquero%20a%20fondo%20de%20capacitaci%C3%B3n%20para%20gesti%C3%B3n%20de%20proyectos%2C%20formalizaci%C3%B3n%20tributaria%2C%20alfabetizaci%C3%B3n%20digital%20y%20pasant%C3%ADas%20tecnol%C3%B3gicas' aria-hidden='false' data-av_icon='\ue8f3' data-av_iconfont='entypo-fontello' title='' data-avia-related-tooltip='Compartir en Facebook' rel=\"noopener\"><span class='avia_hidden_link_text'>Compartir en Facebook<\/span><\/a><\/li><li class='av-share-link av-social-link-twitter' ><a target=\"_blank\" aria-label=\"Compartir en Twitter\" href='https:\/\/twitter.com\/share?text=Indespa%20convoca%20a%20organizaciones%20del%20sector%20pesquero%20a%20fondo%20de%20capacitaci%C3%B3n%20para%20gesti%C3%B3n%20de%20proyectos%2C%20formalizaci%C3%B3n%20tributaria%2C%20alfabetizaci%C3%B3n%20digital%20y%20pasant%C3%ADas%20tecnol%C3%B3gicas&#038;url=https:\/\/radiorevelacionfm.cl\/?p=57567' aria-hidden='false' data-av_icon='\ue8f1' data-av_iconfont='entypo-fontello' title='' data-avia-related-tooltip='Compartir en Twitter' rel=\"noopener\"><span class='avia_hidden_link_text'>Compartir en Twitter<\/span><\/a><\/li><li class='av-share-link av-social-link-whatsapp' ><a target=\"_blank\" aria-label=\"Compartir en Whatsapp\" href='https:\/\/api.whatsapp.com\/send?text=https:\/\/radiorevelacionfm.cl\/?p=57567' aria-hidden='false' data-av_icon='\uf232' data-av_iconfont='entypo-fontello' title='' data-avia-related-tooltip='Compartir en Whatsapp' rel=\"noopener\"><span class='avia_hidden_link_text'>Compartir en Whatsapp<\/span><\/a><\/li><li class='av-share-link av-social-link-linkedin' ><a target=\"_blank\" aria-label=\"Compartir en LinkedIn\" href='https:\/\/linkedin.com\/shareArticle?mini=true&#038;title=Indespa%20convoca%20a%20organizaciones%20del%20sector%20pesquero%20a%20fondo%20de%20capacitaci%C3%B3n%20para%20gesti%C3%B3n%20de%20proyectos%2C%20formalizaci%C3%B3n%20tributaria%2C%20alfabetizaci%C3%B3n%20digital%20y%20pasant%C3%ADas%20tecnol%C3%B3gicas&#038;url=https:\/\/radiorevelacionfm.cl\/?p=57567' aria-hidden='false' data-av_icon='\ue8fc' data-av_iconfont='entypo-fontello' title='' data-avia-related-tooltip='Compartir en LinkedIn' rel=\"noopener\"><span class='avia_hidden_link_text'>Compartir en LinkedIn<\/span><\/a><\/li><li class='av-share-link av-social-link-mail' ><a  aria-label=\"Compartir por correo\" href='mailto:?subject=Indespa%20convoca%20a%20organizaciones%20del%20sector%20pesquero%20a%20fondo%20de%20capacitaci%C3%B3n%20para%20gesti%C3%B3n%20de%20proyectos%2C%20formalizaci%C3%B3n%20tributaria%2C%20alfabetizaci%C3%B3n%20digital%20y%20pasant%C3%ADas%20tecnol%C3%B3gicas&#038;body=https:\/\/radiorevelacionfm.cl\/?p=57567' aria-hidden='false' data-av_icon='\ue805' data-av_iconfont='entypo-fontello' title='' data-avia-related-tooltip='Compartir por correo'><span class='avia_hidden_link_text'>Compartir por correo<\/span><\/a><\/li><\/ul><\/div><\/div>\n<div  style='height:50px' class='hr hr-invisible   avia-builder-el-8  el_after_av_social_share  el_before_av_comments_list '><span class='hr-inner ' ><span class='hr-inner-style'><\/span><\/span><\/div>\n<div  class='av-buildercomment  av-blog-meta-html-info-disabled av-blog-meta-tag-disabled  '><\/div>\n","protected":false},"excerpt":{"rendered":"","protected":false},"author":1,"featured_media":57568,"comment_status":"closed","ping_status":"closed","sticky":false,"template":"","format":"standard","meta":{"footnotes":""},"categories":[61],"tags":[],"class_list":["post-57567","post","type-post","status-publish","format-standard","has-post-thumbnail","hentry","category-nacional"],"jetpack_featured_media_url":"https:\/\/radiorevelacionfm.cl\/wp-content\/uploads\/2025\/08\/caleta-totoralillo-norte-1_optimized.jpg","_links":{"self":[{"href":"https:\/\/radiorevelacionfm.cl\/index.php?rest_route=\/wp\/v2\/posts\/57567","targetHints":{"allow":["GET"]}}],"collection":[{"href":"https:\/\/radiorevelacionfm.cl\/index.php?rest_route=\/wp\/v2\/posts"}],"about":[{"href":"https:\/\/radiorevelacionfm.cl\/index.php?rest_route=\/wp\/v2\/types\/post"}],"author":[{"embeddable":true,"href":"https:\/\/radiorevelacionfm.cl\/index.php?rest_route=\/wp\/v2\/users\/1"}],"replies":[{"embeddable":true,"href":"https:\/\/radiorevelacionfm.cl\/index.php?rest_route=%2Fwp%2Fv2%2Fcomments&post=57567"}],"version-history":[{"count":2,"href":"https:\/\/radiorevelacionfm.cl\/index.php?rest_route=\/wp\/v2\/posts\/57567\/revisions"}],"predecessor-version":[{"id":57616,"href":"https:\/\/radiorevelacionfm.cl\/index.php?rest_route=\/wp\/v2\/posts\/57567\/revisions\/57616"}],"wp:featuredmedia":[{"embeddable":true,"href":"https:\/\/radiorevelacionfm.cl\/index.php?rest_route=\/wp\/v2\/media\/57568"}],"wp:attachment":[{"href":"https:\/\/radiorevelacionfm.cl\/index.php?rest_route=%2Fwp%2Fv2%2Fmedia&parent=57567"}],"wp:term":[{"taxonomy":"category","embeddable":true,"href":"https:\/\/radiorevelacionfm.cl\/index.php?rest_route=%2Fwp%2Fv2%2Fcategories&post=57567"},{"taxonomy":"post_tag","embeddable":true,"href":"https:\/\/radiorevelacionfm.cl\/index.php?rest_route=%2Fwp%2Fv2%2Ftags&post=57567"}],"curies":[{"name":"wp","href":"https:\/\/api.w.org\/{rel}","templated":true}]}}