{"id":57564,"date":"2025-08-08T20:46:08","date_gmt":"2025-08-08T23:46:08","guid":{"rendered":"https:\/\/radiorevelacionfm.cl\/?p=57564"},"modified":"2025-08-08T20:46:08","modified_gmt":"2025-08-08T23:46:08","slug":"seguridad-publica-exitoso-operativo-entre-carabineros-y-pdi-en-la-region-de-aysen","status":"publish","type":"post","link":"https:\/\/radiorevelacionfm.cl\/?p=57564","title":{"rendered":"Seguridad P\u00fablica: Exitoso operativo entre Carabineros y PDI en la Regi\u00f3n de Ays\u00e9n"},"content":{"rendered":"<div class=\"flex_column av_one_full  flex_column_div av-zero-column-padding first  avia-builder-el-0  el_before_av_one_full  avia-builder-el-first  \" style='border-radius:0px; '><div  class='avia-image-container  av-styling-    avia-builder-el-1  avia-builder-el-no-sibling  avia-align-center '  itemprop=\"image\" itemscope=\"itemscope\" itemtype=\"https:\/\/schema.org\/ImageObject\"  ><div class='avia-image-container-inner'><div class='avia-image-overlay-wrap'><img decoding=\"async\" class='wp-image-57565 avia-img-lazy-loading-not-57565 avia_image' src=\"https:\/\/radiorevelacionfm.cl\/wp-content\/uploads\/2025\/08\/whatsapp-image-2025-08-08-at-2_optimized.39.47-pm3-1-1.jpeg\" alt='' title='whatsapp-image-2025-08-08-at-2_optimized.39.47-pm(3)-(1) (1)' height=\"600\" width=\"800\"  itemprop=\"thumbnailUrl\" srcset=\"https:\/\/radiorevelacionfm.cl\/wp-content\/uploads\/2025\/08\/whatsapp-image-2025-08-08-at-2_optimized.39.47-pm3-1-1.jpeg 800w, https:\/\/radiorevelacionfm.cl\/wp-content\/uploads\/2025\/08\/whatsapp-image-2025-08-08-at-2_optimized.39.47-pm3-1-1-300x225.jpeg 300w, https:\/\/radiorevelacionfm.cl\/wp-content\/uploads\/2025\/08\/whatsapp-image-2025-08-08-at-2_optimized.39.47-pm3-1-1-768x576.jpeg 768w, https:\/\/radiorevelacionfm.cl\/wp-content\/uploads\/2025\/08\/whatsapp-image-2025-08-08-at-2_optimized.39.47-pm3-1-1-705x529.jpeg 705w, https:\/\/radiorevelacionfm.cl\/wp-content\/uploads\/2025\/08\/whatsapp-image-2025-08-08-at-2_optimized.39.47-pm3-1-1-450x338.jpeg 450w, https:\/\/radiorevelacionfm.cl\/wp-content\/uploads\/2025\/08\/whatsapp-image-2025-08-08-at-2_optimized.39.47-pm3-1-1-600x450.jpeg 600w\" sizes=\"(max-width: 800px) 100vw, 800px\" \/><\/div><\/div><\/div><\/div><div class=\"flex_column av_one_full  flex_column_div av-zero-column-padding first  avia-builder-el-2  el_after_av_one_full  el_before_av_one_full  column-top-margin\" style='border-radius:0px; '><section class=\"av_textblock_section \"  itemscope=\"itemscope\" itemtype=\"https:\/\/schema.org\/BlogPosting\" itemprop=\"blogPost\" ><div class='avia_textblock  '   itemprop=\"text\" ><p style=\"text-align: center;\"><span style=\"font-size: 18pt;\"><strong>Seguridad P\u00fablica: Exitoso operativo entre Carabineros y PDI en la Regi\u00f3n de Ays\u00e9n<\/strong><\/span><\/p>\n<div id=\"gtx-trans\" style=\"position: absolute; left: -50px; top: 4.31534px;\">\n<div class=\"gtx-trans-icon\"><\/div>\n<\/div>\n<\/div><\/section><\/div><div class=\"flex_column av_one_full  flex_column_div av-zero-column-padding first  avia-builder-el-4  el_after_av_one_full  el_before_av_hr  column-top-margin\" style='border-radius:0px; '><section class=\"av_textblock_section \"  itemscope=\"itemscope\" itemtype=\"https:\/\/schema.org\/BlogPosting\" itemprop=\"blogPost\" ><div class='avia_textblock  '   itemprop=\"text\" ><p style=\"text-align: justify;\">Como una acci\u00f3n para fortalecer a la seguridad p\u00fablica y en un trabajo coordinado entre el Ministerio de Seguridad P\u00fablica, Carabineros y la Polic\u00eda de Investigaciones de Chile, este jueves 7 de agosto se despleg\u00f3 un mega operativo a nivel nacional, permitiendo un exitoso, in\u00e9dito e hist\u00f3rico servicio especial entre las polic\u00edas de la Regi\u00f3n de Ays\u00e9n.<\/p>\n<p style=\"text-align: justify;\">En este sentido, durante la jornada del viernes, las autoridades regionales realizaron un balance con los resultados operativos obtenidos durante este procedimiento en conjunto donde se logr\u00f3 detener a personas requeridas por la justicia y detectar a extranjeros que infringir la Ley de Migraci\u00f3n y Extranjer\u00eda.<\/p>\n<p style=\"text-align: justify;\">El Delegado Presidencial Regional, Jorge D\u00edaz, valor\u00f3 este procedimiento coordinado, indicando que \u201ccomo gobierno, queremos expresar a la comunidad que tenemos una batalla frontal para combatir la delincuencia, el narcotr\u00e1fico y el crimen organizado. Con este tipo de acciones, estamos diciendo a la opini\u00f3n p\u00fablica y a la comunidad regional, que nuestras polic\u00edas, que nuestro Ministerio de Seguridad P\u00fablica, van a seguir trabajando intensamente por mantener la tranquilidad y la seguridad de los ciudadanos y ciudadanas de la Regi\u00f3n de Ays\u00e9n\u201d.<\/p>\n<p style=\"text-align: justify;\"><strong>Carabineros<\/strong><\/p>\n<p style=\"text-align: justify;\">El Jefe de Zona de Carabineros Ays\u00e9n, General Eduardo Palma Fuentes, destac\u00f3 el trabajo coordinado entre ambas polic\u00edas y el gobierno -a trav\u00e9s de la ronda de impacto masiva de control y fiscalizaci\u00f3n- el cual se desarrolla bajo un mismo objetivo para contribuir de manera en\u00e9rgica a la seguridad del territorio de Ays\u00e9n.<\/p>\n<p style=\"text-align: justify;\">\u201cPor parte de Carabineros tuvimos un total de 14 detenidos, de los cuales destacan seis por \u00f3rdenes vigentes de aprehensi\u00f3n, de los cuales dos son por microtr\u00e1fico de drogas y otros ocho detenidos por delitos flagrantes, entre los cuales destaca una persona que conduc\u00eda un autom\u00f3vil robado en la ciudad de Santiago en el mes de julio, lo cual llama la atenci\u00f3n que, ya a comienzos de agosto, se encontraba circulando ac\u00e1 en la regi\u00f3n\u201d, indic\u00f3 el General Palma.<\/p>\n<p style=\"text-align: justify;\">El Oficial General a\u00f1adi\u00f3 que \u201cesta labor lleg\u00f3 para quedarse, vamos a volver a realizar estas rondas de impacto, no obstante, estamos trabajando muy coordinadamente con la Polic\u00eda de Investigaciones. Carabineros y PDI estamos unidos porque buscamos el mismo fin, tranquilidad para nuestra comunidad y para nuestra regi\u00f3n. Vamos a seguir trabajando en\u00e9rgicamente porque no podemos ceder espacio para que la delincuencia se tome esta hermosa regi\u00f3n de Ays\u00e9n\u201d, complement\u00f3 el Jefe de Zona de Carabineros.<\/p>\n<p style=\"text-align: justify;\"><strong>Polic\u00eda de Investigaciones<\/strong><\/p>\n<p style=\"text-align: justify;\">Para contribuir desde su experiencia en el an\u00e1lisis criminal, la investigaci\u00f3n de los delitos y la fiscalizaci\u00f3n de extranjeros, la PDI despleg\u00f3 un equipo multidisciplinario de detectives para dar cumplimiento a este operativo nacional masivo, realizado en conjunto con Carabineros de Chile, bajo la direcci\u00f3n del Ministerio de Seguridad P\u00fablica.<\/p>\n<p style=\"text-align: justify;\">Durante el balance, el Jefe de la Regi\u00f3n Policial de Ays\u00e9n, Prefecto Inspector Javier Valenzuela, resalt\u00f3 los efectivos resultados obtenidos por la instituci\u00f3n a nivel regional, \u201cdentro de los dos principales ejes de acci\u00f3n de la PDI, nos enfocamos en buscar personas que estuviesen con requisitos de detenci\u00f3n pendientes y logramos detener a 11 personas en la regi\u00f3n por los delitos de abuso sexual de menor de 14 a\u00f1os, hurto, conducci\u00f3n en estado de ebriedad, da\u00f1os y otros delitos menores que fueron computados o al total nacional de la gente que fue detenida\u201d.<\/p>\n<p style=\"text-align: justify;\">En cuanto a la fiscalizaci\u00f3n de extranjeros, se realizaron controles focalizados en el sector c\u00e9ntrico de la ciudad, principalmente, en el \u00e1mbito comercial, logrando establecer a trabajadores irregulares en algunas barber\u00edas del centro de la ciudad, \u201ca nivel local se fiscalizaron a 25 personas, logrando denunciar a cinco. Es una cifra bastante positiva y la fiscalizaci\u00f3n fue bastante masiva, con resultados muy exitosos, pensamos. Adem\u00e1s, logramos individualizarlos, catastrarlos y registrarlos definitivamente con miras a tener un catastro universal de lo que son los extranjeros en nuestro pa\u00eds, principalmente, irregulares\u201d, sostuvo el Oficial Superior.<\/p>\n<p style=\"text-align: justify;\"><strong>Fortaleciendo la seguridad p\u00fablica <\/strong><\/p>\n<p style=\"text-align: justify;\">Finalmente, la Seremi de Seguridad P\u00fablica, Ruth Vallejos Cuiti\u00f1o, destac\u00f3 la realizaci\u00f3n de un trabajo coordinado con las polic\u00edas, para fortalecer la prevenci\u00f3n y seguridad de la poblaci\u00f3n. \u201cTuvimos un despliegue a nivel regional de 129 carabineros y 36 detectives, funcionando de manera conjunta en combatir el delito y las incivilidades que existen en nuestra regi\u00f3n. La se\u00f1al que queremos dar a la comunidad, es que estamos luchando en forma unida para combatir el delito. Estuvimos en Chile Chico, hablando con la comunidad y estamos extendi\u00e9ndonos con la Subsecretar\u00eda de Prevenci\u00f3n del Delito en distintos puntos, para promover Denuncia Seguro y recoger la ayuda de la comunidad para seguir nuestra lucha contra el crimen y el delito en general\u201d, se\u00f1al\u00f3.<\/p>\n<\/div><\/section><\/div><div  style='height:50px' class='hr hr-invisible   avia-builder-el-6  el_after_av_one_full  el_before_av_social_share '><span class='hr-inner ' ><span class='hr-inner-style'><\/span><\/span><\/div><\/p>\n<div  class='av-social-sharing-box  avia-builder-el-7  el_after_av_hr  el_before_av_hr  '><div class='av-share-box'><h5 class='av-share-link-description av-no-toc '>Compartir esta noticia<\/h5><ul class='av-share-box-list noLightbox'><li class='av-share-link av-social-link-facebook' ><a target=\"_blank\" aria-label=\"Compartir en Facebook\" href='https:\/\/www.facebook.com\/sharer.php?u=https:\/\/radiorevelacionfm.cl\/?p=57564&#038;t=Seguridad%20P%C3%BAblica%3A%20Exitoso%20operativo%20entre%20Carabineros%20y%20PDI%20en%20la%20Regi%C3%B3n%20de%20Ays%C3%A9n' aria-hidden='false' data-av_icon='\ue8f3' data-av_iconfont='entypo-fontello' title='' data-avia-related-tooltip='Compartir en Facebook' rel=\"noopener\"><span class='avia_hidden_link_text'>Compartir en Facebook<\/span><\/a><\/li><li class='av-share-link av-social-link-twitter' ><a target=\"_blank\" aria-label=\"Compartir en Twitter\" href='https:\/\/twitter.com\/share?text=Seguridad%20P%C3%BAblica%3A%20Exitoso%20operativo%20entre%20Carabineros%20y%20PDI%20en%20la%20Regi%C3%B3n%20de%20Ays%C3%A9n&#038;url=https:\/\/radiorevelacionfm.cl\/?p=57564' aria-hidden='false' data-av_icon='\ue8f1' data-av_iconfont='entypo-fontello' title='' data-avia-related-tooltip='Compartir en Twitter' rel=\"noopener\"><span class='avia_hidden_link_text'>Compartir en Twitter<\/span><\/a><\/li><li class='av-share-link av-social-link-whatsapp' ><a target=\"_blank\" aria-label=\"Compartir en Whatsapp\" href='https:\/\/api.whatsapp.com\/send?text=https:\/\/radiorevelacionfm.cl\/?p=57564' aria-hidden='false' data-av_icon='\uf232' data-av_iconfont='entypo-fontello' title='' data-avia-related-tooltip='Compartir en Whatsapp' rel=\"noopener\"><span class='avia_hidden_link_text'>Compartir en Whatsapp<\/span><\/a><\/li><li class='av-share-link av-social-link-linkedin' ><a target=\"_blank\" aria-label=\"Compartir en LinkedIn\" href='https:\/\/linkedin.com\/shareArticle?mini=true&#038;title=Seguridad%20P%C3%BAblica%3A%20Exitoso%20operativo%20entre%20Carabineros%20y%20PDI%20en%20la%20Regi%C3%B3n%20de%20Ays%C3%A9n&#038;url=https:\/\/radiorevelacionfm.cl\/?p=57564' aria-hidden='false' data-av_icon='\ue8fc' data-av_iconfont='entypo-fontello' title='' data-avia-related-tooltip='Compartir en LinkedIn' rel=\"noopener\"><span class='avia_hidden_link_text'>Compartir en LinkedIn<\/span><\/a><\/li><li class='av-share-link av-social-link-mail' ><a  aria-label=\"Compartir por correo\" href='mailto:?subject=Seguridad%20P%C3%BAblica%3A%20Exitoso%20operativo%20entre%20Carabineros%20y%20PDI%20en%20la%20Regi%C3%B3n%20de%20Ays%C3%A9n&#038;body=https:\/\/radiorevelacionfm.cl\/?p=57564' aria-hidden='false' data-av_icon='\ue805' data-av_iconfont='entypo-fontello' title='' data-avia-related-tooltip='Compartir por correo'><span class='avia_hidden_link_text'>Compartir por correo<\/span><\/a><\/li><\/ul><\/div><\/div>\n<div  style='height:50px' class='hr hr-invisible   avia-builder-el-8  el_after_av_social_share  el_before_av_comments_list '><span class='hr-inner ' ><span class='hr-inner-style'><\/span><\/span><\/div>\n<div  class='av-buildercomment  av-blog-meta-html-info-disabled av-blog-meta-tag-disabled  '><\/div>\n","protected":false},"excerpt":{"rendered":"","protected":false},"author":1,"featured_media":57565,"comment_status":"closed","ping_status":"closed","sticky":false,"template":"","format":"standard","meta":{"footnotes":""},"categories":[36],"tags":[],"class_list":["post-57564","post","type-post","status-publish","format-standard","has-post-thumbnail","hentry","category-policial"],"jetpack_featured_media_url":"https:\/\/radiorevelacionfm.cl\/wp-content\/uploads\/2025\/08\/whatsapp-image-2025-08-08-at-2_optimized.39.47-pm3-1-1.jpeg","_links":{"self":[{"href":"https:\/\/radiorevelacionfm.cl\/index.php?rest_route=\/wp\/v2\/posts\/57564","targetHints":{"allow":["GET"]}}],"collection":[{"href":"https:\/\/radiorevelacionfm.cl\/index.php?rest_route=\/wp\/v2\/posts"}],"about":[{"href":"https:\/\/radiorevelacionfm.cl\/index.php?rest_route=\/wp\/v2\/types\/post"}],"author":[{"embeddable":true,"href":"https:\/\/radiorevelacionfm.cl\/index.php?rest_route=\/wp\/v2\/users\/1"}],"replies":[{"embeddable":true,"href":"https:\/\/radiorevelacionfm.cl\/index.php?rest_route=%2Fwp%2Fv2%2Fcomments&post=57564"}],"version-history":[{"count":2,"href":"https:\/\/radiorevelacionfm.cl\/index.php?rest_route=\/wp\/v2\/posts\/57564\/revisions"}],"predecessor-version":[{"id":57575,"href":"https:\/\/radiorevelacionfm.cl\/index.php?rest_route=\/wp\/v2\/posts\/57564\/revisions\/57575"}],"wp:featuredmedia":[{"embeddable":true,"href":"https:\/\/radiorevelacionfm.cl\/index.php?rest_route=\/wp\/v2\/media\/57565"}],"wp:attachment":[{"href":"https:\/\/radiorevelacionfm.cl\/index.php?rest_route=%2Fwp%2Fv2%2Fmedia&parent=57564"}],"wp:term":[{"taxonomy":"category","embeddable":true,"href":"https:\/\/radiorevelacionfm.cl\/index.php?rest_route=%2Fwp%2Fv2%2Fcategories&post=57564"},{"taxonomy":"post_tag","embeddable":true,"href":"https:\/\/radiorevelacionfm.cl\/index.php?rest_route=%2Fwp%2Fv2%2Ftags&post=57564"}],"curies":[{"name":"wp","href":"https:\/\/api.w.org\/{rel}","templated":true}]}}