{"id":57557,"date":"2025-08-09T15:35:14","date_gmt":"2025-08-09T18:35:14","guid":{"rendered":"https:\/\/radiorevelacionfm.cl\/?p=57557"},"modified":"2025-08-09T15:35:14","modified_gmt":"2025-08-09T18:35:14","slug":"diputada-raphael-valora-plan-salmon-y-llama-a-impulsar-la-salmonicultura-en-aysen","status":"publish","type":"post","link":"https:\/\/radiorevelacionfm.cl\/?p=57557","title":{"rendered":"Diputada Raphael valora Plan Salm\u00f3n y llama a impulsar la salmonicultura en Ays\u00e9n"},"content":{"rendered":"<div class=\"flex_column av_one_full  flex_column_div av-zero-column-padding first  avia-builder-el-0  el_before_av_one_full  avia-builder-el-first  \" style='border-radius:0px; '><div  class='avia-image-container  av-styling-    avia-builder-el-1  avia-builder-el-no-sibling  avia-align-center '  itemprop=\"image\" itemscope=\"itemscope\" itemtype=\"https:\/\/schema.org\/ImageObject\"  ><div class='avia-image-container-inner'><div class='avia-image-overlay-wrap'><img decoding=\"async\" class='wp-image-57558 avia-img-lazy-loading-not-57558 avia_image' src=\"https:\/\/radiorevelacionfm.cl\/wp-content\/uploads\/2025\/08\/plan-salmOn-1_optimized-1.jpeg\" alt='' title='plan-salm\u00d3n-(1)_optimized (1)' height=\"600\" width=\"953\"  itemprop=\"thumbnailUrl\" srcset=\"https:\/\/radiorevelacionfm.cl\/wp-content\/uploads\/2025\/08\/plan-salmOn-1_optimized-1.jpeg 953w, https:\/\/radiorevelacionfm.cl\/wp-content\/uploads\/2025\/08\/plan-salmOn-1_optimized-1-300x189.jpeg 300w, https:\/\/radiorevelacionfm.cl\/wp-content\/uploads\/2025\/08\/plan-salmOn-1_optimized-1-768x484.jpeg 768w, https:\/\/radiorevelacionfm.cl\/wp-content\/uploads\/2025\/08\/plan-salmOn-1_optimized-1-705x444.jpeg 705w, https:\/\/radiorevelacionfm.cl\/wp-content\/uploads\/2025\/08\/plan-salmOn-1_optimized-1-450x283.jpeg 450w, https:\/\/radiorevelacionfm.cl\/wp-content\/uploads\/2025\/08\/plan-salmOn-1_optimized-1-600x378.jpeg 600w\" sizes=\"(max-width: 953px) 100vw, 953px\" \/><\/div><\/div><\/div><\/div><div class=\"flex_column av_one_full  flex_column_div av-zero-column-padding first  avia-builder-el-2  el_after_av_one_full  el_before_av_one_full  column-top-margin\" style='border-radius:0px; '><section class=\"av_textblock_section \"  itemscope=\"itemscope\" itemtype=\"https:\/\/schema.org\/BlogPosting\" itemprop=\"blogPost\" ><div class='avia_textblock  '   itemprop=\"text\" ><p style=\"text-align: center;\"><strong><span style=\"font-size: 18pt;\">Diputada Raphael valora Plan Salm\u00f3n y llama a impulsar la salmonicultura en Ays\u00e9n<\/span><\/strong><\/p>\n<div id=\"gtx-trans\" style=\"position: absolute; left: -50px; top: 4.31534px;\">\n<div class=\"gtx-trans-icon\"><\/div>\n<\/div>\n<\/div><\/section><\/div><div class=\"flex_column av_one_full  flex_column_div av-zero-column-padding first  avia-builder-el-4  el_after_av_one_full  el_before_av_hr  column-top-margin\" style='border-radius:0px; '><section class=\"av_textblock_section \"  itemscope=\"itemscope\" itemtype=\"https:\/\/schema.org\/BlogPosting\" itemprop=\"blogPost\" ><div class='avia_textblock  '   itemprop=\"text\" ><p style=\"font-weight: 400; text-align: justify;\"><em><i>La parlamentaria RN destac\u00f3 el rol clave de la industria acu\u00edcola en el desarrollo regional y asegur\u00f3 que Chile debe avanzar con decisi\u00f3n, tal como lo hacen referentes internacionales como Noruega.<\/i><\/em><\/p>\n<p style=\"font-weight: 400; text-align: justify;\">La diputada por Ays\u00e9n, Marcia Raphael (RN), particip\u00f3 en una nueva instancia del Plan Salm\u00f3n, donde abord\u00f3 los desaf\u00edos que enfrenta actualmente la industria salmonera, clave para la econom\u00eda del sur de Chile. La parlamentaria puso \u00e9nfasis en la necesidad de avanzar con pol\u00edticas p\u00fablicas que fortalezcan este sector estrat\u00e9gico, especialmente en zonas como Ays\u00e9n, que lideran la producci\u00f3n nacional.<\/p>\n<p style=\"font-weight: 400; text-align: justify;\">\u201cEstoy muy agradecida por la invitaci\u00f3n a participar del Plan Salm\u00f3n. Hac\u00eda mucho tiempo que esper\u00e1bamos que esto se realizara. La industria enfrenta miles de dificultades que deben resolverse con urgencia\u201d, se\u00f1al\u00f3 Raphael.<\/p>\n<p style=\"font-weight: 400; text-align: justify;\">La legisladora enfatiz\u00f3 que mientras Noruega proyecta triplicar su producci\u00f3n al 2050, Chile, siendo el segundo pa\u00eds en producci\u00f3n de salm\u00f3n, contin\u00faa enfrentando trabas como conflictos normativos, falta de certezas regulatorias y tensiones territoriales.<\/p>\n<p style=\"font-weight: 400; text-align: justify;\">\u201cNecesitamos unirnos como macrozona sur. Esta es una industria que tiene un tremendo potencial y debe ser mirada con visi\u00f3n de futuro. Ays\u00e9n es la regi\u00f3n m\u00e1s relevante en producci\u00f3n de salmones, por lo tanto, urge avanzar en nuevas pol\u00edticas que permitan su crecimiento\u201d, agreg\u00f3.<\/p>\n<p style=\"font-weight: 400; text-align: justify;\">Raphael cerr\u00f3 su intervenci\u00f3n asegurando que la salmonicultura es una oportunidad concreta para mejorar la econom\u00eda local, diversificar empleos e impulsar el desarrollo territorial.<\/p>\n<\/div><\/section><\/div><div  style='height:50px' class='hr hr-invisible   avia-builder-el-6  el_after_av_one_full  el_before_av_social_share '><span class='hr-inner ' ><span class='hr-inner-style'><\/span><\/span><\/div><\/p>\n<div  class='av-social-sharing-box  avia-builder-el-7  el_after_av_hr  el_before_av_hr  '><div class='av-share-box'><h5 class='av-share-link-description av-no-toc '>Compartir esta noticia<\/h5><ul class='av-share-box-list noLightbox'><li class='av-share-link av-social-link-facebook' ><a target=\"_blank\" aria-label=\"Compartir en Facebook\" href='https:\/\/www.facebook.com\/sharer.php?u=https:\/\/radiorevelacionfm.cl\/?p=57557&#038;t=Diputada%20Raphael%20valora%20Plan%20Salm%C3%B3n%20y%20llama%20a%20impulsar%20la%20salmonicultura%20en%20Ays%C3%A9n' aria-hidden='false' data-av_icon='\ue8f3' data-av_iconfont='entypo-fontello' title='' data-avia-related-tooltip='Compartir en Facebook' rel=\"noopener\"><span class='avia_hidden_link_text'>Compartir en Facebook<\/span><\/a><\/li><li class='av-share-link av-social-link-twitter' ><a target=\"_blank\" aria-label=\"Compartir en Twitter\" href='https:\/\/twitter.com\/share?text=Diputada%20Raphael%20valora%20Plan%20Salm%C3%B3n%20y%20llama%20a%20impulsar%20la%20salmonicultura%20en%20Ays%C3%A9n&#038;url=https:\/\/radiorevelacionfm.cl\/?p=57557' aria-hidden='false' data-av_icon='\ue8f1' data-av_iconfont='entypo-fontello' title='' data-avia-related-tooltip='Compartir en Twitter' rel=\"noopener\"><span class='avia_hidden_link_text'>Compartir en Twitter<\/span><\/a><\/li><li class='av-share-link av-social-link-whatsapp' ><a target=\"_blank\" aria-label=\"Compartir en Whatsapp\" href='https:\/\/api.whatsapp.com\/send?text=https:\/\/radiorevelacionfm.cl\/?p=57557' aria-hidden='false' data-av_icon='\uf232' data-av_iconfont='entypo-fontello' title='' data-avia-related-tooltip='Compartir en Whatsapp' rel=\"noopener\"><span class='avia_hidden_link_text'>Compartir en Whatsapp<\/span><\/a><\/li><li class='av-share-link av-social-link-linkedin' ><a target=\"_blank\" aria-label=\"Compartir en LinkedIn\" href='https:\/\/linkedin.com\/shareArticle?mini=true&#038;title=Diputada%20Raphael%20valora%20Plan%20Salm%C3%B3n%20y%20llama%20a%20impulsar%20la%20salmonicultura%20en%20Ays%C3%A9n&#038;url=https:\/\/radiorevelacionfm.cl\/?p=57557' aria-hidden='false' data-av_icon='\ue8fc' data-av_iconfont='entypo-fontello' title='' data-avia-related-tooltip='Compartir en LinkedIn' rel=\"noopener\"><span class='avia_hidden_link_text'>Compartir en LinkedIn<\/span><\/a><\/li><li class='av-share-link av-social-link-mail' ><a  aria-label=\"Compartir por correo\" href='mailto:?subject=Diputada%20Raphael%20valora%20Plan%20Salm%C3%B3n%20y%20llama%20a%20impulsar%20la%20salmonicultura%20en%20Ays%C3%A9n&#038;body=https:\/\/radiorevelacionfm.cl\/?p=57557' aria-hidden='false' data-av_icon='\ue805' data-av_iconfont='entypo-fontello' title='' data-avia-related-tooltip='Compartir por correo'><span class='avia_hidden_link_text'>Compartir por correo<\/span><\/a><\/li><\/ul><\/div><\/div>\n<div  style='height:50px' class='hr hr-invisible   avia-builder-el-8  el_after_av_social_share  el_before_av_comments_list '><span class='hr-inner ' ><span class='hr-inner-style'><\/span><\/span><\/div>\n<div  class='av-buildercomment  av-blog-meta-html-info-disabled av-blog-meta-tag-disabled  '><\/div>\n","protected":false},"excerpt":{"rendered":"","protected":false},"author":1,"featured_media":57558,"comment_status":"closed","ping_status":"closed","sticky":false,"template":"","format":"standard","meta":{"footnotes":""},"categories":[35],"tags":[],"class_list":["post-57557","post","type-post","status-publish","format-standard","has-post-thumbnail","hentry","category-politica"],"jetpack_featured_media_url":"https:\/\/radiorevelacionfm.cl\/wp-content\/uploads\/2025\/08\/plan-salmOn-1_optimized-1.jpeg","_links":{"self":[{"href":"https:\/\/radiorevelacionfm.cl\/index.php?rest_route=\/wp\/v2\/posts\/57557","targetHints":{"allow":["GET"]}}],"collection":[{"href":"https:\/\/radiorevelacionfm.cl\/index.php?rest_route=\/wp\/v2\/posts"}],"about":[{"href":"https:\/\/radiorevelacionfm.cl\/index.php?rest_route=\/wp\/v2\/types\/post"}],"author":[{"embeddable":true,"href":"https:\/\/radiorevelacionfm.cl\/index.php?rest_route=\/wp\/v2\/users\/1"}],"replies":[{"embeddable":true,"href":"https:\/\/radiorevelacionfm.cl\/index.php?rest_route=%2Fwp%2Fv2%2Fcomments&post=57557"}],"version-history":[{"count":2,"href":"https:\/\/radiorevelacionfm.cl\/index.php?rest_route=\/wp\/v2\/posts\/57557\/revisions"}],"predecessor-version":[{"id":57580,"href":"https:\/\/radiorevelacionfm.cl\/index.php?rest_route=\/wp\/v2\/posts\/57557\/revisions\/57580"}],"wp:featuredmedia":[{"embeddable":true,"href":"https:\/\/radiorevelacionfm.cl\/index.php?rest_route=\/wp\/v2\/media\/57558"}],"wp:attachment":[{"href":"https:\/\/radiorevelacionfm.cl\/index.php?rest_route=%2Fwp%2Fv2%2Fmedia&parent=57557"}],"wp:term":[{"taxonomy":"category","embeddable":true,"href":"https:\/\/radiorevelacionfm.cl\/index.php?rest_route=%2Fwp%2Fv2%2Fcategories&post=57557"},{"taxonomy":"post_tag","embeddable":true,"href":"https:\/\/radiorevelacionfm.cl\/index.php?rest_route=%2Fwp%2Fv2%2Ftags&post=57557"}],"curies":[{"name":"wp","href":"https:\/\/api.w.org\/{rel}","templated":true}]}}