{"id":57554,"date":"2025-08-09T11:57:21","date_gmt":"2025-08-09T14:57:21","guid":{"rendered":"https:\/\/radiorevelacionfm.cl\/?p=57554"},"modified":"2025-08-09T11:57:21","modified_gmt":"2025-08-09T14:57:21","slug":"seremi-navarro-valora-que-proyecto-de-nueva-carcel-para-coyhaique-sea-parte-de-las-169-iniciativas-aprobadas-por-el-consejo-regional-de-aysen","status":"publish","type":"post","link":"https:\/\/radiorevelacionfm.cl\/?p=57554","title":{"rendered":"Seremi Navarro valora que proyecto de nueva c\u00e1rcel para Coyhaique sea parte de las 169 iniciativas aprobadas por el Consejo Regional de Ays\u00e9n"},"content":{"rendered":"<div class=\"flex_column av_one_full  flex_column_div av-zero-column-padding first  avia-builder-el-0  el_before_av_one_full  avia-builder-el-first  \" style='border-radius:0px; '><div  class='avia-image-container  av-styling-    avia-builder-el-1  avia-builder-el-no-sibling  avia-align-center '  itemprop=\"image\" itemscope=\"itemscope\" itemtype=\"https:\/\/schema.org\/ImageObject\"  ><div class='avia-image-container-inner'><div class='avia-image-overlay-wrap'><img decoding=\"async\" class='wp-image-57555 avia-img-lazy-loading-not-57555 avia_image' src=\"https:\/\/radiorevelacionfm.cl\/wp-content\/uploads\/2025\/08\/comunicado-carcel-1-1_optimized.jpg\" alt='' title='comunicado-carcel-1-(1)_optimized' height=\"600\" width=\"800\"  itemprop=\"thumbnailUrl\" srcset=\"https:\/\/radiorevelacionfm.cl\/wp-content\/uploads\/2025\/08\/comunicado-carcel-1-1_optimized.jpg 800w, https:\/\/radiorevelacionfm.cl\/wp-content\/uploads\/2025\/08\/comunicado-carcel-1-1_optimized-300x225.jpg 300w, https:\/\/radiorevelacionfm.cl\/wp-content\/uploads\/2025\/08\/comunicado-carcel-1-1_optimized-768x576.jpg 768w, https:\/\/radiorevelacionfm.cl\/wp-content\/uploads\/2025\/08\/comunicado-carcel-1-1_optimized-705x529.jpg 705w, https:\/\/radiorevelacionfm.cl\/wp-content\/uploads\/2025\/08\/comunicado-carcel-1-1_optimized-450x338.jpg 450w, https:\/\/radiorevelacionfm.cl\/wp-content\/uploads\/2025\/08\/comunicado-carcel-1-1_optimized-600x450.jpg 600w\" sizes=\"(max-width: 800px) 100vw, 800px\" \/><\/div><\/div><\/div><\/div><div class=\"flex_column av_one_full  flex_column_div av-zero-column-padding first  avia-builder-el-2  el_after_av_one_full  el_before_av_one_full  column-top-margin\" style='border-radius:0px; '><section class=\"av_textblock_section \"  itemscope=\"itemscope\" itemtype=\"https:\/\/schema.org\/BlogPosting\" itemprop=\"blogPost\" ><div class='avia_textblock  '   itemprop=\"text\" ><p style=\"text-align: center;\"><span style=\"font-size: 18pt;\"><strong>Seremi Navarro valora que proyecto de nueva c\u00e1rcel para Coyhaique sea parte de las 169 iniciativas aprobadas por el Consejo Regional de Ays\u00e9n<\/strong><\/span><\/p>\n<div id=\"gtx-trans\" style=\"position: absolute; left: -50px; top: 4.31534px;\">\n<div class=\"gtx-trans-icon\"><\/div>\n<\/div>\n<\/div><\/section><\/div><div class=\"flex_column av_one_full  flex_column_div av-zero-column-padding first  avia-builder-el-4  el_after_av_one_full  el_before_av_hr  column-top-margin\" style='border-radius:0px; '><section class=\"av_textblock_section \"  itemscope=\"itemscope\" itemtype=\"https:\/\/schema.org\/BlogPosting\" itemprop=\"blogPost\" ><div class='avia_textblock  '   itemprop=\"text\" ><p style=\"text-align: justify;\">Como un importante paso calific\u00f3 el seremi de Justicia y Derechos Humanos Samuel Navarro Castro, la reciente aprobaci\u00f3n por parte del Consejo Regional en pleno de las 169 iniciativas que son parte de la pol\u00edtica nacional de Zonas Extremas, y donde se encuentra inserto el proyecto de construcci\u00f3n de una nueva c\u00e1rcel para Coyhaique, iniciativa esperada por a\u00f1os y que de concretarse ser\u00eda un gran logro para toda la regi\u00f3n de Ays\u00e9n.<\/p>\n<p style=\"text-align: justify;\">Tras participar de la sesi\u00f3n de consejo, el seremi Samuel Navarro Castro se\u00f1al\u00f3 que \u201cesto nos tiene muy contentos porque dentro de las 169 iniciativas, est\u00e1 considerado el proyecto del Ministerio de Justicia para la construcci\u00f3n de una nueva c\u00e1rcel para Coyhaique, y de esta forma este financiamiento compartido puesto que considera una parte sectorial pero tambi\u00e9n una parte del Gobierno Regional, esto a trav\u00e9s de la Pol\u00edtica Nacional de Zonas Extremas que implementa el Presidente de la Rep\u00fablica Gabriel Boric y que tiene una metodolog\u00eda que permite avanzar en corregir las brechas de inversi\u00f3n y de distancia que tiene con otras regiones la regi\u00f3n de Ays\u00e9n, y en su car\u00e1cter de regi\u00f3n extrema nos permite visualizar con optimismo que en las siguientes etapas se vaya materializando este importante anhelo de contar con una nueva infraestructura penitenciaria, que adem\u00e1s se cruza con este plan maestro que ha desarrollado como pol\u00edtica de Estado el Ministerio de Justicia y Derechos Humanos en todo el pa\u00eds y en particular en la regi\u00f3n de Ays\u00e9n\u201d.<\/p>\n<p style=\"text-align: justify;\">Consultado sobre lo que sigue, tras este paso, Samuel Navarro explic\u00f3 que \u201ccontinuando \u00a0con este aspecto positivo, debe seguir pasando etapas, primero en la Subsecretar\u00eda de Desarrollo Regional y Administrativo (Subdere) y posteriormente en la Direcci\u00f3n de Presupuestos (DIPRES), sumado al avance en el Banco Integrado de Proyectos, y que nos permita contar con nuevos espacios, con una mayor capacidad para personas privadas de libertad, pero lo m\u00e1s importante con espacios para poder hacer reinserci\u00f3n que es un aspecto sustantivo para asegurar la seguridad p\u00fablica, donde podamos entregar herramientas, oficios y condiciones para que las personas una vez cumplidas sus condenas puedan reintegrarse adecuadamente a la sociedad\u201d. Nuestro compromiso como gobierno en seguir avanzando en seguridad para nuestra comunidad y dejar en la fase mas avanzada posible esta iniciativa para que la contin\u00fae la pr\u00f3xima administraci\u00f3n como tarea de estado.<\/p>\n<p style=\"text-align: justify;\">Finalmente, cabe mencionar que el nuevo recinto penitenciario involucra una inversi\u00f3n superior a los 53 mil millones de pesos y se proyecta en un terreno distinto al actual, a su vez contempla una capacidad m\u00ednima de 300 personas y sigue un cronograma preciso: la etapa de factibilidad se desarrollar\u00e1 entre 2026 y 2027, seguida por la de dise\u00f1o y ejecuci\u00f3n entre 2028 y 2032.<\/p>\n<\/div><\/section><\/div><div  style='height:50px' class='hr hr-invisible   avia-builder-el-6  el_after_av_one_full  el_before_av_social_share '><span class='hr-inner ' ><span class='hr-inner-style'><\/span><\/span><\/div><\/p>\n<div  class='av-social-sharing-box  avia-builder-el-7  el_after_av_hr  el_before_av_hr  '><div class='av-share-box'><h5 class='av-share-link-description av-no-toc '>Compartir esta noticia<\/h5><ul class='av-share-box-list noLightbox'><li class='av-share-link av-social-link-facebook' ><a target=\"_blank\" aria-label=\"Compartir en Facebook\" href='https:\/\/www.facebook.com\/sharer.php?u=https:\/\/radiorevelacionfm.cl\/?p=57554&#038;t=Seremi%20Navarro%20valora%20que%20proyecto%20de%20nueva%20c%C3%A1rcel%20para%20Coyhaique%20sea%20parte%20de%20las%20169%20iniciativas%20aprobadas%20por%20el%20Consejo%20Regional%20de%20Ays%C3%A9n' aria-hidden='false' data-av_icon='\ue8f3' data-av_iconfont='entypo-fontello' title='' data-avia-related-tooltip='Compartir en Facebook' rel=\"noopener\"><span class='avia_hidden_link_text'>Compartir en Facebook<\/span><\/a><\/li><li class='av-share-link av-social-link-twitter' ><a target=\"_blank\" aria-label=\"Compartir en Twitter\" href='https:\/\/twitter.com\/share?text=Seremi%20Navarro%20valora%20que%20proyecto%20de%20nueva%20c%C3%A1rcel%20para%20Coyhaique%20sea%20parte%20de%20las%20169%20iniciativas%20aprobadas%20por%20el%20Consejo%20Regional%20de%20Ays%C3%A9n&#038;url=https:\/\/radiorevelacionfm.cl\/?p=57554' aria-hidden='false' data-av_icon='\ue8f1' data-av_iconfont='entypo-fontello' title='' data-avia-related-tooltip='Compartir en Twitter' rel=\"noopener\"><span class='avia_hidden_link_text'>Compartir en Twitter<\/span><\/a><\/li><li class='av-share-link av-social-link-whatsapp' ><a target=\"_blank\" aria-label=\"Compartir en Whatsapp\" href='https:\/\/api.whatsapp.com\/send?text=https:\/\/radiorevelacionfm.cl\/?p=57554' aria-hidden='false' data-av_icon='\uf232' data-av_iconfont='entypo-fontello' title='' data-avia-related-tooltip='Compartir en Whatsapp' rel=\"noopener\"><span class='avia_hidden_link_text'>Compartir en Whatsapp<\/span><\/a><\/li><li class='av-share-link av-social-link-linkedin' ><a target=\"_blank\" aria-label=\"Compartir en LinkedIn\" href='https:\/\/linkedin.com\/shareArticle?mini=true&#038;title=Seremi%20Navarro%20valora%20que%20proyecto%20de%20nueva%20c%C3%A1rcel%20para%20Coyhaique%20sea%20parte%20de%20las%20169%20iniciativas%20aprobadas%20por%20el%20Consejo%20Regional%20de%20Ays%C3%A9n&#038;url=https:\/\/radiorevelacionfm.cl\/?p=57554' aria-hidden='false' data-av_icon='\ue8fc' data-av_iconfont='entypo-fontello' title='' data-avia-related-tooltip='Compartir en LinkedIn' rel=\"noopener\"><span class='avia_hidden_link_text'>Compartir en LinkedIn<\/span><\/a><\/li><li class='av-share-link av-social-link-mail' ><a  aria-label=\"Compartir por correo\" href='mailto:?subject=Seremi%20Navarro%20valora%20que%20proyecto%20de%20nueva%20c%C3%A1rcel%20para%20Coyhaique%20sea%20parte%20de%20las%20169%20iniciativas%20aprobadas%20por%20el%20Consejo%20Regional%20de%20Ays%C3%A9n&#038;body=https:\/\/radiorevelacionfm.cl\/?p=57554' aria-hidden='false' data-av_icon='\ue805' data-av_iconfont='entypo-fontello' title='' data-avia-related-tooltip='Compartir por correo'><span class='avia_hidden_link_text'>Compartir por correo<\/span><\/a><\/li><\/ul><\/div><\/div>\n<div  style='height:50px' class='hr hr-invisible   avia-builder-el-8  el_after_av_social_share  el_before_av_comments_list '><span class='hr-inner ' ><span class='hr-inner-style'><\/span><\/span><\/div>\n<div  class='av-buildercomment  av-blog-meta-html-info-disabled av-blog-meta-tag-disabled  '><\/div>\n","protected":false},"excerpt":{"rendered":"","protected":false},"author":1,"featured_media":57555,"comment_status":"closed","ping_status":"closed","sticky":false,"template":"","format":"standard","meta":{"footnotes":""},"categories":[55],"tags":[],"class_list":["post-57554","post","type-post","status-publish","format-standard","has-post-thumbnail","hentry","category-justicia"],"jetpack_featured_media_url":"https:\/\/radiorevelacionfm.cl\/wp-content\/uploads\/2025\/08\/comunicado-carcel-1-1_optimized.jpg","_links":{"self":[{"href":"https:\/\/radiorevelacionfm.cl\/index.php?rest_route=\/wp\/v2\/posts\/57554","targetHints":{"allow":["GET"]}}],"collection":[{"href":"https:\/\/radiorevelacionfm.cl\/index.php?rest_route=\/wp\/v2\/posts"}],"about":[{"href":"https:\/\/radiorevelacionfm.cl\/index.php?rest_route=\/wp\/v2\/types\/post"}],"author":[{"embeddable":true,"href":"https:\/\/radiorevelacionfm.cl\/index.php?rest_route=\/wp\/v2\/users\/1"}],"replies":[{"embeddable":true,"href":"https:\/\/radiorevelacionfm.cl\/index.php?rest_route=%2Fwp%2Fv2%2Fcomments&post=57554"}],"version-history":[{"count":2,"href":"https:\/\/radiorevelacionfm.cl\/index.php?rest_route=\/wp\/v2\/posts\/57554\/revisions"}],"predecessor-version":[{"id":57578,"href":"https:\/\/radiorevelacionfm.cl\/index.php?rest_route=\/wp\/v2\/posts\/57554\/revisions\/57578"}],"wp:featuredmedia":[{"embeddable":true,"href":"https:\/\/radiorevelacionfm.cl\/index.php?rest_route=\/wp\/v2\/media\/57555"}],"wp:attachment":[{"href":"https:\/\/radiorevelacionfm.cl\/index.php?rest_route=%2Fwp%2Fv2%2Fmedia&parent=57554"}],"wp:term":[{"taxonomy":"category","embeddable":true,"href":"https:\/\/radiorevelacionfm.cl\/index.php?rest_route=%2Fwp%2Fv2%2Fcategories&post=57554"},{"taxonomy":"post_tag","embeddable":true,"href":"https:\/\/radiorevelacionfm.cl\/index.php?rest_route=%2Fwp%2Fv2%2Ftags&post=57554"}],"curies":[{"name":"wp","href":"https:\/\/api.w.org\/{rel}","templated":true}]}}