{"id":57549,"date":"2025-08-08T16:15:06","date_gmt":"2025-08-08T19:15:06","guid":{"rendered":"https:\/\/radiorevelacionfm.cl\/?p=57549"},"modified":"2025-08-08T16:15:06","modified_gmt":"2025-08-08T19:15:06","slug":"gobierno-regional-aprueba-el-plan-de-desarrollo-de-zonas-extremas-pdze-por-mas-de-1-600-mil-millones","status":"publish","type":"post","link":"https:\/\/radiorevelacionfm.cl\/?p=57549","title":{"rendered":"Gobierno Regional aprueba el Plan de Desarrollo de Zonas Extremas (PDZE) por m\u00e1s de $1.600 mil millones"},"content":{"rendered":"<div class=\"flex_column av_one_full  flex_column_div av-zero-column-padding first  avia-builder-el-0  el_before_av_one_full  avia-builder-el-first  \" style='border-radius:0px; '><div  class='avia-image-container  av-styling-    avia-builder-el-1  avia-builder-el-no-sibling  avia-align-center '  itemprop=\"image\" itemscope=\"itemscope\" itemtype=\"https:\/\/schema.org\/ImageObject\"  ><div class='avia-image-container-inner'><div class='avia-image-overlay-wrap'><img decoding=\"async\" class='wp-image-57550 avia-img-lazy-loading-not-57550 avia_image' src=\"https:\/\/radiorevelacionfm.cl\/wp-content\/uploads\/2025\/08\/DSC03133-1-1.jpg\" alt='' title='DSC03133 (1) (1)' height=\"600\" width=\"898\"  itemprop=\"thumbnailUrl\" srcset=\"https:\/\/radiorevelacionfm.cl\/wp-content\/uploads\/2025\/08\/DSC03133-1-1.jpg 898w, https:\/\/radiorevelacionfm.cl\/wp-content\/uploads\/2025\/08\/DSC03133-1-1-300x200.jpg 300w, https:\/\/radiorevelacionfm.cl\/wp-content\/uploads\/2025\/08\/DSC03133-1-1-768x513.jpg 768w, https:\/\/radiorevelacionfm.cl\/wp-content\/uploads\/2025\/08\/DSC03133-1-1-705x471.jpg 705w, https:\/\/radiorevelacionfm.cl\/wp-content\/uploads\/2025\/08\/DSC03133-1-1-450x301.jpg 450w, https:\/\/radiorevelacionfm.cl\/wp-content\/uploads\/2025\/08\/DSC03133-1-1-600x401.jpg 600w\" sizes=\"(max-width: 898px) 100vw, 898px\" \/><\/div><\/div><\/div><\/div><div class=\"flex_column av_one_full  flex_column_div av-zero-column-padding first  avia-builder-el-2  el_after_av_one_full  el_before_av_one_full  column-top-margin\" style='border-radius:0px; '><section class=\"av_textblock_section \"  itemscope=\"itemscope\" itemtype=\"https:\/\/schema.org\/BlogPosting\" itemprop=\"blogPost\" ><div class='avia_textblock  '   itemprop=\"text\" ><p style=\"text-align: center;\"><span style=\"font-size: 18pt;\"><strong>Gobierno Regional aprueba el Plan de Desarrollo de Zonas Extremas (PDZE) por m\u00e1s de $1.600 mil millones<\/strong><\/span><\/p>\n<div id=\"gtx-trans\" style=\"position: absolute; left: -50px; top: 4.31534px;\">\n<div class=\"gtx-trans-icon\"><\/div>\n<\/div>\n<\/div><\/section><\/div><div class=\"flex_column av_one_full  flex_column_div av-zero-column-padding first  avia-builder-el-4  el_after_av_one_full  el_before_av_hr  column-top-margin\" style='border-radius:0px; '><section class=\"av_textblock_section \"  itemscope=\"itemscope\" itemtype=\"https:\/\/schema.org\/BlogPosting\" itemprop=\"blogPost\" ><div class='avia_textblock  '   itemprop=\"text\" ><p style=\"text-align: justify;\">La aprobaci\u00f3n de este plan significa el inicio de grandes obras de infraestructura, tales como la Carretera Austral, el Hospital de Coyhaique, diez nuevos estadios y una nueva c\u00e1rcel, entre otros proyectos para el desarrollo de la regi\u00f3n en un plazo de diez a\u00f1os.<\/p>\n<p style=\"text-align: justify;\">El Gobierno Regional y su Consejo aprobaron este viernes 8 de agosto el Plan de Desarrollo de Zonas Extremas (PDZE), instrumento estrat\u00e9gico y hoja de ruta que contempla una hist\u00f3rica cartera de 169 iniciativas con un presupuesto que supera los $<strong>1.689 mil millones de<\/strong> pesos.<\/p>\n<p style=\"text-align: justify;\">El gobernador regional de Ays\u00e9n, Marcelo Santana Vargas, enfatiz\u00f3 la urgencia de aprobar este plan de infraestructura habilitante, que es clave para el desarrollo social y econ\u00f3mico de Ays\u00e9n: \u201cEs posible con esfuerzo y con capacidad de di\u00e1logo llegar a acuerdos importantes y este es uno de ellos. Hace 15 d\u00edas est\u00e1bamos aprobando un plan de Salud, un Convenio de Programaci\u00f3n de Salud, por 200 mil millones de pesos. Y hoy d\u00eda este plan de infraestructura, que es el plan de infraestructura m\u00e1s grande que la regi\u00f3n se ha propuesto en t\u00e9rminos de inversi\u00f3n p\u00fablica y que ha sido gracias al apoyo de las comunidades, de los municipios, de la sociedad civil, los gremios productivos, los servicios p\u00fablicos y por supuesto del Gobierno Regional y\u00a0 su Consejo\u201d.<\/p>\n<p style=\"text-align: justify;\">Este plan busca fomentar el desarrollo productivo y mejorar la calidad de vida de los habitantes de toda la regi\u00f3n. Ser\u00e1 financiado en un 68% por los servicios p\u00fablicos, un 22% por el Gobierno Regional y un 10% por la Provisi\u00f3n de Zonas Extremas, fondo administrado por la Subdere.<\/p>\n<p style=\"text-align: justify;\">El foco de su elaboraci\u00f3n estuvo enfocado en conectividad e infraestructura, a partir de las brechas y necesidades detectadas durante la administraci\u00f3n anterior.<\/p>\n<p style=\"text-align: justify;\">El Ministerio de Obras P\u00fablicas es uno de los sectores principales que participar\u00e1n en esta cartera. La seremi de Ays\u00e9n, Paloma Jara, declar\u00f3: \u201cNuestra alegr\u00eda profunda\u2026 por sobre todo, de cuando la infraestructura se construye a trav\u00e9s de acuerdos, eso es lo m\u00e1s importante y es lo que hemos visto hoy y lo que tambi\u00e9n ha dicho nuestro gobernador. Cuando hay acuerdos, la regi\u00f3n crece y eso es lo que todos necesitamos\u201d.<\/p>\n<p style=\"text-align: justify;\">De las 169 iniciativas, 12 proyectos corresponden a pavimentaci\u00f3n de la Carretera Austral, que equivalen a 235 kil\u00f3metros de pavimento. Asimismo, considera inversi\u00f3n para el mejoramiento de instalaciones y la construcci\u00f3n de proyectos en materia de deporte, turismo, servicios b\u00e1sicos y salud, con obras tales como el hospital y la c\u00e1rcel de Coyhaique, estadios en diez localidades de la regi\u00f3n, polideportivos, puentes, caminos, terminales de buses, miradores, servicios sanitarios y redes de alcantarillado, entre otros.<\/p>\n<p style=\"text-align: justify;\">La consejera Andrea Ponce, presidenta de la Comisi\u00f3n de Presupuesto e Inversiones, agradeci\u00f3 y destac\u00f3 el acuerdo alcanzado: \u201cTambi\u00e9n el trabajo se desarroll\u00f3 con los servicios p\u00fablicos y, por supuesto, la opini\u00f3n de los vecinos y vecinas en cada uno de los trabajos en terreno que se desarroll\u00f3. Este plan no se hizo ac\u00e1 a puertas cerradas. Se trabaj\u00f3 con la comunidad, con los alcaldes, con los funcionarios correspondientes. Hoy d\u00eda nuestra Regi\u00f3n de Ays\u00e9n tiene su Plan de Desarrollo de Zonas Extremas.<\/p>\n<p style=\"text-align: justify;\">En tanto, el consejero Gustavo Villarroel, vicepresidente de la Comisi\u00f3n\u00a0 de Presupuesto e Inversiones, enfatiz\u00f3 sobre la diversidad de iniciativas incluidas: \u201cTenemos obras p\u00fablicas, salud, educaci\u00f3n, vivienda y, tambi\u00e9n, deporte. Creo que la parte recreativa, deportiva y cultural tambi\u00e9n est\u00e1 siendo recogida en este Plan Especial de Zonas Extremas. As\u00ed que mi reconocimiento a todos, y ahora viene una parte t\u00e9cnica importante, que no es menor: que la Subdere debe hacer un seguimiento a este proceso y yo creo que por ah\u00ed ya tenemos algo adelantado\u201d.<\/p>\n<p style=\"text-align: justify;\">En la sesi\u00f3n plenaria, tambi\u00e9n particip\u00f3 el presidente de la C\u00e1mara Chilena de la Construcci\u00f3n, Pablo Carrasco: \u201cQueremos felicitar y es la palabra felicitar, porque este esfuerzo, este di\u00e1logo que se ha hecho, que proviene de los ministerios, de los consejeros y, sobre todo, del Gobernador tambi\u00e9n, que apoy\u00f3 a que pueda incorporarse el sector privado, a que los gremios puedan dar su opini\u00f3n, ha concluido en un plan tremendamente positivo para la regi\u00f3n.<\/p>\n<p style=\"text-align: justify;\"><strong>\u00a0<\/strong><\/p>\n<p style=\"text-align: justify;\"><strong>\u00a0<\/strong><\/p>\n<\/div><\/section><\/div><div  style='height:50px' class='hr hr-invisible   avia-builder-el-6  el_after_av_one_full  el_before_av_social_share '><span class='hr-inner ' ><span class='hr-inner-style'><\/span><\/span><\/div><\/p>\n<div  class='av-social-sharing-box  avia-builder-el-7  el_after_av_hr  el_before_av_hr  '><div class='av-share-box'><h5 class='av-share-link-description av-no-toc '>Compartir esta noticia<\/h5><ul class='av-share-box-list noLightbox'><li class='av-share-link av-social-link-facebook' ><a target=\"_blank\" aria-label=\"Compartir en Facebook\" href='https:\/\/www.facebook.com\/sharer.php?u=https:\/\/radiorevelacionfm.cl\/?p=57549&#038;t=Gobierno%20Regional%20aprueba%20el%20Plan%20de%20Desarrollo%20de%20Zonas%20Extremas%20%28PDZE%29%20por%20m%C3%A1s%20de%20%241.600%20mil%20millones' aria-hidden='false' data-av_icon='\ue8f3' data-av_iconfont='entypo-fontello' title='' data-avia-related-tooltip='Compartir en Facebook' rel=\"noopener\"><span class='avia_hidden_link_text'>Compartir en Facebook<\/span><\/a><\/li><li class='av-share-link av-social-link-twitter' ><a target=\"_blank\" aria-label=\"Compartir en Twitter\" href='https:\/\/twitter.com\/share?text=Gobierno%20Regional%20aprueba%20el%20Plan%20de%20Desarrollo%20de%20Zonas%20Extremas%20%28PDZE%29%20por%20m%C3%A1s%20de%20%241.600%20mil%20millones&#038;url=https:\/\/radiorevelacionfm.cl\/?p=57549' aria-hidden='false' data-av_icon='\ue8f1' data-av_iconfont='entypo-fontello' title='' data-avia-related-tooltip='Compartir en Twitter' rel=\"noopener\"><span class='avia_hidden_link_text'>Compartir en Twitter<\/span><\/a><\/li><li class='av-share-link av-social-link-whatsapp' ><a target=\"_blank\" aria-label=\"Compartir en Whatsapp\" href='https:\/\/api.whatsapp.com\/send?text=https:\/\/radiorevelacionfm.cl\/?p=57549' aria-hidden='false' data-av_icon='\uf232' data-av_iconfont='entypo-fontello' title='' data-avia-related-tooltip='Compartir en Whatsapp' rel=\"noopener\"><span class='avia_hidden_link_text'>Compartir en Whatsapp<\/span><\/a><\/li><li class='av-share-link av-social-link-linkedin' ><a target=\"_blank\" aria-label=\"Compartir en LinkedIn\" href='https:\/\/linkedin.com\/shareArticle?mini=true&#038;title=Gobierno%20Regional%20aprueba%20el%20Plan%20de%20Desarrollo%20de%20Zonas%20Extremas%20%28PDZE%29%20por%20m%C3%A1s%20de%20%241.600%20mil%20millones&#038;url=https:\/\/radiorevelacionfm.cl\/?p=57549' aria-hidden='false' data-av_icon='\ue8fc' data-av_iconfont='entypo-fontello' title='' data-avia-related-tooltip='Compartir en LinkedIn' rel=\"noopener\"><span class='avia_hidden_link_text'>Compartir en LinkedIn<\/span><\/a><\/li><li class='av-share-link av-social-link-mail' ><a  aria-label=\"Compartir por correo\" href='mailto:?subject=Gobierno%20Regional%20aprueba%20el%20Plan%20de%20Desarrollo%20de%20Zonas%20Extremas%20%28PDZE%29%20por%20m%C3%A1s%20de%20%241.600%20mil%20millones&#038;body=https:\/\/radiorevelacionfm.cl\/?p=57549' aria-hidden='false' data-av_icon='\ue805' data-av_iconfont='entypo-fontello' title='' data-avia-related-tooltip='Compartir por correo'><span class='avia_hidden_link_text'>Compartir por correo<\/span><\/a><\/li><\/ul><\/div><\/div>\n<div  style='height:50px' class='hr hr-invisible   avia-builder-el-8  el_after_av_social_share  el_before_av_comments_list '><span class='hr-inner ' ><span class='hr-inner-style'><\/span><\/span><\/div>\n<div  class='av-buildercomment  av-blog-meta-html-info-disabled av-blog-meta-tag-disabled  '><\/div>\n","protected":false},"excerpt":{"rendered":"","protected":false},"author":1,"featured_media":57550,"comment_status":"closed","ping_status":"closed","sticky":false,"template":"","format":"standard","meta":{"footnotes":""},"categories":[38],"tags":[],"class_list":["post-57549","post","type-post","status-publish","format-standard","has-post-thumbnail","hentry","category-regional"],"jetpack_featured_media_url":"https:\/\/radiorevelacionfm.cl\/wp-content\/uploads\/2025\/08\/DSC03133-1-1.jpg","_links":{"self":[{"href":"https:\/\/radiorevelacionfm.cl\/index.php?rest_route=\/wp\/v2\/posts\/57549","targetHints":{"allow":["GET"]}}],"collection":[{"href":"https:\/\/radiorevelacionfm.cl\/index.php?rest_route=\/wp\/v2\/posts"}],"about":[{"href":"https:\/\/radiorevelacionfm.cl\/index.php?rest_route=\/wp\/v2\/types\/post"}],"author":[{"embeddable":true,"href":"https:\/\/radiorevelacionfm.cl\/index.php?rest_route=\/wp\/v2\/users\/1"}],"replies":[{"embeddable":true,"href":"https:\/\/radiorevelacionfm.cl\/index.php?rest_route=%2Fwp%2Fv2%2Fcomments&post=57549"}],"version-history":[{"count":2,"href":"https:\/\/radiorevelacionfm.cl\/index.php?rest_route=\/wp\/v2\/posts\/57549\/revisions"}],"predecessor-version":[{"id":57553,"href":"https:\/\/radiorevelacionfm.cl\/index.php?rest_route=\/wp\/v2\/posts\/57549\/revisions\/57553"}],"wp:featuredmedia":[{"embeddable":true,"href":"https:\/\/radiorevelacionfm.cl\/index.php?rest_route=\/wp\/v2\/media\/57550"}],"wp:attachment":[{"href":"https:\/\/radiorevelacionfm.cl\/index.php?rest_route=%2Fwp%2Fv2%2Fmedia&parent=57549"}],"wp:term":[{"taxonomy":"category","embeddable":true,"href":"https:\/\/radiorevelacionfm.cl\/index.php?rest_route=%2Fwp%2Fv2%2Fcategories&post=57549"},{"taxonomy":"post_tag","embeddable":true,"href":"https:\/\/radiorevelacionfm.cl\/index.php?rest_route=%2Fwp%2Fv2%2Ftags&post=57549"}],"curies":[{"name":"wp","href":"https:\/\/api.w.org\/{rel}","templated":true}]}}