{"id":57545,"date":"2025-08-09T11:32:57","date_gmt":"2025-08-09T14:32:57","guid":{"rendered":"https:\/\/radiorevelacionfm.cl\/?p=57545"},"modified":"2025-08-09T11:32:57","modified_gmt":"2025-08-09T14:32:57","slug":"ya-son-mas-de-100-sernapesca-continua-con-las-certificaciones-de-centinelas-del-mar-en-aysen","status":"publish","type":"post","link":"https:\/\/radiorevelacionfm.cl\/?p=57545","title":{"rendered":"Ya son m\u00e1s de 100: Sernapesca contin\u00faa con las certificaciones de Centinelas del Mar en Ays\u00e9n"},"content":{"rendered":"<div class=\"flex_column av_one_full  flex_column_div av-zero-column-padding first  avia-builder-el-0  el_before_av_one_full  avia-builder-el-first  \" style='border-radius:0px; '><div  class='avia-image-container  av-styling-    avia-builder-el-1  avia-builder-el-no-sibling  avia-align-center '  itemprop=\"image\" itemscope=\"itemscope\" itemtype=\"https:\/\/schema.org\/ImageObject\"  ><div class='avia-image-container-inner'><div class='avia-image-overlay-wrap'><img decoding=\"async\" class='wp-image-57546 avia-img-lazy-loading-not-57546 avia_image' src=\"https:\/\/radiorevelacionfm.cl\/wp-content\/uploads\/2025\/08\/Centinelas-del-Mar-Aysen-1-1.jpg\" alt='' title='Centinelas del Mar Ays\u00e9n (1) (1)' height=\"600\" width=\"902\"  itemprop=\"thumbnailUrl\" srcset=\"https:\/\/radiorevelacionfm.cl\/wp-content\/uploads\/2025\/08\/Centinelas-del-Mar-Aysen-1-1.jpg 902w, https:\/\/radiorevelacionfm.cl\/wp-content\/uploads\/2025\/08\/Centinelas-del-Mar-Aysen-1-1-300x200.jpg 300w, https:\/\/radiorevelacionfm.cl\/wp-content\/uploads\/2025\/08\/Centinelas-del-Mar-Aysen-1-1-768x511.jpg 768w, https:\/\/radiorevelacionfm.cl\/wp-content\/uploads\/2025\/08\/Centinelas-del-Mar-Aysen-1-1-705x469.jpg 705w, https:\/\/radiorevelacionfm.cl\/wp-content\/uploads\/2025\/08\/Centinelas-del-Mar-Aysen-1-1-450x299.jpg 450w, https:\/\/radiorevelacionfm.cl\/wp-content\/uploads\/2025\/08\/Centinelas-del-Mar-Aysen-1-1-600x399.jpg 600w\" sizes=\"(max-width: 902px) 100vw, 902px\" \/><\/div><\/div><\/div><\/div><div class=\"flex_column av_one_full  flex_column_div av-zero-column-padding first  avia-builder-el-2  el_after_av_one_full  el_before_av_one_full  column-top-margin\" style='border-radius:0px; '><section class=\"av_textblock_section \"  itemscope=\"itemscope\" itemtype=\"https:\/\/schema.org\/BlogPosting\" itemprop=\"blogPost\" ><div class='avia_textblock  '   itemprop=\"text\" ><p style=\"font-weight: 400; text-align: center;\"><span style=\"font-size: 18pt;\"><strong>Ya son m\u00e1s de 100: Sernapesca contin\u00faa con las certificaciones de Centinelas del Mar en Ays\u00e9n<\/strong><\/span><\/p>\n<p style=\"font-weight: 400;\"><strong>\u00a0<\/strong><\/p>\n<div id=\"gtx-trans\" style=\"position: absolute; left: -50px; top: 4.31534px;\">\n<div class=\"gtx-trans-icon\"><\/div>\n<\/div>\n<\/div><\/section><\/div><div class=\"flex_column av_one_full  flex_column_div av-zero-column-padding first  avia-builder-el-4  el_after_av_one_full  el_before_av_hr  column-top-margin\" style='border-radius:0px; '><section class=\"av_textblock_section \"  itemscope=\"itemscope\" itemtype=\"https:\/\/schema.org\/BlogPosting\" itemprop=\"blogPost\" ><div class='avia_textblock  '   itemprop=\"text\" ><p style=\"font-weight: 400; text-align: justify;\">En la ciudad de Puerto Ays\u00e9n, el Servicio Nacional de Pesca y Acuicultura (Sernapesca) llev\u00f3 a cabo la cuarta capacitaci\u00f3n presencial para los \u00abCentinelas del Mar\u00bb en la regi\u00f3n. En esta ocasi\u00f3n, 20 nuevas personas se unieron a esta red, lo que eleva a 102 el n\u00famero total de Centinelas en la regi\u00f3n de Ays\u00e9n.<\/p>\n<p style=\"font-weight: 400; text-align: justify;\">\u00abCentinelas del Mar\u00bb es una red de colaboradores voluntarios que apoyan a Sernapesca en la orientaci\u00f3n de la comunidad sobre varamientos de fauna marina y otros hechos que puedan afectar la sustentabilidad de los recursos marinos y su entorno. Adem\u00e1s, tienen la tarea de emitir alertas tempranas y avisar a los equipos de Sernapesca cuando se necesite su intervenci\u00f3n en terreno.<\/p>\n<p style=\"font-weight: 400; text-align: justify;\">Daniela Leiva, directora regional de Sernapesca en Ays\u00e9n, celebr\u00f3 este hito: \u201cCon esta cuarta capacitaci\u00f3n, ya son 102 los Centinelas del Mar en la regi\u00f3n. Agradecemos el inter\u00e9s y el compromiso de todos quienes se han sumado a este programa voluntario de vigilancia y alerta temprana. Con su apoyo, podemos estar m\u00e1s preparados ante varamientos u otras contingencias, adem\u00e1s de promover la protecci\u00f3n de nuestros ecosistemas marinos y la conservaci\u00f3n de la fauna y los recursos del mar\u201d, se\u00f1al\u00f3.<\/p>\n<p style=\"font-weight: 400; text-align: justify;\">Hasta la fecha, un total de 13 organizaciones han sido certificadas como parte de la red de Centinelas del Mar en Ays\u00e9n. Entre ellas, se encuentran instituciones p\u00fablicas como la Gobernaci\u00f3n Mar\u00edtima de Puerto Ays\u00e9n, Aduanas Puerto Chacabuco, Capitan\u00eda de Puerto Chacabuco, Ilustre Municipalidad de Ays\u00e9n, Corporaci\u00f3n de Deportes Balneario Bah\u00eda Acantilada, Corporaci\u00f3n Nacional Forestal (CONAF) y sus guardaparques, adem\u00e1s del Servicio Agr\u00edcola y Ganadero de Puerto Ays\u00e9n.<\/p>\n<p style=\"font-weight: 400; text-align: justify;\">A ellas se suman grupos locales como los Gu\u00edas y Scouts Santa Teresa de los Andes de Puerto Ays\u00e9n y la Sexta Compa\u00f1\u00eda de Bomberos de Puerto Chacabuco. Tambi\u00e9n se integran importantes actores del sector tur\u00edstico, como el Club de Buceo Keremur Diving y operadores tur\u00edsticos como Outdoor Tour Chile y Agua Hielo Expediciones. Estas organizaciones, comprometidas con la protecci\u00f3n de los recursos marinos, son clave para fortalecer la vigilancia y el trabajo conjunto en la conservaci\u00f3n del entorno marino de la regi\u00f3n.<\/p>\n<p style=\"font-weight: 400; text-align: justify;\">Las organizaciones ciudadanas, p\u00fablicas, sociales y ONGs que deseen formar parte de los Centinelas del Mar o que requieran m\u00e1s informaci\u00f3n sobre el programa, pueden escribir al correo electr\u00f3nico\u00a0<a href=\"mailto:centinelas@sernapesca.cl\">centinelas@sernapesca.cl<\/a>.<\/p>\n<\/div><\/section><\/div><div  style='height:50px' class='hr hr-invisible   avia-builder-el-6  el_after_av_one_full  el_before_av_social_share '><span class='hr-inner ' ><span class='hr-inner-style'><\/span><\/span><\/div><\/p>\n<div  class='av-social-sharing-box  avia-builder-el-7  el_after_av_hr  el_before_av_hr  '><div class='av-share-box'><h5 class='av-share-link-description av-no-toc '>Compartir esta noticia<\/h5><ul class='av-share-box-list noLightbox'><li class='av-share-link av-social-link-facebook' ><a target=\"_blank\" aria-label=\"Compartir en Facebook\" href='https:\/\/www.facebook.com\/sharer.php?u=https:\/\/radiorevelacionfm.cl\/?p=57545&#038;t=Ya%20son%20m%C3%A1s%20de%20100%3A%20Sernapesca%20contin%C3%BAa%20con%20las%20certificaciones%20de%20Centinelas%20del%20Mar%20en%20Ays%C3%A9n' aria-hidden='false' data-av_icon='\ue8f3' data-av_iconfont='entypo-fontello' title='' data-avia-related-tooltip='Compartir en Facebook' rel=\"noopener\"><span class='avia_hidden_link_text'>Compartir en Facebook<\/span><\/a><\/li><li class='av-share-link av-social-link-twitter' ><a target=\"_blank\" aria-label=\"Compartir en Twitter\" href='https:\/\/twitter.com\/share?text=Ya%20son%20m%C3%A1s%20de%20100%3A%20Sernapesca%20contin%C3%BAa%20con%20las%20certificaciones%20de%20Centinelas%20del%20Mar%20en%20Ays%C3%A9n&#038;url=https:\/\/radiorevelacionfm.cl\/?p=57545' aria-hidden='false' data-av_icon='\ue8f1' data-av_iconfont='entypo-fontello' title='' data-avia-related-tooltip='Compartir en Twitter' rel=\"noopener\"><span class='avia_hidden_link_text'>Compartir en Twitter<\/span><\/a><\/li><li class='av-share-link av-social-link-whatsapp' ><a target=\"_blank\" aria-label=\"Compartir en Whatsapp\" href='https:\/\/api.whatsapp.com\/send?text=https:\/\/radiorevelacionfm.cl\/?p=57545' aria-hidden='false' data-av_icon='\uf232' data-av_iconfont='entypo-fontello' title='' data-avia-related-tooltip='Compartir en Whatsapp' rel=\"noopener\"><span class='avia_hidden_link_text'>Compartir en Whatsapp<\/span><\/a><\/li><li class='av-share-link av-social-link-linkedin' ><a target=\"_blank\" aria-label=\"Compartir en LinkedIn\" href='https:\/\/linkedin.com\/shareArticle?mini=true&#038;title=Ya%20son%20m%C3%A1s%20de%20100%3A%20Sernapesca%20contin%C3%BAa%20con%20las%20certificaciones%20de%20Centinelas%20del%20Mar%20en%20Ays%C3%A9n&#038;url=https:\/\/radiorevelacionfm.cl\/?p=57545' aria-hidden='false' data-av_icon='\ue8fc' data-av_iconfont='entypo-fontello' title='' data-avia-related-tooltip='Compartir en LinkedIn' rel=\"noopener\"><span class='avia_hidden_link_text'>Compartir en LinkedIn<\/span><\/a><\/li><li class='av-share-link av-social-link-mail' ><a  aria-label=\"Compartir por correo\" href='mailto:?subject=Ya%20son%20m%C3%A1s%20de%20100%3A%20Sernapesca%20contin%C3%BAa%20con%20las%20certificaciones%20de%20Centinelas%20del%20Mar%20en%20Ays%C3%A9n&#038;body=https:\/\/radiorevelacionfm.cl\/?p=57545' aria-hidden='false' data-av_icon='\ue805' data-av_iconfont='entypo-fontello' title='' data-avia-related-tooltip='Compartir por correo'><span class='avia_hidden_link_text'>Compartir por correo<\/span><\/a><\/li><\/ul><\/div><\/div>\n<div  style='height:50px' class='hr hr-invisible   avia-builder-el-8  el_after_av_social_share  el_before_av_comments_list '><span class='hr-inner ' ><span class='hr-inner-style'><\/span><\/span><\/div>\n<div  class='av-buildercomment  av-blog-meta-html-info-disabled av-blog-meta-tag-disabled  '><\/div>\n","protected":false},"excerpt":{"rendered":"","protected":false},"author":1,"featured_media":57546,"comment_status":"closed","ping_status":"closed","sticky":false,"template":"","format":"standard","meta":{"footnotes":""},"categories":[60],"tags":[],"class_list":["post-57545","post","type-post","status-publish","format-standard","has-post-thumbnail","hentry","category-pesca"],"jetpack_featured_media_url":"https:\/\/radiorevelacionfm.cl\/wp-content\/uploads\/2025\/08\/Centinelas-del-Mar-Aysen-1-1.jpg","_links":{"self":[{"href":"https:\/\/radiorevelacionfm.cl\/index.php?rest_route=\/wp\/v2\/posts\/57545","targetHints":{"allow":["GET"]}}],"collection":[{"href":"https:\/\/radiorevelacionfm.cl\/index.php?rest_route=\/wp\/v2\/posts"}],"about":[{"href":"https:\/\/radiorevelacionfm.cl\/index.php?rest_route=\/wp\/v2\/types\/post"}],"author":[{"embeddable":true,"href":"https:\/\/radiorevelacionfm.cl\/index.php?rest_route=\/wp\/v2\/users\/1"}],"replies":[{"embeddable":true,"href":"https:\/\/radiorevelacionfm.cl\/index.php?rest_route=%2Fwp%2Fv2%2Fcomments&post=57545"}],"version-history":[{"count":2,"href":"https:\/\/radiorevelacionfm.cl\/index.php?rest_route=\/wp\/v2\/posts\/57545\/revisions"}],"predecessor-version":[{"id":57577,"href":"https:\/\/radiorevelacionfm.cl\/index.php?rest_route=\/wp\/v2\/posts\/57545\/revisions\/57577"}],"wp:featuredmedia":[{"embeddable":true,"href":"https:\/\/radiorevelacionfm.cl\/index.php?rest_route=\/wp\/v2\/media\/57546"}],"wp:attachment":[{"href":"https:\/\/radiorevelacionfm.cl\/index.php?rest_route=%2Fwp%2Fv2%2Fmedia&parent=57545"}],"wp:term":[{"taxonomy":"category","embeddable":true,"href":"https:\/\/radiorevelacionfm.cl\/index.php?rest_route=%2Fwp%2Fv2%2Fcategories&post=57545"},{"taxonomy":"post_tag","embeddable":true,"href":"https:\/\/radiorevelacionfm.cl\/index.php?rest_route=%2Fwp%2Fv2%2Ftags&post=57545"}],"curies":[{"name":"wp","href":"https:\/\/api.w.org\/{rel}","templated":true}]}}