{"id":57543,"date":"2025-08-08T15:13:06","date_gmt":"2025-08-08T18:13:06","guid":{"rendered":"https:\/\/radiorevelacionfm.cl\/?p=57543"},"modified":"2025-08-08T15:13:06","modified_gmt":"2025-08-08T18:13:06","slug":"condenan-a-imputado-por-6-delitos-de-robo-que-afectaron-a-colegios-de-puerto-aysen-y-a-una-institucion-publica","status":"publish","type":"post","link":"https:\/\/radiorevelacionfm.cl\/?p=57543","title":{"rendered":"Condenan a imputado por 6 delitos de robo que afectaron a colegios de Puerto Ays\u00e9n y a una instituci\u00f3n p\u00fablica"},"content":{"rendered":"<div class=\"flex_column av_one_full  flex_column_div av-zero-column-padding first  avia-builder-el-0  el_before_av_one_full  avia-builder-el-first  \" style='border-radius:0px; '><div  class='avia-image-container  av-styling-    avia-builder-el-1  avia-builder-el-no-sibling  avia-align-center '  itemprop=\"image\" itemscope=\"itemscope\" itemtype=\"https:\/\/schema.org\/ImageObject\"  ><div class='avia-image-container-inner'><div class='avia-image-overlay-wrap'><img decoding=\"async\" class='wp-image-56772 avia-img-lazy-loading-not-56772 avia_image' src=\"https:\/\/radiorevelacionfm.cl\/wp-content\/uploads\/2025\/07\/Fiscal_Pino2-2-1-1.jpeg\" alt='' title='Fiscal_Pino2 (2) (1) (1)' height=\"600\" width=\"950\"  itemprop=\"thumbnailUrl\" srcset=\"https:\/\/radiorevelacionfm.cl\/wp-content\/uploads\/2025\/07\/Fiscal_Pino2-2-1-1.jpeg 950w, https:\/\/radiorevelacionfm.cl\/wp-content\/uploads\/2025\/07\/Fiscal_Pino2-2-1-1-300x189.jpeg 300w, https:\/\/radiorevelacionfm.cl\/wp-content\/uploads\/2025\/07\/Fiscal_Pino2-2-1-1-768x485.jpeg 768w, https:\/\/radiorevelacionfm.cl\/wp-content\/uploads\/2025\/07\/Fiscal_Pino2-2-1-1-705x445.jpeg 705w, https:\/\/radiorevelacionfm.cl\/wp-content\/uploads\/2025\/07\/Fiscal_Pino2-2-1-1-450x284.jpeg 450w, https:\/\/radiorevelacionfm.cl\/wp-content\/uploads\/2025\/07\/Fiscal_Pino2-2-1-1-600x379.jpeg 600w\" sizes=\"(max-width: 950px) 100vw, 950px\" \/><\/div><\/div><\/div><\/div><div class=\"flex_column av_one_full  flex_column_div av-zero-column-padding first  avia-builder-el-2  el_after_av_one_full  el_before_av_one_full  column-top-margin\" style='border-radius:0px; '><section class=\"av_textblock_section \"  itemscope=\"itemscope\" itemtype=\"https:\/\/schema.org\/BlogPosting\" itemprop=\"blogPost\" ><div class='avia_textblock  '   itemprop=\"text\" ><p style=\"text-align: center;\"><span style=\"font-size: 18pt;\"><b>Condenan a imputado por 6 delitos de robo que afectaron a colegios de Puerto Ays\u00e9n y a una instituci\u00f3n p\u00fablica<\/b><\/span><\/p>\n<div id=\"gtx-trans\" style=\"position: absolute; left: -50px; top: 4.31534px;\">\n<div class=\"gtx-trans-icon\"><\/div>\n<\/div>\n<\/div><\/section><\/div><div class=\"flex_column av_one_full  flex_column_div av-zero-column-padding first  avia-builder-el-4  el_after_av_one_full  el_before_av_hr  column-top-margin\" style='border-radius:0px; '><section class=\"av_textblock_section \"  itemscope=\"itemscope\" itemtype=\"https:\/\/schema.org\/BlogPosting\" itemprop=\"blogPost\" ><div class='avia_textblock  '   itemprop=\"text\" ><p style=\"font-weight: 400; text-align: justify;\">Adem\u00e1s, fue sentenciado por un robo con intimidaci\u00f3n en car\u00e1cter de tentado. Hechos ocurrieron entre el 12 y el 27 de abril del 2025 y generaron preocupaci\u00f3n en la comunidad.<\/p>\n<p style=\"font-weight: 400; text-align: justify;\">Luego de una investigaci\u00f3n coordinada entre la Fiscal\u00eda Local de Ays\u00e9n-Cisnes, la Brigada de Investigaci\u00f3n Criminal Ays\u00e9n (Bicrim Ays\u00e9n) y la Brigada Investigadora de Robos de Coyhaique de la PDI, el Juzgado de Garant\u00eda de dicha comuna conden\u00f3 a una sumatoria de penas de 5 a\u00f1os y dos d\u00edas de presidio efectivo, a un imputado de 22 a\u00f1os, como autor de seis delitos de robo en lugar no habitado que afectaron en abril de este a\u00f1o a establecimientos educacionales de Puerto Ays\u00e9n, sumado a un robo con intimidaci\u00f3n en car\u00e1cter de tentado.<\/p>\n<p style=\"font-weight: 400; text-align: justify;\">En el caso de los seis robos en lugar no habitado que afectaron a colegios y a una instituci\u00f3n p\u00fablica, fue condenado a una sumatoria de seis penas de sesenta y un d\u00edas de presidio menor en su grado m\u00ednimo. Adem\u00e1s de lo anterior, fue sentenciado en un caso de robo con intimidaci\u00f3n, en grado de desarrollo de tentado, ocurrido el d\u00eda 27 de abril tambi\u00e9n de este a\u00f1o en un establecimiento educacional, por el cual fue sentenciado a la pena de cuatro a\u00f1os y un d\u00eda de presidio.<\/p>\n<p style=\"font-weight: 400; text-align: justify;\">Seg\u00fan explic\u00f3 el Fiscal Adjunto, Fernando Pino, \u201cel Juzgado de Garant\u00eda de Puerto Ays\u00e9n, en juicio abreviado, ha condenado a la pena en total de cinco a\u00f1os y dos d\u00edas de presidio efectivo, a cumplirse en la c\u00e1rcel de Puerto Ays\u00e9n, a una persona adulta que fue formalizada, investigada y acusada por el Ministerio P\u00fablico por su participaci\u00f3n como autora de los distintos robos que afectaron a los establecimientos educacionales de la comuna de Ays\u00e9n, entre el 12 de abril al 27 de abril del 2025\u201d.<\/p>\n<p style=\"font-weight: 400; text-align: justify;\">INVESTIGACI\u00d3N<\/p>\n<p style=\"font-weight: 400; text-align: justify;\">El persecutor penal agreg\u00f3 que \u201cesta pena es de cumplimiento efectivo y por de pronto se cumplir\u00e1 en la c\u00e1rcel de Puerto Ays\u00e9n. Con Ministerio P\u00fablico nos manifestamos conformes con la condena que ha expresado el Tribunal, por cuanto da cuenta de la gravedad de la conducta desplegada y podr\u00e1 permitir la tranquilidad en la comunidad, sobre todo en nuestros centros educacionales, de que no se vean afectados por futuros robos\u201d.<\/p>\n<p style=\"font-weight: 400; text-align: justify;\">El fiscal Fernando Pino a\u00f1adi\u00f3 que \u201cesta fue una investigaci\u00f3n desarrollada por la Polic\u00eda de Investigaciones, una investigaci\u00f3n seria, abocada, que permiti\u00f3 dar cuenta de la participaci\u00f3n de este imputado en todos los robos que fueron investigados y que incluso conllev\u00f3 a la propia declaraci\u00f3n autoimputativa del imputado, reconociendo su participaci\u00f3n en estos robos\u201d.<\/p>\n<p style=\"font-weight: 400; text-align: justify;\">El cumplimiento de todas las penas aplicadas por el Tribunal ser\u00e1 de car\u00e1cter efectivo, es decir en la c\u00e1rcel, lugar donde ha estado recluido desde el 29 de abril del 2025 hasta la fecha.<\/p>\n<\/div><\/section><\/div><div  style='height:50px' class='hr hr-invisible   avia-builder-el-6  el_after_av_one_full  el_before_av_social_share '><span class='hr-inner ' ><span class='hr-inner-style'><\/span><\/span><\/div><\/p>\n<div  class='av-social-sharing-box  avia-builder-el-7  el_after_av_hr  el_before_av_hr  '><div class='av-share-box'><h5 class='av-share-link-description av-no-toc '>Compartir esta noticia<\/h5><ul class='av-share-box-list noLightbox'><li class='av-share-link av-social-link-facebook' ><a target=\"_blank\" aria-label=\"Compartir en Facebook\" href='https:\/\/www.facebook.com\/sharer.php?u=https:\/\/radiorevelacionfm.cl\/?p=57543&#038;t=Condenan%20a%20imputado%20por%206%20delitos%20de%20robo%20que%20afectaron%20a%20colegios%20de%20Puerto%20Ays%C3%A9n%20y%20a%20una%20instituci%C3%B3n%20p%C3%BAblica' aria-hidden='false' data-av_icon='\ue8f3' data-av_iconfont='entypo-fontello' title='' data-avia-related-tooltip='Compartir en Facebook' rel=\"noopener\"><span class='avia_hidden_link_text'>Compartir en Facebook<\/span><\/a><\/li><li class='av-share-link av-social-link-twitter' ><a target=\"_blank\" aria-label=\"Compartir en Twitter\" href='https:\/\/twitter.com\/share?text=Condenan%20a%20imputado%20por%206%20delitos%20de%20robo%20que%20afectaron%20a%20colegios%20de%20Puerto%20Ays%C3%A9n%20y%20a%20una%20instituci%C3%B3n%20p%C3%BAblica&#038;url=https:\/\/radiorevelacionfm.cl\/?p=57543' aria-hidden='false' data-av_icon='\ue8f1' data-av_iconfont='entypo-fontello' title='' data-avia-related-tooltip='Compartir en Twitter' rel=\"noopener\"><span class='avia_hidden_link_text'>Compartir en Twitter<\/span><\/a><\/li><li class='av-share-link av-social-link-whatsapp' ><a target=\"_blank\" aria-label=\"Compartir en Whatsapp\" href='https:\/\/api.whatsapp.com\/send?text=https:\/\/radiorevelacionfm.cl\/?p=57543' aria-hidden='false' data-av_icon='\uf232' data-av_iconfont='entypo-fontello' title='' data-avia-related-tooltip='Compartir en Whatsapp' rel=\"noopener\"><span class='avia_hidden_link_text'>Compartir en Whatsapp<\/span><\/a><\/li><li class='av-share-link av-social-link-linkedin' ><a target=\"_blank\" aria-label=\"Compartir en LinkedIn\" href='https:\/\/linkedin.com\/shareArticle?mini=true&#038;title=Condenan%20a%20imputado%20por%206%20delitos%20de%20robo%20que%20afectaron%20a%20colegios%20de%20Puerto%20Ays%C3%A9n%20y%20a%20una%20instituci%C3%B3n%20p%C3%BAblica&#038;url=https:\/\/radiorevelacionfm.cl\/?p=57543' aria-hidden='false' data-av_icon='\ue8fc' data-av_iconfont='entypo-fontello' title='' data-avia-related-tooltip='Compartir en LinkedIn' rel=\"noopener\"><span class='avia_hidden_link_text'>Compartir en LinkedIn<\/span><\/a><\/li><li class='av-share-link av-social-link-mail' ><a  aria-label=\"Compartir por correo\" href='mailto:?subject=Condenan%20a%20imputado%20por%206%20delitos%20de%20robo%20que%20afectaron%20a%20colegios%20de%20Puerto%20Ays%C3%A9n%20y%20a%20una%20instituci%C3%B3n%20p%C3%BAblica&#038;body=https:\/\/radiorevelacionfm.cl\/?p=57543' aria-hidden='false' data-av_icon='\ue805' data-av_iconfont='entypo-fontello' title='' data-avia-related-tooltip='Compartir por correo'><span class='avia_hidden_link_text'>Compartir por correo<\/span><\/a><\/li><\/ul><\/div><\/div>\n<div  style='height:50px' class='hr hr-invisible   avia-builder-el-8  el_after_av_social_share  el_before_av_comments_list '><span class='hr-inner ' ><span class='hr-inner-style'><\/span><\/span><\/div>\n<div  class='av-buildercomment  av-blog-meta-html-info-disabled av-blog-meta-tag-disabled  '><\/div>\n","protected":false},"excerpt":{"rendered":"","protected":false},"author":1,"featured_media":56772,"comment_status":"closed","ping_status":"closed","sticky":false,"template":"","format":"standard","meta":{"footnotes":""},"categories":[55],"tags":[],"class_list":["post-57543","post","type-post","status-publish","format-standard","has-post-thumbnail","hentry","category-justicia"],"jetpack_featured_media_url":"https:\/\/radiorevelacionfm.cl\/wp-content\/uploads\/2025\/07\/Fiscal_Pino2-2-1-1.jpeg","_links":{"self":[{"href":"https:\/\/radiorevelacionfm.cl\/index.php?rest_route=\/wp\/v2\/posts\/57543","targetHints":{"allow":["GET"]}}],"collection":[{"href":"https:\/\/radiorevelacionfm.cl\/index.php?rest_route=\/wp\/v2\/posts"}],"about":[{"href":"https:\/\/radiorevelacionfm.cl\/index.php?rest_route=\/wp\/v2\/types\/post"}],"author":[{"embeddable":true,"href":"https:\/\/radiorevelacionfm.cl\/index.php?rest_route=\/wp\/v2\/users\/1"}],"replies":[{"embeddable":true,"href":"https:\/\/radiorevelacionfm.cl\/index.php?rest_route=%2Fwp%2Fv2%2Fcomments&post=57543"}],"version-history":[{"count":2,"href":"https:\/\/radiorevelacionfm.cl\/index.php?rest_route=\/wp\/v2\/posts\/57543\/revisions"}],"predecessor-version":[{"id":57552,"href":"https:\/\/radiorevelacionfm.cl\/index.php?rest_route=\/wp\/v2\/posts\/57543\/revisions\/57552"}],"wp:featuredmedia":[{"embeddable":true,"href":"https:\/\/radiorevelacionfm.cl\/index.php?rest_route=\/wp\/v2\/media\/56772"}],"wp:attachment":[{"href":"https:\/\/radiorevelacionfm.cl\/index.php?rest_route=%2Fwp%2Fv2%2Fmedia&parent=57543"}],"wp:term":[{"taxonomy":"category","embeddable":true,"href":"https:\/\/radiorevelacionfm.cl\/index.php?rest_route=%2Fwp%2Fv2%2Fcategories&post=57543"},{"taxonomy":"post_tag","embeddable":true,"href":"https:\/\/radiorevelacionfm.cl\/index.php?rest_route=%2Fwp%2Fv2%2Ftags&post=57543"}],"curies":[{"name":"wp","href":"https:\/\/api.w.org\/{rel}","templated":true}]}}