{"id":57540,"date":"2025-08-08T15:01:17","date_gmt":"2025-08-08T18:01:17","guid":{"rendered":"https:\/\/radiorevelacionfm.cl\/?p=57540"},"modified":"2025-08-08T15:01:17","modified_gmt":"2025-08-08T18:01:17","slug":"licitan-estudio-de-prefactibilidad-para-segundo-puente-urbano-de-puerto-aysen","status":"publish","type":"post","link":"https:\/\/radiorevelacionfm.cl\/?p=57540","title":{"rendered":"Licitan estudio de prefactibilidad para segundo puente urbano de Puerto Ays\u00e9n"},"content":{"rendered":"<div class=\"flex_column av_one_full  flex_column_div av-zero-column-padding first  avia-builder-el-0  el_before_av_one_full  avia-builder-el-first  \" style='border-radius:0px; '><div  class='avia-image-container  av-styling-    avia-builder-el-1  avia-builder-el-no-sibling  avia-align-center '  itemprop=\"image\" itemscope=\"itemscope\" itemtype=\"https:\/\/schema.org\/ImageObject\"  ><div class='avia-image-container-inner'><div class='avia-image-overlay-wrap'><img decoding=\"async\" class='wp-image-57541 avia-img-lazy-loading-not-57541 avia_image' src=\"https:\/\/radiorevelacionfm.cl\/wp-content\/uploads\/2025\/08\/puerto-aysen-5-1_optimized.jpg\" alt='' title='puerto-ays\u00e9n-(5)-(1)_optimized' height=\"600\" width=\"800\"  itemprop=\"thumbnailUrl\" srcset=\"https:\/\/radiorevelacionfm.cl\/wp-content\/uploads\/2025\/08\/puerto-aysen-5-1_optimized.jpg 800w, https:\/\/radiorevelacionfm.cl\/wp-content\/uploads\/2025\/08\/puerto-aysen-5-1_optimized-300x225.jpg 300w, https:\/\/radiorevelacionfm.cl\/wp-content\/uploads\/2025\/08\/puerto-aysen-5-1_optimized-768x576.jpg 768w, https:\/\/radiorevelacionfm.cl\/wp-content\/uploads\/2025\/08\/puerto-aysen-5-1_optimized-705x529.jpg 705w, https:\/\/radiorevelacionfm.cl\/wp-content\/uploads\/2025\/08\/puerto-aysen-5-1_optimized-450x338.jpg 450w, https:\/\/radiorevelacionfm.cl\/wp-content\/uploads\/2025\/08\/puerto-aysen-5-1_optimized-600x450.jpg 600w\" sizes=\"(max-width: 800px) 100vw, 800px\" \/><\/div><\/div><\/div><\/div><div class=\"flex_column av_one_full  flex_column_div av-zero-column-padding first  avia-builder-el-2  el_after_av_one_full  el_before_av_one_full  column-top-margin\" style='border-radius:0px; '><section class=\"av_textblock_section \"  itemscope=\"itemscope\" itemtype=\"https:\/\/schema.org\/BlogPosting\" itemprop=\"blogPost\" ><div class='avia_textblock  '   itemprop=\"text\" ><p style=\"text-align: center;\"><span style=\"font-size: 18pt;\"><b>Licitan estudio de prefactibilidad para segundo puente urbano de Puerto Ays\u00e9n<\/b><\/span><\/p>\n<div id=\"gtx-trans\" style=\"position: absolute; left: -50px; top: 4.31534px;\">\n<div class=\"gtx-trans-icon\"><\/div>\n<\/div>\n<\/div><\/section><\/div><div class=\"flex_column av_one_full  flex_column_div av-zero-column-padding first  avia-builder-el-4  el_after_av_one_full  el_before_av_hr  column-top-margin\" style='border-radius:0px; '><section class=\"av_textblock_section \"  itemscope=\"itemscope\" itemtype=\"https:\/\/schema.org\/BlogPosting\" itemprop=\"blogPost\" ><div class='avia_textblock  '   itemprop=\"text\" ><p style=\"text-align: justify;\">La Subsecretar\u00eda de Transporte public\u00f3 la licitaci\u00f3n que permitir\u00e1 el desarrollo de un anteproyecto y para un segundo puente de conectividad urbana en Puerto Ays\u00e9n. Estudio tendr\u00e1 un financiamiento de $235 millones de pesos con recursos del Gobierno Regional.<\/p>\n<p style=\"text-align: justify;\">Como primer paso para concretar un segundo puente para Puerto Ays\u00e9n, la subsecretar\u00eda de Transportes lanz\u00f3 la licitaci\u00f3n de un estudio con el que se podr\u00e1n realizar los an\u00e1lisis de prefactibilidad, desarrollo del anteproyecto y realizaci\u00f3n de la evaluaci\u00f3n definitiva del mejoramiento de la conectividad urbana de la ciudad puerto, mediante la implementaci\u00f3n de un nuevo puente sobre el R\u00edo Ays\u00e9n. El estudio cuenta con financiamiento del gobierno regional por una cifra de $235 millones de pesos y su objetivo es entregar una mejor interconexi\u00f3n vial entre las riberas norte y sur de la ciudad de Puerto Ays\u00e9n. Iniciativa forma parte de un trabajo conjunto entre el ministerio de Transportes y Telecomunicaciones (MTT), Gobierno Regional y municipalidad de Ays\u00e9n.<\/p>\n<p style=\"text-align: justify;\">Actualmente, la ciudad cuenta como \u00fanica infraestructura de uni\u00f3n, el emblem\u00e1tico Puente Presidente Ib\u00e1\u00f1ez, que da continuidad a la Ruta 240. Este puente de tipo colgante que data del a\u00f1o 1966. El paso del tiempo, el crecimiento de la ciudad, as\u00ed como el tr\u00e1nsito de veh\u00edculos de mayores dimensiones, as\u00ed como de otros usuarios de las v\u00edas como ciclistas y peatones, motivaron el requerimiento de brindar una alternativa al puente ya existente. De esta forma se podr\u00e1 dar mayor fluidez y seguridad al tr\u00e1nsito en Puerto Ays\u00e9n y mejorar el desplazamiento de sus habitantes.<\/p>\n<p style=\"text-align: justify;\">El seremiTT Hans Zimmermann explic\u00f3 que \u201cnosotros como Ministerio de Transportes y Telecomunicaciones, a trav\u00e9s de SECTRA (Programa de Vialidad y Transporte Urbano del MTT), actuamos como contraparte t\u00e9cnica supervisando la realizaci\u00f3n de este importante avance que nos permitir\u00e1 por fin contar con un segundo puente urbano para Puerto Ays\u00e9n. Este es un trabajo que hemos llevado adelante en conjunto con el Gobierno Regional de Ays\u00e9n, el municipio de Ays\u00e9n, pero tambi\u00e9n con la comunidad. quienes demandan poder contar con un segundo puente urbano hace ya bastante tiempo. Esto da cuenta del compromiso de nuestro gobierno con avanzar en una infraestructura que permita mejorar la calidad de vida de nuestros vecinos y vecinas de dicha ciudad\u201d.<\/p>\n<p style=\"text-align: justify;\">La Licitaci\u00f3n se encuentra publicada en Mercado P\u00fablico, con plazo hasta el pr\u00f3ximo 27 de agosto y una vez adjudicado se entregar\u00e1 un plazo de 255 d\u00edas para la realizaci\u00f3n de la consultor\u00eda.<\/p>\n<\/div><\/section><\/div><div  style='height:50px' class='hr hr-invisible   avia-builder-el-6  el_after_av_one_full  el_before_av_social_share '><span class='hr-inner ' ><span class='hr-inner-style'><\/span><\/span><\/div><\/p>\n<div  class='av-social-sharing-box  avia-builder-el-7  el_after_av_hr  el_before_av_hr  '><div class='av-share-box'><h5 class='av-share-link-description av-no-toc '>Compartir esta noticia<\/h5><ul class='av-share-box-list noLightbox'><li class='av-share-link av-social-link-facebook' ><a target=\"_blank\" aria-label=\"Compartir en Facebook\" href='https:\/\/www.facebook.com\/sharer.php?u=https:\/\/radiorevelacionfm.cl\/?p=57540&#038;t=Licitan%20estudio%20de%20prefactibilidad%20para%20segundo%20puente%20urbano%20de%20Puerto%20Ays%C3%A9n' aria-hidden='false' data-av_icon='\ue8f3' data-av_iconfont='entypo-fontello' title='' data-avia-related-tooltip='Compartir en Facebook' rel=\"noopener\"><span class='avia_hidden_link_text'>Compartir en Facebook<\/span><\/a><\/li><li class='av-share-link av-social-link-twitter' ><a target=\"_blank\" aria-label=\"Compartir en Twitter\" href='https:\/\/twitter.com\/share?text=Licitan%20estudio%20de%20prefactibilidad%20para%20segundo%20puente%20urbano%20de%20Puerto%20Ays%C3%A9n&#038;url=https:\/\/radiorevelacionfm.cl\/?p=57540' aria-hidden='false' data-av_icon='\ue8f1' data-av_iconfont='entypo-fontello' title='' data-avia-related-tooltip='Compartir en Twitter' rel=\"noopener\"><span class='avia_hidden_link_text'>Compartir en Twitter<\/span><\/a><\/li><li class='av-share-link av-social-link-whatsapp' ><a target=\"_blank\" aria-label=\"Compartir en Whatsapp\" href='https:\/\/api.whatsapp.com\/send?text=https:\/\/radiorevelacionfm.cl\/?p=57540' aria-hidden='false' data-av_icon='\uf232' data-av_iconfont='entypo-fontello' title='' data-avia-related-tooltip='Compartir en Whatsapp' rel=\"noopener\"><span class='avia_hidden_link_text'>Compartir en Whatsapp<\/span><\/a><\/li><li class='av-share-link av-social-link-linkedin' ><a target=\"_blank\" aria-label=\"Compartir en LinkedIn\" href='https:\/\/linkedin.com\/shareArticle?mini=true&#038;title=Licitan%20estudio%20de%20prefactibilidad%20para%20segundo%20puente%20urbano%20de%20Puerto%20Ays%C3%A9n&#038;url=https:\/\/radiorevelacionfm.cl\/?p=57540' aria-hidden='false' data-av_icon='\ue8fc' data-av_iconfont='entypo-fontello' title='' data-avia-related-tooltip='Compartir en LinkedIn' rel=\"noopener\"><span class='avia_hidden_link_text'>Compartir en LinkedIn<\/span><\/a><\/li><li class='av-share-link av-social-link-mail' ><a  aria-label=\"Compartir por correo\" href='mailto:?subject=Licitan%20estudio%20de%20prefactibilidad%20para%20segundo%20puente%20urbano%20de%20Puerto%20Ays%C3%A9n&#038;body=https:\/\/radiorevelacionfm.cl\/?p=57540' aria-hidden='false' data-av_icon='\ue805' data-av_iconfont='entypo-fontello' title='' data-avia-related-tooltip='Compartir por correo'><span class='avia_hidden_link_text'>Compartir por correo<\/span><\/a><\/li><\/ul><\/div><\/div>\n<div  style='height:50px' class='hr hr-invisible   avia-builder-el-8  el_after_av_social_share  el_before_av_comments_list '><span class='hr-inner ' ><span class='hr-inner-style'><\/span><\/span><\/div>\n<div  class='av-buildercomment  av-blog-meta-html-info-disabled av-blog-meta-tag-disabled  '><\/div>\n","protected":false},"excerpt":{"rendered":"","protected":false},"author":1,"featured_media":57541,"comment_status":"closed","ping_status":"closed","sticky":false,"template":"","format":"standard","meta":{"footnotes":""},"categories":[38],"tags":[],"class_list":["post-57540","post","type-post","status-publish","format-standard","has-post-thumbnail","hentry","category-regional"],"jetpack_featured_media_url":"https:\/\/radiorevelacionfm.cl\/wp-content\/uploads\/2025\/08\/puerto-aysen-5-1_optimized.jpg","_links":{"self":[{"href":"https:\/\/radiorevelacionfm.cl\/index.php?rest_route=\/wp\/v2\/posts\/57540","targetHints":{"allow":["GET"]}}],"collection":[{"href":"https:\/\/radiorevelacionfm.cl\/index.php?rest_route=\/wp\/v2\/posts"}],"about":[{"href":"https:\/\/radiorevelacionfm.cl\/index.php?rest_route=\/wp\/v2\/types\/post"}],"author":[{"embeddable":true,"href":"https:\/\/radiorevelacionfm.cl\/index.php?rest_route=\/wp\/v2\/users\/1"}],"replies":[{"embeddable":true,"href":"https:\/\/radiorevelacionfm.cl\/index.php?rest_route=%2Fwp%2Fv2%2Fcomments&post=57540"}],"version-history":[{"count":2,"href":"https:\/\/radiorevelacionfm.cl\/index.php?rest_route=\/wp\/v2\/posts\/57540\/revisions"}],"predecessor-version":[{"id":57548,"href":"https:\/\/radiorevelacionfm.cl\/index.php?rest_route=\/wp\/v2\/posts\/57540\/revisions\/57548"}],"wp:featuredmedia":[{"embeddable":true,"href":"https:\/\/radiorevelacionfm.cl\/index.php?rest_route=\/wp\/v2\/media\/57541"}],"wp:attachment":[{"href":"https:\/\/radiorevelacionfm.cl\/index.php?rest_route=%2Fwp%2Fv2%2Fmedia&parent=57540"}],"wp:term":[{"taxonomy":"category","embeddable":true,"href":"https:\/\/radiorevelacionfm.cl\/index.php?rest_route=%2Fwp%2Fv2%2Fcategories&post=57540"},{"taxonomy":"post_tag","embeddable":true,"href":"https:\/\/radiorevelacionfm.cl\/index.php?rest_route=%2Fwp%2Fv2%2Ftags&post=57540"}],"curies":[{"name":"wp","href":"https:\/\/api.w.org\/{rel}","templated":true}]}}