{"id":57536,"date":"2025-08-09T11:06:47","date_gmt":"2025-08-09T14:06:47","guid":{"rendered":"https:\/\/radiorevelacionfm.cl\/?p=57536"},"modified":"2025-08-09T11:06:47","modified_gmt":"2025-08-09T14:06:47","slug":"gobernador-regional-de-aysen-abordo-el-avance-de-la-zona-franca-y-el-plan-de-zonas-extremas-con-ministro-de-hacienda","status":"publish","type":"post","link":"https:\/\/radiorevelacionfm.cl\/?p=57536","title":{"rendered":"Gobernador regional de Ays\u00e9n abord\u00f3 el avance de la Zona Franca y el Plan de Zonas Extremas con ministro de Hacienda"},"content":{"rendered":"<div class=\"flex_column av_one_full  flex_column_div av-zero-column-padding first  avia-builder-el-0  el_before_av_one_full  avia-builder-el-first  \" style='border-radius:0px; '><div  class='avia-image-container  av-styling-    avia-builder-el-1  avia-builder-el-no-sibling  avia-align-center '  itemprop=\"image\" itemscope=\"itemscope\" itemtype=\"https:\/\/schema.org\/ImageObject\"  ><div class='avia-image-container-inner'><div class='avia-image-overlay-wrap'><img decoding=\"async\" class='wp-image-57537 avia-img-lazy-loading-not-57537 avia_image' src=\"https:\/\/radiorevelacionfm.cl\/wp-content\/uploads\/2025\/08\/Visita-Marcel-1-1.jpeg\" alt='' title='Visita Marcel (1) (1)' height=\"600\" width=\"898\"  itemprop=\"thumbnailUrl\" srcset=\"https:\/\/radiorevelacionfm.cl\/wp-content\/uploads\/2025\/08\/Visita-Marcel-1-1.jpeg 898w, https:\/\/radiorevelacionfm.cl\/wp-content\/uploads\/2025\/08\/Visita-Marcel-1-1-300x200.jpeg 300w, https:\/\/radiorevelacionfm.cl\/wp-content\/uploads\/2025\/08\/Visita-Marcel-1-1-768x513.jpeg 768w, https:\/\/radiorevelacionfm.cl\/wp-content\/uploads\/2025\/08\/Visita-Marcel-1-1-705x471.jpeg 705w, https:\/\/radiorevelacionfm.cl\/wp-content\/uploads\/2025\/08\/Visita-Marcel-1-1-450x301.jpeg 450w, https:\/\/radiorevelacionfm.cl\/wp-content\/uploads\/2025\/08\/Visita-Marcel-1-1-600x401.jpeg 600w\" sizes=\"(max-width: 898px) 100vw, 898px\" \/><\/div><\/div><\/div><\/div><div class=\"flex_column av_one_full  flex_column_div av-zero-column-padding first  avia-builder-el-2  el_after_av_one_full  el_before_av_one_full  column-top-margin\" style='border-radius:0px; '><section class=\"av_textblock_section \"  itemscope=\"itemscope\" itemtype=\"https:\/\/schema.org\/BlogPosting\" itemprop=\"blogPost\" ><div class='avia_textblock  '   itemprop=\"text\" ><p style=\"text-align: center;\"><span style=\"font-size: 18pt;\"><strong>Gobernador regional de Ays\u00e9n abord\u00f3 el avance de la Zona Franca y el Plan de Zonas Extremas con ministro de Hacienda<\/strong><\/span><\/p>\n<div id=\"gtx-trans\" style=\"position: absolute; left: -50px; top: 4.31534px;\">\n<div class=\"gtx-trans-icon\"><\/div>\n<\/div>\n<\/div><\/section><\/div><div class=\"flex_column av_one_full  flex_column_div av-zero-column-padding first  avia-builder-el-4  el_after_av_one_full  el_before_av_hr  column-top-margin\" style='border-radius:0px; '><section class=\"av_textblock_section \"  itemscope=\"itemscope\" itemtype=\"https:\/\/schema.org\/BlogPosting\" itemprop=\"blogPost\" ><div class='avia_textblock  '   itemprop=\"text\" ><p style=\"text-align: justify;\">El gobernador regional de Ays\u00e9n, Marcelo Santana Vargas, destac\u00f3 en reuni\u00f3n con el ministro de Hacienda, Mario Marcel, que la regi\u00f3n necesita planes y condiciones especiales permanentes acordes a la realidad particular de Ays\u00e9n.<\/p>\n<p style=\"text-align: justify;\">Este jueves 7 de agosto, el gobernador regional de Ays\u00e9n, Marcelo Santana Vargas, recibi\u00f3 la visita protocolar del ministro de Hacienda, Mario Marcel, y la subsecretaria Heidi Berner. En la cita, se abordaron las necesidades de la Regi\u00f3n de Ays\u00e9n en materia energ\u00e9tica, econ\u00f3mica y social, tales como el avance en la Ley de Sistemas Medianos, la normativa en torno a la industria acu\u00edcola y la licitaci\u00f3n de la Zona Franca, entre otros.<\/p>\n<p style=\"text-align: justify;\">El gobernador regional de Ays\u00e9n, Marcelo Santana, enfatiz\u00f3 que, dado el volumen de la poblaci\u00f3n y la escala de la econom\u00eda en la regi\u00f3n, se requieren pol\u00edticas y una legislaci\u00f3n alineada a la realidad del territorio. \u201cHemos podido plantear los temas importantes de c\u00f3mo estamos trabajando como Gobierno Regional en esta agenda pro crecimiento, de modo de salir del estancamiento en el que Ays\u00e9n ha estado en los \u00faltimos diez a\u00f1os\u201d.<\/p>\n<p style=\"text-align: justify;\">\u201cCreo que el (ministro de Hacienda) entendi\u00f3 que Ays\u00e9n es una regi\u00f3n diferente y necesita de una mirada especial por parte del Ministerio de Hacienda que toma decisiones importantes en estas materias\u201d, agreg\u00f3.<\/p>\n<p style=\"text-align: justify;\">En esta l\u00ednea, el ministro, confirm\u00f3 la importancia de distinguir las particularidades del extremo sur del pa\u00eds: \u201cReconocemos que hay una realidad distinta, sin duda, y, por esa raz\u00f3n, hay leyes de excepci\u00f3n, como habl\u00e1bamos. En el caso de sistemas medianos, se est\u00e1 legislando modificaciones legales que reconocen la realidad de la regi\u00f3n. As\u00ed que eso es un hecho, y nosotros como Ministerio de Hacienda, reconocemos la diferencia que hay a lo largo del territorio y tenemos que actuar en funci\u00f3n de esas diferencias, reconoci\u00e9ndolas y aprovechando las oportunidades y ayudando a vencer las limitaciones cuando existen\u201d.<\/p>\n<p style=\"text-align: justify;\">Con respecto al avance en la implementaci\u00f3n de la Zona Franca, la subsecretaria de Hacienda, Heidi Berner, afirm\u00f3 que lo primero es avanzar en la revisi\u00f3n de las bases de licitaci\u00f3n: \u201cNosotros estamos estableciendo un plan de trabajo importante, tanto con el gobernador regional como con el delegado, quien tiene hoy d\u00eda la facultad de licitar el espacio. Teniendo el recinto, tenemos que actualizar el foco del negocio desde un punto de vista que sea atractivo para que recibamos buenas ofertas econ\u00f3micas. Y para nosotros es importante, a prop\u00f3sito de la inversi\u00f3n, que sea con foco, por ejemplo, en la industria acu\u00edcola y c\u00f3mo son los complementos que necesita esa misma industria, usando la Zona Franca para potenciar el desarrollo y competir con las regiones que tienen en el norte y en el sur\u201d.<\/p>\n<p style=\"text-align: justify;\">En la instancia, el ministro de Hacienda tambi\u00e9n elogi\u00f3 la ejecuci\u00f3n presupuestaria cercana al 50% del Gobierno Regional de Ays\u00e9n y el avance en el Plan de Zonas Extremas: \u201cEs mi tercera visita en un poco m\u00e1s de un a\u00f1o y desde entonces hemos visto cambios importantes. La primera vez que vine, hab\u00eda una gran preocupaci\u00f3n por el tema de las tarifas el\u00e9ctricas y mucho pesimismo en relaci\u00f3n al avance del proyecto Sistema de Medianos. Ahora tenemos ese proyecto aprobado en primer tr\u00e1mite de la C\u00e1mara de Diputados y esperamos que el Senado pueda acelerar el paso. Ahora tenemos un crecimiento importante en el primer trimestre y una tasa de desempleo que es la m\u00e1s baja del pa\u00eds\u2026 Se han ido abriendo perspectivas en materia de inversi\u00f3n, se han destrabado algunos proyectos importantes, en energ\u00eda y el Plan de Zonas Extremas (PDZE) a diez a\u00f1os\u201d.<\/p>\n<\/div><\/section><\/div><div  style='height:50px' class='hr hr-invisible   avia-builder-el-6  el_after_av_one_full  el_before_av_social_share '><span class='hr-inner ' ><span class='hr-inner-style'><\/span><\/span><\/div><\/p>\n<div  class='av-social-sharing-box  avia-builder-el-7  el_after_av_hr  el_before_av_hr  '><div class='av-share-box'><h5 class='av-share-link-description av-no-toc '>Compartir esta noticia<\/h5><ul class='av-share-box-list noLightbox'><li class='av-share-link av-social-link-facebook' ><a target=\"_blank\" aria-label=\"Compartir en Facebook\" href='https:\/\/www.facebook.com\/sharer.php?u=https:\/\/radiorevelacionfm.cl\/?p=57536&#038;t=Gobernador%20regional%20de%20Ays%C3%A9n%20abord%C3%B3%20el%20avance%20de%20la%20Zona%20Franca%20y%20el%20Plan%20de%20Zonas%20Extremas%20con%20ministro%20de%20Hacienda' aria-hidden='false' data-av_icon='\ue8f3' data-av_iconfont='entypo-fontello' title='' data-avia-related-tooltip='Compartir en Facebook' rel=\"noopener\"><span class='avia_hidden_link_text'>Compartir en Facebook<\/span><\/a><\/li><li class='av-share-link av-social-link-twitter' ><a target=\"_blank\" aria-label=\"Compartir en Twitter\" href='https:\/\/twitter.com\/share?text=Gobernador%20regional%20de%20Ays%C3%A9n%20abord%C3%B3%20el%20avance%20de%20la%20Zona%20Franca%20y%20el%20Plan%20de%20Zonas%20Extremas%20con%20ministro%20de%20Hacienda&#038;url=https:\/\/radiorevelacionfm.cl\/?p=57536' aria-hidden='false' data-av_icon='\ue8f1' data-av_iconfont='entypo-fontello' title='' data-avia-related-tooltip='Compartir en Twitter' rel=\"noopener\"><span class='avia_hidden_link_text'>Compartir en Twitter<\/span><\/a><\/li><li class='av-share-link av-social-link-whatsapp' ><a target=\"_blank\" aria-label=\"Compartir en Whatsapp\" href='https:\/\/api.whatsapp.com\/send?text=https:\/\/radiorevelacionfm.cl\/?p=57536' aria-hidden='false' data-av_icon='\uf232' data-av_iconfont='entypo-fontello' title='' data-avia-related-tooltip='Compartir en Whatsapp' rel=\"noopener\"><span class='avia_hidden_link_text'>Compartir en Whatsapp<\/span><\/a><\/li><li class='av-share-link av-social-link-linkedin' ><a target=\"_blank\" aria-label=\"Compartir en LinkedIn\" href='https:\/\/linkedin.com\/shareArticle?mini=true&#038;title=Gobernador%20regional%20de%20Ays%C3%A9n%20abord%C3%B3%20el%20avance%20de%20la%20Zona%20Franca%20y%20el%20Plan%20de%20Zonas%20Extremas%20con%20ministro%20de%20Hacienda&#038;url=https:\/\/radiorevelacionfm.cl\/?p=57536' aria-hidden='false' data-av_icon='\ue8fc' data-av_iconfont='entypo-fontello' title='' data-avia-related-tooltip='Compartir en LinkedIn' rel=\"noopener\"><span class='avia_hidden_link_text'>Compartir en LinkedIn<\/span><\/a><\/li><li class='av-share-link av-social-link-mail' ><a  aria-label=\"Compartir por correo\" href='mailto:?subject=Gobernador%20regional%20de%20Ays%C3%A9n%20abord%C3%B3%20el%20avance%20de%20la%20Zona%20Franca%20y%20el%20Plan%20de%20Zonas%20Extremas%20con%20ministro%20de%20Hacienda&#038;body=https:\/\/radiorevelacionfm.cl\/?p=57536' aria-hidden='false' data-av_icon='\ue805' data-av_iconfont='entypo-fontello' title='' data-avia-related-tooltip='Compartir por correo'><span class='avia_hidden_link_text'>Compartir por correo<\/span><\/a><\/li><\/ul><\/div><\/div>\n<div  style='height:50px' class='hr hr-invisible   avia-builder-el-8  el_after_av_social_share  el_before_av_comments_list '><span class='hr-inner ' ><span class='hr-inner-style'><\/span><\/span><\/div>\n<div  class='av-buildercomment  av-blog-meta-html-info-disabled av-blog-meta-tag-disabled  '><\/div>\n","protected":false},"excerpt":{"rendered":"","protected":false},"author":1,"featured_media":57537,"comment_status":"closed","ping_status":"closed","sticky":false,"template":"","format":"standard","meta":{"footnotes":""},"categories":[38],"tags":[],"class_list":["post-57536","post","type-post","status-publish","format-standard","has-post-thumbnail","hentry","category-regional"],"jetpack_featured_media_url":"https:\/\/radiorevelacionfm.cl\/wp-content\/uploads\/2025\/08\/Visita-Marcel-1-1.jpeg","_links":{"self":[{"href":"https:\/\/radiorevelacionfm.cl\/index.php?rest_route=\/wp\/v2\/posts\/57536","targetHints":{"allow":["GET"]}}],"collection":[{"href":"https:\/\/radiorevelacionfm.cl\/index.php?rest_route=\/wp\/v2\/posts"}],"about":[{"href":"https:\/\/radiorevelacionfm.cl\/index.php?rest_route=\/wp\/v2\/types\/post"}],"author":[{"embeddable":true,"href":"https:\/\/radiorevelacionfm.cl\/index.php?rest_route=\/wp\/v2\/users\/1"}],"replies":[{"embeddable":true,"href":"https:\/\/radiorevelacionfm.cl\/index.php?rest_route=%2Fwp%2Fv2%2Fcomments&post=57536"}],"version-history":[{"count":2,"href":"https:\/\/radiorevelacionfm.cl\/index.php?rest_route=\/wp\/v2\/posts\/57536\/revisions"}],"predecessor-version":[{"id":57576,"href":"https:\/\/radiorevelacionfm.cl\/index.php?rest_route=\/wp\/v2\/posts\/57536\/revisions\/57576"}],"wp:featuredmedia":[{"embeddable":true,"href":"https:\/\/radiorevelacionfm.cl\/index.php?rest_route=\/wp\/v2\/media\/57537"}],"wp:attachment":[{"href":"https:\/\/radiorevelacionfm.cl\/index.php?rest_route=%2Fwp%2Fv2%2Fmedia&parent=57536"}],"wp:term":[{"taxonomy":"category","embeddable":true,"href":"https:\/\/radiorevelacionfm.cl\/index.php?rest_route=%2Fwp%2Fv2%2Fcategories&post=57536"},{"taxonomy":"post_tag","embeddable":true,"href":"https:\/\/radiorevelacionfm.cl\/index.php?rest_route=%2Fwp%2Fv2%2Ftags&post=57536"}],"curies":[{"name":"wp","href":"https:\/\/api.w.org\/{rel}","templated":true}]}}