{"id":57532,"date":"2025-08-08T11:30:52","date_gmt":"2025-08-08T14:30:52","guid":{"rendered":"https:\/\/radiorevelacionfm.cl\/?p=57532"},"modified":"2025-08-08T11:30:52","modified_gmt":"2025-08-08T14:30:52","slug":"corfo-aysen-y-uach-impulsan-modelo-de-formacion-para-emprendedores-con-fuerte-arraigo-territorial","status":"publish","type":"post","link":"https:\/\/radiorevelacionfm.cl\/?p=57532","title":{"rendered":"Corfo Ays\u00e9n y UACh impulsan modelo de formaci\u00f3n para emprendedores con fuerte arraigo territorial"},"content":{"rendered":"<div class=\"flex_column av_one_full  flex_column_div av-zero-column-padding first  avia-builder-el-0  el_before_av_one_full  avia-builder-el-first  \" style='border-radius:0px; '><div  class='avia-image-container  av-styling-    avia-builder-el-1  avia-builder-el-no-sibling  avia-align-center '  itemprop=\"image\" itemscope=\"itemscope\" itemtype=\"https:\/\/schema.org\/ImageObject\"  ><div class='avia-image-container-inner'><div class='avia-image-overlay-wrap'><img decoding=\"async\" class='wp-image-57533 avia-img-lazy-loading-not-57533 avia_image' src=\"https:\/\/radiorevelacionfm.cl\/wp-content\/uploads\/2025\/08\/feria-academia-austral-31-1_optimized.jpg\" alt='' title='feria-academia-austral---31-(1)_optimized' height=\"600\" width=\"900\"  itemprop=\"thumbnailUrl\" srcset=\"https:\/\/radiorevelacionfm.cl\/wp-content\/uploads\/2025\/08\/feria-academia-austral-31-1_optimized.jpg 900w, https:\/\/radiorevelacionfm.cl\/wp-content\/uploads\/2025\/08\/feria-academia-austral-31-1_optimized-300x200.jpg 300w, https:\/\/radiorevelacionfm.cl\/wp-content\/uploads\/2025\/08\/feria-academia-austral-31-1_optimized-768x512.jpg 768w, https:\/\/radiorevelacionfm.cl\/wp-content\/uploads\/2025\/08\/feria-academia-austral-31-1_optimized-705x470.jpg 705w, https:\/\/radiorevelacionfm.cl\/wp-content\/uploads\/2025\/08\/feria-academia-austral-31-1_optimized-450x300.jpg 450w, https:\/\/radiorevelacionfm.cl\/wp-content\/uploads\/2025\/08\/feria-academia-austral-31-1_optimized-600x400.jpg 600w\" sizes=\"(max-width: 900px) 100vw, 900px\" \/><\/div><\/div><\/div><\/div><div class=\"flex_column av_one_full  flex_column_div av-zero-column-padding first  avia-builder-el-2  el_after_av_one_full  el_before_av_one_full  column-top-margin\" style='border-radius:0px; '><section class=\"av_textblock_section \"  itemscope=\"itemscope\" itemtype=\"https:\/\/schema.org\/BlogPosting\" itemprop=\"blogPost\" ><div class='avia_textblock  '   itemprop=\"text\" ><p style=\"text-align: center;\"><span style=\"font-size: 18pt;\"><b>Corfo Ays\u00e9n y UACh impulsan modelo de formaci\u00f3n para emprendedores con fuerte arraigo territorial<\/b><\/span><\/p>\n<div id=\"gtx-trans\" style=\"position: absolute; left: -50px; top: 4.31534px;\">\n<div class=\"gtx-trans-icon\"><\/div>\n<\/div>\n<\/div><\/section><\/div><div class=\"flex_column av_one_full  flex_column_div av-zero-column-padding first  avia-builder-el-4  el_after_av_one_full  el_before_av_hr  column-top-margin\" style='border-radius:0px; '><section class=\"av_textblock_section \"  itemscope=\"itemscope\" itemtype=\"https:\/\/schema.org\/BlogPosting\" itemprop=\"blogPost\" ><div class='avia_textblock  '   itemprop=\"text\" ><p class=\"v1MsoNormal\" style=\"text-align: justify;\"><i>M\u00e1s de 50 emprendedores participaron en el primer ciclo de la Academia Austral de Emprendimiento, iniciativa que cierra su primera etapa con asesor\u00edas personalizadas, formaci\u00f3n t\u00e9cnica y una feria abierta a la comunidad.<\/i><\/p>\n<p class=\"v1MsoNormal\" style=\"text-align: justify;\">Con una feria de emprendedores realizada en el Centro Cultural de Coyhaique, finaliz\u00f3 la primera etapa de la <i>Academia Austral de Emprendimiento<\/i>, programa financiado por Corfo Ays\u00e9n y ejecutado por el Campus Patagonia de la Universidad Austral de Chile, que busca fortalecer emprendimientos desde su fase inicial mediante formaci\u00f3n t\u00e9cnica, mentor\u00edas y acompa\u00f1amiento personalizado.<\/p>\n<p class=\"v1MsoNormal\" style=\"text-align: justify;\">En este primer ciclo, 50 emprendedores de distintas localidades de la regi\u00f3n participaron durante 12 meses en talleres de capacitaci\u00f3n, sesiones de mentor\u00eda individual y asesor\u00edas especializadas, en un proceso que comenz\u00f3 en noviembre de 2024 y se extender\u00e1 con seguimiento profesional hasta diciembre de este a\u00f1o. El proceso formativo fue acompa\u00f1ado por la Fundaci\u00f3n Sim\u00f3n de Cirene y contempl\u00f3 una amplia representaci\u00f3n territorial.<\/p>\n<p class=\"v1MsoNormal\" style=\"text-align: justify;\">Durante la actividad de cierre realizada el 17 de julio, el director del Campus Patagonia de la Universidad Austral de Chile, profesor Mario Brito, destac\u00f3 el impacto de la primera etapa de la Academia Austral de Emprendimiento, subrayando el valor del acompa\u00f1amiento t\u00e9cnico y humano brindado a los participantes. Afirm\u00f3 que esta fase permiti\u00f3 reunir a emprendedores de distintos territorios y guiarlos en su desarrollo, gracias al trabajo conjunto entre la universidad, Corfo y un equipo de profesionales. \u00abEsta iniciativa no solo apoya a cada emprendedor, sino que tambi\u00e9n fortalece el ecosistema regional al visibilizar su trabajo y generar valor. Sirve de referencia para quienes reci\u00e9n comienzan y buscan acompa\u00f1amiento para concretar sus ideas de negocio\u00bb, indic\u00f3.<\/p>\n<p class=\"v1MsoNormal\" style=\"text-align: justify;\">Desde Corfo Ays\u00e9n valoraron la Academia Austral de Emprendimiento como una instancia clave para fortalecer el ecosistema regional desde una perspectiva territorial. Su director regional, Humberto Mar\u00edn, explic\u00f3 que uno de los principales desaf\u00edos del emprendimiento local es la soledad con que se enfrentan muchos procesos. En ese contexto, destac\u00f3 que esta iniciativa no solo entrega herramientas t\u00e9cnicas, sino que instala redes de apoyo reales. \u00abLo valioso de esta experiencia es que, junto al Campus Patagonia de la Universidad Austral, logramos articular un proceso formativo profundo, donde cada emprendedor avanza desde su realidad, sin perder de vista la colaboraci\u00f3n y el impacto colectivo. No solo construimos negocios, tambi\u00e9n comunidad y confianza en el desarrollo local\u00bb, afirm\u00f3.<\/p>\n<p class=\"v1MsoNormal\" style=\"text-align: justify;\">Desde la localidad de Ma\u00f1ihuales, Francisca Vargas, creadora del emprendimiento \u00abEsp\u00edritu Patagonia\u00bb, fue una de las participantes del programa y valor\u00f3 la experiencia como desafiante y transformadora. Si bien reconoci\u00f3 que compatibilizar clases online y presenciales implic\u00f3 un esfuerzo adicional, destac\u00f3 el respaldo recibido para mantenerse al d\u00eda. \u00abTe dan todas las facilidades para poder conectarte de forma posterior\u00bb, explic\u00f3. Para Vargas, el proceso no solo entreg\u00f3 herramientas pr\u00e1cticas, sino tambi\u00e9n la convicci\u00f3n personal para avanzar. \u00abCreo que es una tremenda oportunidad aceptar estos desaf\u00edos&#8230; eso valida tu idea, tu sue\u00f1o y, sobre todo, las proyecciones que tienes. Entonces desde ah\u00ed, t\u00fa dices bueno s\u00ed, me la creo\u00bb, afirm\u00f3.<\/p>\n<p class=\"v1MsoNormal\" style=\"text-align: justify;\">De los 50 emprendedores seleccionados de un total de 194 postulaciones, 30 avanzaron a la etapa de asesor\u00edas t\u00e9cnicas, enfocadas en fortalecer aspectos cr\u00edticos de sus negocios como la formalizaci\u00f3n, proyecci\u00f3n financiera o comercializaci\u00f3n. El trabajo con cada iniciativa continuar\u00e1 durante el segundo semestre, permitiendo consolidar los avances alcanzados.<\/p>\n<p class=\"v1MsoNormal\" style=\"text-align: justify;\"><span lang=\"ES-MX\">\u00a0<\/span><\/p>\n<\/div><\/section><\/div><div  style='height:50px' class='hr hr-invisible   avia-builder-el-6  el_after_av_one_full  el_before_av_social_share '><span class='hr-inner ' ><span class='hr-inner-style'><\/span><\/span><\/div><\/p>\n<div  class='av-social-sharing-box  avia-builder-el-7  el_after_av_hr  el_before_av_hr  '><div class='av-share-box'><h5 class='av-share-link-description av-no-toc '>Compartir esta noticia<\/h5><ul class='av-share-box-list noLightbox'><li class='av-share-link av-social-link-facebook' ><a target=\"_blank\" aria-label=\"Compartir en Facebook\" href='https:\/\/www.facebook.com\/sharer.php?u=https:\/\/radiorevelacionfm.cl\/?p=57532&#038;t=Corfo%20Ays%C3%A9n%20y%20UACh%20impulsan%20modelo%20de%20formaci%C3%B3n%20para%20emprendedores%20con%20fuerte%20arraigo%20territorial' aria-hidden='false' data-av_icon='\ue8f3' data-av_iconfont='entypo-fontello' title='' data-avia-related-tooltip='Compartir en Facebook' rel=\"noopener\"><span class='avia_hidden_link_text'>Compartir en Facebook<\/span><\/a><\/li><li class='av-share-link av-social-link-twitter' ><a target=\"_blank\" aria-label=\"Compartir en Twitter\" href='https:\/\/twitter.com\/share?text=Corfo%20Ays%C3%A9n%20y%20UACh%20impulsan%20modelo%20de%20formaci%C3%B3n%20para%20emprendedores%20con%20fuerte%20arraigo%20territorial&#038;url=https:\/\/radiorevelacionfm.cl\/?p=57532' aria-hidden='false' data-av_icon='\ue8f1' data-av_iconfont='entypo-fontello' title='' data-avia-related-tooltip='Compartir en Twitter' rel=\"noopener\"><span class='avia_hidden_link_text'>Compartir en Twitter<\/span><\/a><\/li><li class='av-share-link av-social-link-whatsapp' ><a target=\"_blank\" aria-label=\"Compartir en Whatsapp\" href='https:\/\/api.whatsapp.com\/send?text=https:\/\/radiorevelacionfm.cl\/?p=57532' aria-hidden='false' data-av_icon='\uf232' data-av_iconfont='entypo-fontello' title='' data-avia-related-tooltip='Compartir en Whatsapp' rel=\"noopener\"><span class='avia_hidden_link_text'>Compartir en Whatsapp<\/span><\/a><\/li><li class='av-share-link av-social-link-linkedin' ><a target=\"_blank\" aria-label=\"Compartir en LinkedIn\" href='https:\/\/linkedin.com\/shareArticle?mini=true&#038;title=Corfo%20Ays%C3%A9n%20y%20UACh%20impulsan%20modelo%20de%20formaci%C3%B3n%20para%20emprendedores%20con%20fuerte%20arraigo%20territorial&#038;url=https:\/\/radiorevelacionfm.cl\/?p=57532' aria-hidden='false' data-av_icon='\ue8fc' data-av_iconfont='entypo-fontello' title='' data-avia-related-tooltip='Compartir en LinkedIn' rel=\"noopener\"><span class='avia_hidden_link_text'>Compartir en LinkedIn<\/span><\/a><\/li><li class='av-share-link av-social-link-mail' ><a  aria-label=\"Compartir por correo\" href='mailto:?subject=Corfo%20Ays%C3%A9n%20y%20UACh%20impulsan%20modelo%20de%20formaci%C3%B3n%20para%20emprendedores%20con%20fuerte%20arraigo%20territorial&#038;body=https:\/\/radiorevelacionfm.cl\/?p=57532' aria-hidden='false' data-av_icon='\ue805' data-av_iconfont='entypo-fontello' title='' data-avia-related-tooltip='Compartir por correo'><span class='avia_hidden_link_text'>Compartir por correo<\/span><\/a><\/li><\/ul><\/div><\/div>\n<div  style='height:50px' class='hr hr-invisible   avia-builder-el-8  el_after_av_social_share  el_before_av_comments_list '><span class='hr-inner ' ><span class='hr-inner-style'><\/span><\/span><\/div>\n<div  class='av-buildercomment  av-blog-meta-html-info-disabled av-blog-meta-tag-disabled  '><\/div>\n","protected":false},"excerpt":{"rendered":"","protected":false},"author":1,"featured_media":57533,"comment_status":"closed","ping_status":"closed","sticky":false,"template":"","format":"standard","meta":{"footnotes":""},"categories":[38],"tags":[],"class_list":["post-57532","post","type-post","status-publish","format-standard","has-post-thumbnail","hentry","category-regional"],"jetpack_featured_media_url":"https:\/\/radiorevelacionfm.cl\/wp-content\/uploads\/2025\/08\/feria-academia-austral-31-1_optimized.jpg","_links":{"self":[{"href":"https:\/\/radiorevelacionfm.cl\/index.php?rest_route=\/wp\/v2\/posts\/57532","targetHints":{"allow":["GET"]}}],"collection":[{"href":"https:\/\/radiorevelacionfm.cl\/index.php?rest_route=\/wp\/v2\/posts"}],"about":[{"href":"https:\/\/radiorevelacionfm.cl\/index.php?rest_route=\/wp\/v2\/types\/post"}],"author":[{"embeddable":true,"href":"https:\/\/radiorevelacionfm.cl\/index.php?rest_route=\/wp\/v2\/users\/1"}],"replies":[{"embeddable":true,"href":"https:\/\/radiorevelacionfm.cl\/index.php?rest_route=%2Fwp%2Fv2%2Fcomments&post=57532"}],"version-history":[{"count":2,"href":"https:\/\/radiorevelacionfm.cl\/index.php?rest_route=\/wp\/v2\/posts\/57532\/revisions"}],"predecessor-version":[{"id":57535,"href":"https:\/\/radiorevelacionfm.cl\/index.php?rest_route=\/wp\/v2\/posts\/57532\/revisions\/57535"}],"wp:featuredmedia":[{"embeddable":true,"href":"https:\/\/radiorevelacionfm.cl\/index.php?rest_route=\/wp\/v2\/media\/57533"}],"wp:attachment":[{"href":"https:\/\/radiorevelacionfm.cl\/index.php?rest_route=%2Fwp%2Fv2%2Fmedia&parent=57532"}],"wp:term":[{"taxonomy":"category","embeddable":true,"href":"https:\/\/radiorevelacionfm.cl\/index.php?rest_route=%2Fwp%2Fv2%2Fcategories&post=57532"},{"taxonomy":"post_tag","embeddable":true,"href":"https:\/\/radiorevelacionfm.cl\/index.php?rest_route=%2Fwp%2Fv2%2Ftags&post=57532"}],"curies":[{"name":"wp","href":"https:\/\/api.w.org\/{rel}","templated":true}]}}