{"id":57528,"date":"2025-08-08T10:56:43","date_gmt":"2025-08-08T13:56:43","guid":{"rendered":"https:\/\/radiorevelacionfm.cl\/?p=57528"},"modified":"2025-08-08T10:56:43","modified_gmt":"2025-08-08T13:56:43","slug":"fortalecen-trabajo-comunitario-en-la-villa-patagonia-con-convenio-entre-somos-barrio-y-senda-previene","status":"publish","type":"post","link":"https:\/\/radiorevelacionfm.cl\/?p=57528","title":{"rendered":"Fortalecen trabajo comunitario en la Villa Patagonia con convenio entre Somos Barrio y Senda Previene"},"content":{"rendered":"<div class=\"flex_column av_one_full  flex_column_div av-zero-column-padding first  avia-builder-el-0  el_before_av_one_full  avia-builder-el-first  \" style='border-radius:0px; '><div  class='avia-image-container  av-styling-    avia-builder-el-1  avia-builder-el-no-sibling  avia-align-center '  itemprop=\"image\" itemscope=\"itemscope\" itemtype=\"https:\/\/schema.org\/ImageObject\"  ><div class='avia-image-container-inner'><div class='avia-image-overlay-wrap'><img decoding=\"async\" class='wp-image-57529 avia-img-lazy-loading-not-57529 avia_image' src=\"https:\/\/radiorevelacionfm.cl\/wp-content\/uploads\/2025\/08\/firma1-1_optimized.jpeg\" alt='' title='firma1-(1)_optimized' height=\"600\" width=\"900\"  itemprop=\"thumbnailUrl\" srcset=\"https:\/\/radiorevelacionfm.cl\/wp-content\/uploads\/2025\/08\/firma1-1_optimized.jpeg 900w, https:\/\/radiorevelacionfm.cl\/wp-content\/uploads\/2025\/08\/firma1-1_optimized-300x200.jpeg 300w, https:\/\/radiorevelacionfm.cl\/wp-content\/uploads\/2025\/08\/firma1-1_optimized-768x512.jpeg 768w, https:\/\/radiorevelacionfm.cl\/wp-content\/uploads\/2025\/08\/firma1-1_optimized-705x470.jpeg 705w, https:\/\/radiorevelacionfm.cl\/wp-content\/uploads\/2025\/08\/firma1-1_optimized-450x300.jpeg 450w, https:\/\/radiorevelacionfm.cl\/wp-content\/uploads\/2025\/08\/firma1-1_optimized-600x400.jpeg 600w\" sizes=\"(max-width: 900px) 100vw, 900px\" \/><\/div><\/div><\/div><\/div><div class=\"flex_column av_one_full  flex_column_div av-zero-column-padding first  avia-builder-el-2  el_after_av_one_full  el_before_av_one_full  column-top-margin\" style='border-radius:0px; '><section class=\"av_textblock_section \"  itemscope=\"itemscope\" itemtype=\"https:\/\/schema.org\/BlogPosting\" itemprop=\"blogPost\" ><div class='avia_textblock  '   itemprop=\"text\" ><p style=\"text-align: center;\"><strong><span style=\"font-size: 18pt;\">Fortalecen trabajo comunitario en la Villa Patagonia con convenio entre Somos Barrio y Senda Previene<\/span><\/strong><\/p>\n<div id=\"gtx-trans\" style=\"position: absolute; left: -50px; top: 4.31534px;\">\n<div class=\"gtx-trans-icon\"><\/div>\n<\/div>\n<\/div><\/section><\/div><div class=\"flex_column av_one_full  flex_column_div av-zero-column-padding first  avia-builder-el-4  el_after_av_one_full  el_before_av_hr  column-top-margin\" style='border-radius:0px; '><section class=\"av_textblock_section \"  itemscope=\"itemscope\" itemtype=\"https:\/\/schema.org\/BlogPosting\" itemprop=\"blogPost\" ><div class='avia_textblock  '   itemprop=\"text\" ><p style=\"text-align: justify;\">En la sede de la Junta de Vecinos de Villa Patagonia se llev\u00f3 a cabo la firma de un convenio de colaboraci\u00f3n entre el programa <strong>Somos Barrio<\/strong><strong> y <\/strong><strong>SENDA Previene<\/strong><strong>,<\/strong> con el objetivo de impulsar acciones conjuntas de prevenci\u00f3n y seguridad en este sector considerado como pol\u00edgono prioritario.<\/p>\n<p style=\"text-align: justify;\">El acuerdo permitir\u00e1 desarrollar iniciativas con enfoque territorial que promuevan la participaci\u00f3n de la comunidad, fortalezcan el trabajo en red con instituciones locales y generen contextos protectores para prevenir el consumo de alcohol y otras drogas.<\/p>\n<p style=\"text-align: justify;\">El alcalde de Coyhaique Carlos Gatica destac\u00f3 la relevancia de este compromiso para la ciudad: \u201cAqu\u00ed estamos junto a la se\u00f1ora Ramona, quien es presidenta y dirigenta de la poblaci\u00f3n Villa Patagonia y junto tambi\u00e9n a la directora de SENDA y a la Seremi de Seguridad, en lo que significa el acuerdo de colaboraci\u00f3n mutua entre el municipio, SENDA Previene, el programa Somos Barrio y por supuesto a nuestra junta de vecinos \u00bfQu\u00e9 estamos haciendo? Estamos luchando todos por un espacio m\u00e1s seguro, m\u00e1s digno para todos nuestros vecinos; la verdad muy contento y agradecido por el apoyo que hemos recibido tanto del Gobierno, pero adem\u00e1s de la Junta de Vecinos, sin el esfuerzo de todos es imposible concebir un bien com\u00fan, as\u00ed que todos luchando por vivir mejor\u201d.<\/p>\n<p style=\"text-align: justify;\">Por su parte, la directora regional de SENDA, Mar\u00eda Victoria Contreras, subray\u00f3 el valor preventivo de la iniciativa: \u201cEl trabajo comunitario nos permite poder articular los distintos elementos que son importantes para poder prevenir el consumo de sustancias, como lo son la cohesi\u00f3n social, el trabajo con los vecinos, poder tambi\u00e9n traer nuestra oferta program\u00e1tica y la oferta que puedan tener los distintos servicios p\u00fablicos.\u201d<\/p>\n<p style=\"text-align: justify;\">La presidenta de la Junta de Vecinos de Villa Patagonia, Ramona P\u00e9rez, expres\u00f3 que este convenio representa una oportunidad para el barrio: \u201cAqu\u00ed estamos junto al se\u00f1or alcalde en esta importante firma que tuvimos hoy d\u00eda sobre prevenci\u00f3n con SENDA y la Junta de Vecinos Villa Patagonia para avanzar con nuestros j\u00f3venes, nuestros ni\u00f1os y que todo sea para un bien com\u00fan, sobre todo para nuestros ni\u00f1os y nuestros j\u00f3venes\u201d.<\/p>\n<p style=\"text-align: justify;\">El programa <strong>SENDA Previene<\/strong> busca fortalecer las capacidades de autogesti\u00f3n comunitaria para prevenir y abordar los riesgos del consumo de alcohol y otras drogas, mientras que <strong>Somos Barrio<\/strong> se orienta a reducir la victimizaci\u00f3n y la percepci\u00f3n de inseguridad en zonas con alta vulnerabilidad, mediante el fortalecimiento comunitario, la integraci\u00f3n urbana y la prevenci\u00f3n.<\/p>\n<p style=\"text-align: justify;\">Actualmente, SENDA Previene desarrollo su trabajo de prevenci\u00f3n comunitaria en Villa Patagonia, Vista Hermosa y Almirante Simpson, generando resultados en torno a la adhesi\u00f3n comunitaria, algunos cambios positivos de actitud frente al consumo de drogas, y un incremento en los comportamientos protectores.<\/p>\n<p style=\"text-align: justify;\">Este convenio reafirma que un barrio organizado, informado y empoderado tiene m\u00e1s herramientas para construir un entorno seguro, saludable y con identidad local s\u00f3lida.<\/p>\n<\/div><\/section><\/div><div  style='height:50px' class='hr hr-invisible   avia-builder-el-6  el_after_av_one_full  el_before_av_social_share '><span class='hr-inner ' ><span class='hr-inner-style'><\/span><\/span><\/div><\/p>\n<div  class='av-social-sharing-box  avia-builder-el-7  el_after_av_hr  el_before_av_hr  '><div class='av-share-box'><h5 class='av-share-link-description av-no-toc '>Compartir esta noticia<\/h5><ul class='av-share-box-list noLightbox'><li class='av-share-link av-social-link-facebook' ><a target=\"_blank\" aria-label=\"Compartir en Facebook\" href='https:\/\/www.facebook.com\/sharer.php?u=https:\/\/radiorevelacionfm.cl\/?p=57528&#038;t=Fortalecen%20trabajo%20comunitario%20en%20la%20Villa%20Patagonia%20con%20convenio%20entre%20Somos%20Barrio%20y%20Senda%20Previene' aria-hidden='false' data-av_icon='\ue8f3' data-av_iconfont='entypo-fontello' title='' data-avia-related-tooltip='Compartir en Facebook' rel=\"noopener\"><span class='avia_hidden_link_text'>Compartir en Facebook<\/span><\/a><\/li><li class='av-share-link av-social-link-twitter' ><a target=\"_blank\" aria-label=\"Compartir en Twitter\" href='https:\/\/twitter.com\/share?text=Fortalecen%20trabajo%20comunitario%20en%20la%20Villa%20Patagonia%20con%20convenio%20entre%20Somos%20Barrio%20y%20Senda%20Previene&#038;url=https:\/\/radiorevelacionfm.cl\/?p=57528' aria-hidden='false' data-av_icon='\ue8f1' data-av_iconfont='entypo-fontello' title='' data-avia-related-tooltip='Compartir en Twitter' rel=\"noopener\"><span class='avia_hidden_link_text'>Compartir en Twitter<\/span><\/a><\/li><li class='av-share-link av-social-link-whatsapp' ><a target=\"_blank\" aria-label=\"Compartir en Whatsapp\" href='https:\/\/api.whatsapp.com\/send?text=https:\/\/radiorevelacionfm.cl\/?p=57528' aria-hidden='false' data-av_icon='\uf232' data-av_iconfont='entypo-fontello' title='' data-avia-related-tooltip='Compartir en Whatsapp' rel=\"noopener\"><span class='avia_hidden_link_text'>Compartir en Whatsapp<\/span><\/a><\/li><li class='av-share-link av-social-link-linkedin' ><a target=\"_blank\" aria-label=\"Compartir en LinkedIn\" href='https:\/\/linkedin.com\/shareArticle?mini=true&#038;title=Fortalecen%20trabajo%20comunitario%20en%20la%20Villa%20Patagonia%20con%20convenio%20entre%20Somos%20Barrio%20y%20Senda%20Previene&#038;url=https:\/\/radiorevelacionfm.cl\/?p=57528' aria-hidden='false' data-av_icon='\ue8fc' data-av_iconfont='entypo-fontello' title='' data-avia-related-tooltip='Compartir en LinkedIn' rel=\"noopener\"><span class='avia_hidden_link_text'>Compartir en LinkedIn<\/span><\/a><\/li><li class='av-share-link av-social-link-mail' ><a  aria-label=\"Compartir por correo\" href='mailto:?subject=Fortalecen%20trabajo%20comunitario%20en%20la%20Villa%20Patagonia%20con%20convenio%20entre%20Somos%20Barrio%20y%20Senda%20Previene&#038;body=https:\/\/radiorevelacionfm.cl\/?p=57528' aria-hidden='false' data-av_icon='\ue805' data-av_iconfont='entypo-fontello' title='' data-avia-related-tooltip='Compartir por correo'><span class='avia_hidden_link_text'>Compartir por correo<\/span><\/a><\/li><\/ul><\/div><\/div>\n<div  style='height:50px' class='hr hr-invisible   avia-builder-el-8  el_after_av_social_share  el_before_av_comments_list '><span class='hr-inner ' ><span class='hr-inner-style'><\/span><\/span><\/div>\n<div  class='av-buildercomment  av-blog-meta-html-info-disabled av-blog-meta-tag-disabled  '><\/div>\n","protected":false},"excerpt":{"rendered":"","protected":false},"author":1,"featured_media":57529,"comment_status":"closed","ping_status":"closed","sticky":false,"template":"","format":"standard","meta":{"footnotes":""},"categories":[38],"tags":[],"class_list":["post-57528","post","type-post","status-publish","format-standard","has-post-thumbnail","hentry","category-regional"],"jetpack_featured_media_url":"https:\/\/radiorevelacionfm.cl\/wp-content\/uploads\/2025\/08\/firma1-1_optimized.jpeg","_links":{"self":[{"href":"https:\/\/radiorevelacionfm.cl\/index.php?rest_route=\/wp\/v2\/posts\/57528","targetHints":{"allow":["GET"]}}],"collection":[{"href":"https:\/\/radiorevelacionfm.cl\/index.php?rest_route=\/wp\/v2\/posts"}],"about":[{"href":"https:\/\/radiorevelacionfm.cl\/index.php?rest_route=\/wp\/v2\/types\/post"}],"author":[{"embeddable":true,"href":"https:\/\/radiorevelacionfm.cl\/index.php?rest_route=\/wp\/v2\/users\/1"}],"replies":[{"embeddable":true,"href":"https:\/\/radiorevelacionfm.cl\/index.php?rest_route=%2Fwp%2Fv2%2Fcomments&post=57528"}],"version-history":[{"count":2,"href":"https:\/\/radiorevelacionfm.cl\/index.php?rest_route=\/wp\/v2\/posts\/57528\/revisions"}],"predecessor-version":[{"id":57531,"href":"https:\/\/radiorevelacionfm.cl\/index.php?rest_route=\/wp\/v2\/posts\/57528\/revisions\/57531"}],"wp:featuredmedia":[{"embeddable":true,"href":"https:\/\/radiorevelacionfm.cl\/index.php?rest_route=\/wp\/v2\/media\/57529"}],"wp:attachment":[{"href":"https:\/\/radiorevelacionfm.cl\/index.php?rest_route=%2Fwp%2Fv2%2Fmedia&parent=57528"}],"wp:term":[{"taxonomy":"category","embeddable":true,"href":"https:\/\/radiorevelacionfm.cl\/index.php?rest_route=%2Fwp%2Fv2%2Fcategories&post=57528"},{"taxonomy":"post_tag","embeddable":true,"href":"https:\/\/radiorevelacionfm.cl\/index.php?rest_route=%2Fwp%2Fv2%2Ftags&post=57528"}],"curies":[{"name":"wp","href":"https:\/\/api.w.org\/{rel}","templated":true}]}}