{"id":57523,"date":"2025-08-08T09:57:24","date_gmt":"2025-08-08T12:57:24","guid":{"rendered":"https:\/\/radiorevelacionfm.cl\/?p=57523"},"modified":"2025-08-08T09:57:24","modified_gmt":"2025-08-08T12:57:24","slug":"la-gestion-sostenible-de-residuos-uno-de-los-ejes-estrategicos-del-plan-de-desarrollo-turistico-de-aysen","status":"publish","type":"post","link":"https:\/\/radiorevelacionfm.cl\/?p=57523","title":{"rendered":"La gesti\u00f3n sostenible de residuos: uno de los ejes estrat\u00e9gicos del plan de desarrollo tur\u00edstico de Ays\u00e9n"},"content":{"rendered":"<div class=\"flex_column av_one_full  flex_column_div av-zero-column-padding first  avia-builder-el-0  el_before_av_one_full  avia-builder-el-first  \" style='border-radius:0px; '><div  class='avia-image-container  av-styling-    avia-builder-el-1  avia-builder-el-no-sibling  avia-align-center '  itemprop=\"image\" itemscope=\"itemscope\" itemtype=\"https:\/\/schema.org\/ImageObject\"  ><div class='avia-image-container-inner'><div class='avia-image-overlay-wrap'><img decoding=\"async\" class='wp-image-57524 avia-img-lazy-loading-not-57524 avia_image' src=\"https:\/\/radiorevelacionfm.cl\/wp-content\/uploads\/2025\/08\/p3-1_optimized.jpg\" alt='' title='p3-(1)_optimized' height=\"600\" width=\"1067\"  itemprop=\"thumbnailUrl\" srcset=\"https:\/\/radiorevelacionfm.cl\/wp-content\/uploads\/2025\/08\/p3-1_optimized.jpg 1067w, https:\/\/radiorevelacionfm.cl\/wp-content\/uploads\/2025\/08\/p3-1_optimized-300x169.jpg 300w, https:\/\/radiorevelacionfm.cl\/wp-content\/uploads\/2025\/08\/p3-1_optimized-1030x579.jpg 1030w, https:\/\/radiorevelacionfm.cl\/wp-content\/uploads\/2025\/08\/p3-1_optimized-768x432.jpg 768w, https:\/\/radiorevelacionfm.cl\/wp-content\/uploads\/2025\/08\/p3-1_optimized-705x396.jpg 705w, https:\/\/radiorevelacionfm.cl\/wp-content\/uploads\/2025\/08\/p3-1_optimized-450x253.jpg 450w, https:\/\/radiorevelacionfm.cl\/wp-content\/uploads\/2025\/08\/p3-1_optimized-600x337.jpg 600w\" sizes=\"(max-width: 1067px) 100vw, 1067px\" \/><\/div><\/div><\/div><\/div><div class=\"flex_column av_one_full  flex_column_div av-zero-column-padding first  avia-builder-el-2  el_after_av_one_full  el_before_av_one_full  column-top-margin\" style='border-radius:0px; '><section class=\"av_textblock_section \"  itemscope=\"itemscope\" itemtype=\"https:\/\/schema.org\/BlogPosting\" itemprop=\"blogPost\" ><div class='avia_textblock  '   itemprop=\"text\" ><p style=\"text-align: center;\"><strong><span style=\"font-size: 18pt;\">La gesti\u00f3n sostenible de residuos: uno de los ejes estrat\u00e9gicos del plan de desarrollo tur\u00edstico de Ays\u00e9n<\/span><\/strong><\/p>\n<div id=\"gtx-trans\" style=\"position: absolute; left: -50px; top: 4.31534px;\">\n<div class=\"gtx-trans-icon\"><\/div>\n<\/div>\n<\/div><\/section><\/div><div class=\"flex_column av_one_full  flex_column_div av-zero-column-padding first  avia-builder-el-4  el_after_av_one_full  el_before_av_hr  column-top-margin\" style='border-radius:0px; '><section class=\"av_textblock_section \"  itemscope=\"itemscope\" itemtype=\"https:\/\/schema.org\/BlogPosting\" itemprop=\"blogPost\" ><div class='avia_textblock  '   itemprop=\"text\" ><p class=\"v1MsoNormal\" style=\"text-align: justify;\">Con un trencito ecol\u00f3gico\u00a0 a propulsi\u00f3n\u00a0 el\u00e9ctrica y la instalaci\u00f3n de \u00a0un \u00abPunto Limpio\u00bb para la clasificaci\u00f3n de residuos \u00a0pl\u00e1sticos, latas y vidrio,\u00a0 se hizo presente la Empresa\u00a0 Reciclajes Martino, en el\u00a0 hito de lanzamiento del Plan de Desarrollo Tur\u00edstico (PLADETUR) para la comuna de Ays\u00e9n.<\/p>\n<p class=\"v1MsoNormal\" style=\"text-align: justify;\">La actividad se desarroll\u00f3 en el recinto Polideportivo de la ciudad de Puerto Ays\u00e9n y reuni\u00f3 alrededor de\u00a0 medio\u00a0 centenar de emprendedores y empresarios\u00a0 tur\u00edsticos, \u00a0\u00a0autoridades locales y regionales, representantes de\u00a0 la \u00a0comunidad y organizaciones productivas y sociales.\u00a0 De manera conjunta y colaborativa, se espera que estos actores participen en la elaboraci\u00f3n del \u00a0instrumento de planificaci\u00f3n que definir\u00e1 las acciones y estrategias para el desarrollo sostenible de la actividad tur\u00edstica\u00a0 en Ays\u00e9n.<\/p>\n<p class=\"v1MsoNormal\" style=\"text-align: justify;\">Al respecto,\u00a0Christian\u00a0 Martino, Representante de la Planta de Tratamiento de Residuos S\u00f3lidos Inorg\u00e1nicos Domiciliarios e Industriales en\u00a0 la Regi\u00f3n de Ays\u00e9n,\u00a0puso \u00e9nfasis en la importancia en el tratamiento y \u00a0destino final de los residuos\u00a0 que\u00a0 genera la industria del turismo en la comuna\u00a0 de\u00a0 Ays\u00e9n, para lo cual ya se ha iniciado\u00a0 un trabajo conjunto y responsable por parte de\u00a0 algunos proveedores de servicio y empresarios del sector turismo.\u00a0 \u00abLa planificaci\u00f3n del turismo en nuestra hermosa comuna de Ays\u00e9n debe considerar y tener muy presente la econom\u00eda circular y sustentabilidad de nuestro territorio. Algunos empresarios gastron\u00f3micos y due\u00f1os de caba\u00f1as\u00a0 ya est\u00e1n clasificando sus residuos y los disponen en nuestra Planta; del mismo modo, nosotros tambi\u00e9n efectuamos el retiro y transporte \u00a0de estos materiales, desde sus instalaciones para el proceso de reciclaje, un adecuado destino final\u00a0 \u00a0y su correspondiente certificaci\u00f3n posterior\u00bb subray\u00f3.<\/p>\n<p class=\"v1MsoNormal\" style=\"text-align: justify;\">Por su parte, Loreto Inostroza, del Complejo Tur\u00edstico Shangrila de\u00a0 Puerto Ays\u00e9n,\u00a0quien cuenta con certificaci\u00f3n de sustentabilidad desde el a\u00f1o 2007,\u00a0 destac\u00f3 el trabajo colaborativo que ha desarrollado junto a \u00abReciclajes Martino\u00bb en materia de econom\u00eda circular. \u00abNosotros segregamos y separamos \u00a0los residuos; tambi\u00e9n instruimos a nuestros clientes y pasajeros al respecto en pos de la sustentabilidad y la promoci\u00f3n del turismo\u00a0 en nuestra comuna\u00bb, agreg\u00f3.<\/p>\n<p class=\"v1MsoNormal\" style=\"text-align: justify;\">Desde el rubro gastron\u00f3mico,\u00a0Patricia Gallegos, del Restaurant \u00abEl Mes\u00f3n de la Patiko\u00bb de Puerto Ays\u00e9n,\u00a0hace lo propio en materia de tratamiento y clasificaci\u00f3n de residuos, poniendo en valor las buenas pr\u00e1cticas\u00a0 que hacen m\u00e1s sostenible el turismo en la comuna. \u00abHoy en d\u00eda\u00a0 nos estamos convirtiendo en una ciudad tur\u00edstica y es muy importante que esta forma de abordar el cuidado de nuestro medio ambiente, se vea reflejada en nuestro entorno, que est\u00e9 libre de basura, pl\u00e1sticos y botellas y al mismo tiempo estas buenas pr\u00e1cticas fortalezcan \u00a0nuestros emprendimientos\u00bb, indic\u00f3.<\/p>\n<p class=\"v1MsoNormal\" style=\"text-align: justify;\">La implementaci\u00f3n de pr\u00e1cticas sostenibles en el sector turismo de Ays\u00e9n, no solo beneficia al medio ambiente, sino que tambi\u00e9n contribuye a mejorar la experiencia de los visitantes y a promover un turismo responsable en la regi\u00f3n. As\u00ed lo destac\u00f3 la\u00a0Encargada de la Unidad de Turismo de la Municipalidad de Ays\u00e9n, Loreta Co\u00f1uecar,\u00a0quien visualiza esta materia como unos de los ejes estrat\u00e9gicos en la elaboraci\u00f3n del PLADETUR. \u00abHemos podido detectar en los talleres de participaci\u00f3n ciudadana desarrollados hasta la fecha, que uno de los sue\u00f1os de la comunidad\u00a0\u00a0\u00a0 local es que vivamos en un lugar que sea sustentable, sostenible y responsable con los entornos que se recorren y visitan, por ende considero que ser\u00e1 uno de las l\u00edneas de acci\u00f3n principal de este PLADETUR\u00bb puntualiz\u00f3.<\/p>\n<p class=\"v1MsoNormal\" style=\"text-align: justify;\">La empresa \u00abReciclajes Martino\u00bb ha sido un aliado clave en este esfuerzo, brindando apoyo y orientaci\u00f3n a los proveedores tur\u00edsticos para implementar pr\u00e1cticas de gesti\u00f3n de residuos, de manera \u00a0responsable y sostenible en Ays\u00e9n.<\/p>\n<\/div><\/section><\/div><div  style='height:50px' class='hr hr-invisible   avia-builder-el-6  el_after_av_one_full  el_before_av_social_share '><span class='hr-inner ' ><span class='hr-inner-style'><\/span><\/span><\/div><\/p>\n<div  class='av-social-sharing-box  avia-builder-el-7  el_after_av_hr  el_before_av_hr  '><div class='av-share-box'><h5 class='av-share-link-description av-no-toc '>Compartir esta noticia<\/h5><ul class='av-share-box-list noLightbox'><li class='av-share-link av-social-link-facebook' ><a target=\"_blank\" aria-label=\"Compartir en Facebook\" href='https:\/\/www.facebook.com\/sharer.php?u=https:\/\/radiorevelacionfm.cl\/?p=57523&#038;t=La%20gesti%C3%B3n%20sostenible%20de%20residuos%3A%20uno%20de%20los%20ejes%20estrat%C3%A9gicos%20del%20plan%20de%20desarrollo%20tur%C3%ADstico%20de%20Ays%C3%A9n' aria-hidden='false' data-av_icon='\ue8f3' data-av_iconfont='entypo-fontello' title='' data-avia-related-tooltip='Compartir en Facebook' rel=\"noopener\"><span class='avia_hidden_link_text'>Compartir en Facebook<\/span><\/a><\/li><li class='av-share-link av-social-link-twitter' ><a target=\"_blank\" aria-label=\"Compartir en Twitter\" href='https:\/\/twitter.com\/share?text=La%20gesti%C3%B3n%20sostenible%20de%20residuos%3A%20uno%20de%20los%20ejes%20estrat%C3%A9gicos%20del%20plan%20de%20desarrollo%20tur%C3%ADstico%20de%20Ays%C3%A9n&#038;url=https:\/\/radiorevelacionfm.cl\/?p=57523' aria-hidden='false' data-av_icon='\ue8f1' data-av_iconfont='entypo-fontello' title='' data-avia-related-tooltip='Compartir en Twitter' rel=\"noopener\"><span class='avia_hidden_link_text'>Compartir en Twitter<\/span><\/a><\/li><li class='av-share-link av-social-link-whatsapp' ><a target=\"_blank\" aria-label=\"Compartir en Whatsapp\" href='https:\/\/api.whatsapp.com\/send?text=https:\/\/radiorevelacionfm.cl\/?p=57523' aria-hidden='false' data-av_icon='\uf232' data-av_iconfont='entypo-fontello' title='' data-avia-related-tooltip='Compartir en Whatsapp' rel=\"noopener\"><span class='avia_hidden_link_text'>Compartir en Whatsapp<\/span><\/a><\/li><li class='av-share-link av-social-link-linkedin' ><a target=\"_blank\" aria-label=\"Compartir en LinkedIn\" href='https:\/\/linkedin.com\/shareArticle?mini=true&#038;title=La%20gesti%C3%B3n%20sostenible%20de%20residuos%3A%20uno%20de%20los%20ejes%20estrat%C3%A9gicos%20del%20plan%20de%20desarrollo%20tur%C3%ADstico%20de%20Ays%C3%A9n&#038;url=https:\/\/radiorevelacionfm.cl\/?p=57523' aria-hidden='false' data-av_icon='\ue8fc' data-av_iconfont='entypo-fontello' title='' data-avia-related-tooltip='Compartir en LinkedIn' rel=\"noopener\"><span class='avia_hidden_link_text'>Compartir en LinkedIn<\/span><\/a><\/li><li class='av-share-link av-social-link-mail' ><a  aria-label=\"Compartir por correo\" href='mailto:?subject=La%20gesti%C3%B3n%20sostenible%20de%20residuos%3A%20uno%20de%20los%20ejes%20estrat%C3%A9gicos%20del%20plan%20de%20desarrollo%20tur%C3%ADstico%20de%20Ays%C3%A9n&#038;body=https:\/\/radiorevelacionfm.cl\/?p=57523' aria-hidden='false' data-av_icon='\ue805' data-av_iconfont='entypo-fontello' title='' data-avia-related-tooltip='Compartir por correo'><span class='avia_hidden_link_text'>Compartir por correo<\/span><\/a><\/li><\/ul><\/div><\/div>\n<div  style='height:50px' class='hr hr-invisible   avia-builder-el-8  el_after_av_social_share  el_before_av_comments_list '><span class='hr-inner ' ><span class='hr-inner-style'><\/span><\/span><\/div>\n<div  class='av-buildercomment  av-blog-meta-html-info-disabled av-blog-meta-tag-disabled  '><\/div>\n","protected":false},"excerpt":{"rendered":"","protected":false},"author":1,"featured_media":57524,"comment_status":"closed","ping_status":"closed","sticky":false,"template":"","format":"standard","meta":{"footnotes":""},"categories":[38],"tags":[],"class_list":["post-57523","post","type-post","status-publish","format-standard","has-post-thumbnail","hentry","category-regional"],"jetpack_featured_media_url":"https:\/\/radiorevelacionfm.cl\/wp-content\/uploads\/2025\/08\/p3-1_optimized.jpg","_links":{"self":[{"href":"https:\/\/radiorevelacionfm.cl\/index.php?rest_route=\/wp\/v2\/posts\/57523","targetHints":{"allow":["GET"]}}],"collection":[{"href":"https:\/\/radiorevelacionfm.cl\/index.php?rest_route=\/wp\/v2\/posts"}],"about":[{"href":"https:\/\/radiorevelacionfm.cl\/index.php?rest_route=\/wp\/v2\/types\/post"}],"author":[{"embeddable":true,"href":"https:\/\/radiorevelacionfm.cl\/index.php?rest_route=\/wp\/v2\/users\/1"}],"replies":[{"embeddable":true,"href":"https:\/\/radiorevelacionfm.cl\/index.php?rest_route=%2Fwp%2Fv2%2Fcomments&post=57523"}],"version-history":[{"count":2,"href":"https:\/\/radiorevelacionfm.cl\/index.php?rest_route=\/wp\/v2\/posts\/57523\/revisions"}],"predecessor-version":[{"id":57526,"href":"https:\/\/radiorevelacionfm.cl\/index.php?rest_route=\/wp\/v2\/posts\/57523\/revisions\/57526"}],"wp:featuredmedia":[{"embeddable":true,"href":"https:\/\/radiorevelacionfm.cl\/index.php?rest_route=\/wp\/v2\/media\/57524"}],"wp:attachment":[{"href":"https:\/\/radiorevelacionfm.cl\/index.php?rest_route=%2Fwp%2Fv2%2Fmedia&parent=57523"}],"wp:term":[{"taxonomy":"category","embeddable":true,"href":"https:\/\/radiorevelacionfm.cl\/index.php?rest_route=%2Fwp%2Fv2%2Fcategories&post=57523"},{"taxonomy":"post_tag","embeddable":true,"href":"https:\/\/radiorevelacionfm.cl\/index.php?rest_route=%2Fwp%2Fv2%2Ftags&post=57523"}],"curies":[{"name":"wp","href":"https:\/\/api.w.org\/{rel}","templated":true}]}}