{"id":57517,"date":"2025-08-07T20:24:00","date_gmt":"2025-08-07T23:24:00","guid":{"rendered":"https:\/\/radiorevelacionfm.cl\/?p=57517"},"modified":"2025-08-07T20:24:00","modified_gmt":"2025-08-07T23:24:00","slug":"chile-chico-investigacion-conjunta-permite-detencion-de-imputado-por-microtrafico-de-drogas","status":"publish","type":"post","link":"https:\/\/radiorevelacionfm.cl\/?p=57517","title":{"rendered":"Chile Chico: Investigaci\u00f3n conjunta permite detenci\u00f3n de imputado por microtr\u00e1fico de drogas"},"content":{"rendered":"<div class=\"flex_column av_one_full  flex_column_div av-zero-column-padding first  avia-builder-el-0  el_before_av_one_full  avia-builder-el-first  \" style='border-radius:0px; '><div  class='avia-image-container  av-styling-    avia-builder-el-1  avia-builder-el-no-sibling  avia-align-center '  itemprop=\"image\" itemscope=\"itemscope\" itemtype=\"https:\/\/schema.org\/ImageObject\"  ><div class='avia-image-container-inner'><div class='avia-image-overlay-wrap'><img decoding=\"async\" class='wp-image-57518 avia-img-lazy-loading-not-57518 avia_image' src=\"https:\/\/radiorevelacionfm.cl\/wp-content\/uploads\/2025\/08\/autoridades2-1_optimized.jpg\" alt='' title='autoridades2-(1)_optimized' height=\"600\" width=\"1067\"  itemprop=\"thumbnailUrl\" srcset=\"https:\/\/radiorevelacionfm.cl\/wp-content\/uploads\/2025\/08\/autoridades2-1_optimized.jpg 1067w, https:\/\/radiorevelacionfm.cl\/wp-content\/uploads\/2025\/08\/autoridades2-1_optimized-300x169.jpg 300w, https:\/\/radiorevelacionfm.cl\/wp-content\/uploads\/2025\/08\/autoridades2-1_optimized-1030x579.jpg 1030w, https:\/\/radiorevelacionfm.cl\/wp-content\/uploads\/2025\/08\/autoridades2-1_optimized-768x432.jpg 768w, https:\/\/radiorevelacionfm.cl\/wp-content\/uploads\/2025\/08\/autoridades2-1_optimized-705x396.jpg 705w, https:\/\/radiorevelacionfm.cl\/wp-content\/uploads\/2025\/08\/autoridades2-1_optimized-450x253.jpg 450w, https:\/\/radiorevelacionfm.cl\/wp-content\/uploads\/2025\/08\/autoridades2-1_optimized-600x337.jpg 600w\" sizes=\"(max-width: 1067px) 100vw, 1067px\" \/><\/div><\/div><\/div><\/div><div class=\"flex_column av_one_full  flex_column_div av-zero-column-padding first  avia-builder-el-2  el_after_av_one_full  el_before_av_one_full  column-top-margin\" style='border-radius:0px; '><section class=\"av_textblock_section \"  itemscope=\"itemscope\" itemtype=\"https:\/\/schema.org\/BlogPosting\" itemprop=\"blogPost\" ><div class='avia_textblock  '   itemprop=\"text\" ><p style=\"text-align: center;\"><span style=\"font-size: 18pt;\"><b>Chile Chico: Investigaci\u00f3n conjunta permite detenci\u00f3n de imputado por microtr\u00e1fico de drogas<\/b><\/span><\/p>\n<div id=\"gtx-trans\" style=\"position: absolute; left: -50px; top: 4.31534px;\">\n<div class=\"gtx-trans-icon\"><\/div>\n<\/div>\n<\/div><\/section><\/div><div class=\"flex_column av_one_full  flex_column_div av-zero-column-padding first  avia-builder-el-4  el_after_av_one_full  el_before_av_hr  column-top-margin\" style='border-radius:0px; '><section class=\"av_textblock_section \"  itemscope=\"itemscope\" itemtype=\"https:\/\/schema.org\/BlogPosting\" itemprop=\"blogPost\" ><div class='avia_textblock  '   itemprop=\"text\" ><p style=\"font-weight: 400; text-align: justify;\"><em>Se fij\u00f3 un plazo de investigaci\u00f3n de 100 d\u00edas. Autoridades llamaron a utilizar el fono Denuncia Seguro: *4242<\/em><\/p>\n<p style=\"font-weight: 400; text-align: justify;\">Un imputado adulto fue detenido por Carabineros del OS-7 en Chile Chico, en el marco de una investigaci\u00f3n conjunta con la Unidad de Drogas de la Fiscal\u00eda Regional de Ays\u00e9n. As\u00ed lo dieron a conocer este jueves diversas autoridades del \u00e1mbito p\u00fablico y penal, en el exterior de la Fiscal\u00eda Regional de Ays\u00e9n.<\/p>\n<p style=\"font-weight: 400; text-align: justify;\">La Fiscal Adjunta, Mar\u00eda In\u00e9s N\u00fa\u00f1ez, explic\u00f3 que \u201cen forma permanente estamos en las diferentes localidades acogiendo denuncias y efectuando investigaciones relacionadas con tr\u00e1fico de drogas y microtr\u00e1fico\u201d.<\/p>\n<p style=\"font-weight: 400; text-align: justify;\">En el caso en particular, a\u00f1adi\u00f3, que hoy \u201cse formaliz\u00f3 a una persona por el delito de microtr\u00e1fico de peque\u00f1as cantidades. Se llev\u00f3 a cabo la audiencia recientemente, se formaliz\u00f3 por delito de tr\u00e1fico de droga en peque\u00f1as cantidades y tenencia ilegal de munici\u00f3n. En el lugar se encontr\u00f3 una balanza digital, tambi\u00e9n una bolsa dosificadora y dinero en efectivo\u201d.<\/p>\n<p style=\"font-weight: 400; text-align: justify;\">La Fiscal N\u00fa\u00f1ez agreg\u00f3 que \u201cel imputado qued\u00f3 con medidas cautelares de menor intensidad y se fij\u00f3 un plazo de investigaci\u00f3n de 100 d\u00edas\u201d.<\/p>\n<p style=\"font-weight: 400; text-align: justify;\">DILIGENCIAS<\/p>\n<p style=\"font-weight: 400; text-align: justify;\">Por su parte el Prefecto de Ays\u00e9n, Coronel Juan Abarca, agreg\u00f3 que \u201cCarabineros del OS-7, de nuestra secci\u00f3n antidrogas de Ays\u00e9n junto a la Fiscal\u00eda, iniciaron una investigaci\u00f3n\u201d, en el marco de la cual se incaut\u00f3 dinero al imputado por microtr\u00e1fico, \u201cpresumiblemente producto de la venta de droga y tambi\u00e9n una balanza digital\u201d.<\/p>\n<p style=\"font-weight: 400; text-align: justify;\">Ayer se realiz\u00f3 la detenci\u00f3n, sostuvo el Coronel Abarca, \u201cdespu\u00e9s de una investigaci\u00f3n llevada en conjunto con la Fiscal\u00eda\u201d.<\/p>\n<p style=\"font-weight: 400; text-align: justify;\">En tanto la Seremi de Seguridad P\u00fablica, Ruth Vallejos, precis\u00f3 que \u201cfuimos a la ciudad de Chile Chico el lunes y precisamente una de las peticiones m\u00e1s sentidas de todos los dirigentes que all\u00ed concurrieron a la reuni\u00f3n convocada por la Delegaci\u00f3n Presidencial, es erradicar fen\u00f3menos como este de la ciudad de Chile Chico en especial y de la Regi\u00f3n de Ays\u00e9n en general\u201d.<\/p>\n<p style=\"font-weight: 400; text-align: justify;\">Ruth Vallejos remarc\u00f3 que \u201cestamos trabajando precisamente en eso, por eso el mayor nivel de incautaci\u00f3n, por eso investigaciones del Ministerio P\u00fablico que llevan a este nivel de resultados. Y episodios como este dan la esperanza de que efectivamente la estemos combatiendo de manera exitosa\u201d.<\/p>\n<p style=\"font-weight: 400; text-align: justify;\">DENUNCIA<\/p>\n<p style=\"font-weight: 400; text-align: justify;\">Finalmente, el Delegado Presidencial Provincial de General Carrera, Crist\u00f3bal Barcel\u00f3, manifest\u00f3 que \u201cal respecto hay un trabajo interinstitucional, pero adem\u00e1s de eso, es importante recalcar ac\u00e1 que esta labor que realiza Fiscal\u00eda junto a las polic\u00edas como Polic\u00eda de Investigaciones y Carabineros de Chile, nace muchas veces y en gran parte, de la denuncia ciudadana\u201d.<\/p>\n<p style=\"font-weight: 400; text-align: justify;\">Sobre este punto, el Delegado Presidencial Regional asever\u00f3 que \u201caqu\u00ed es importante hacer el llamado a que la comunidad denuncie, a que utilice los canales formales, ya sea a trav\u00e9s de las mismas polic\u00edas, a trav\u00e9s de la Fiscal\u00eda, pero tambi\u00e9n que pueda utilizar medios en el caso de que tenga alg\u00fan temor de realizar la denuncia a trav\u00e9s, por ejemplo, del fono Denuncia Seguro que permite realizar esta denuncia, permite ingresar datos que son relevantes para estas causas y que se realizan de forma 100% an\u00f3nima\u201d. El fono Denuncia Seguro es *4242.<\/p>\n<\/div><\/section><\/div><div  style='height:50px' class='hr hr-invisible   avia-builder-el-6  el_after_av_one_full  el_before_av_social_share '><span class='hr-inner ' ><span class='hr-inner-style'><\/span><\/span><\/div><\/p>\n<div  class='av-social-sharing-box  avia-builder-el-7  el_after_av_hr  el_before_av_hr  '><div class='av-share-box'><h5 class='av-share-link-description av-no-toc '>Compartir esta noticia<\/h5><ul class='av-share-box-list noLightbox'><li class='av-share-link av-social-link-facebook' ><a target=\"_blank\" aria-label=\"Compartir en Facebook\" href='https:\/\/www.facebook.com\/sharer.php?u=https:\/\/radiorevelacionfm.cl\/?p=57517&#038;t=Chile%20Chico%3A%20Investigaci%C3%B3n%20conjunta%20permite%20detenci%C3%B3n%20de%20imputado%20por%20microtr%C3%A1fico%20de%20drogas' aria-hidden='false' data-av_icon='\ue8f3' data-av_iconfont='entypo-fontello' title='' data-avia-related-tooltip='Compartir en Facebook' rel=\"noopener\"><span class='avia_hidden_link_text'>Compartir en Facebook<\/span><\/a><\/li><li class='av-share-link av-social-link-twitter' ><a target=\"_blank\" aria-label=\"Compartir en Twitter\" href='https:\/\/twitter.com\/share?text=Chile%20Chico%3A%20Investigaci%C3%B3n%20conjunta%20permite%20detenci%C3%B3n%20de%20imputado%20por%20microtr%C3%A1fico%20de%20drogas&#038;url=https:\/\/radiorevelacionfm.cl\/?p=57517' aria-hidden='false' data-av_icon='\ue8f1' data-av_iconfont='entypo-fontello' title='' data-avia-related-tooltip='Compartir en Twitter' rel=\"noopener\"><span class='avia_hidden_link_text'>Compartir en Twitter<\/span><\/a><\/li><li class='av-share-link av-social-link-whatsapp' ><a target=\"_blank\" aria-label=\"Compartir en Whatsapp\" href='https:\/\/api.whatsapp.com\/send?text=https:\/\/radiorevelacionfm.cl\/?p=57517' aria-hidden='false' data-av_icon='\uf232' data-av_iconfont='entypo-fontello' title='' data-avia-related-tooltip='Compartir en Whatsapp' rel=\"noopener\"><span class='avia_hidden_link_text'>Compartir en Whatsapp<\/span><\/a><\/li><li class='av-share-link av-social-link-linkedin' ><a target=\"_blank\" aria-label=\"Compartir en LinkedIn\" href='https:\/\/linkedin.com\/shareArticle?mini=true&#038;title=Chile%20Chico%3A%20Investigaci%C3%B3n%20conjunta%20permite%20detenci%C3%B3n%20de%20imputado%20por%20microtr%C3%A1fico%20de%20drogas&#038;url=https:\/\/radiorevelacionfm.cl\/?p=57517' aria-hidden='false' data-av_icon='\ue8fc' data-av_iconfont='entypo-fontello' title='' data-avia-related-tooltip='Compartir en LinkedIn' rel=\"noopener\"><span class='avia_hidden_link_text'>Compartir en LinkedIn<\/span><\/a><\/li><li class='av-share-link av-social-link-mail' ><a  aria-label=\"Compartir por correo\" href='mailto:?subject=Chile%20Chico%3A%20Investigaci%C3%B3n%20conjunta%20permite%20detenci%C3%B3n%20de%20imputado%20por%20microtr%C3%A1fico%20de%20drogas&#038;body=https:\/\/radiorevelacionfm.cl\/?p=57517' aria-hidden='false' data-av_icon='\ue805' data-av_iconfont='entypo-fontello' title='' data-avia-related-tooltip='Compartir por correo'><span class='avia_hidden_link_text'>Compartir por correo<\/span><\/a><\/li><\/ul><\/div><\/div>\n<div  style='height:50px' class='hr hr-invisible   avia-builder-el-8  el_after_av_social_share  el_before_av_comments_list '><span class='hr-inner ' ><span class='hr-inner-style'><\/span><\/span><\/div>\n<div  class='av-buildercomment  av-blog-meta-html-info-disabled av-blog-meta-tag-disabled  '><\/div>\n","protected":false},"excerpt":{"rendered":"","protected":false},"author":1,"featured_media":57518,"comment_status":"closed","ping_status":"closed","sticky":false,"template":"","format":"standard","meta":{"footnotes":""},"categories":[36],"tags":[],"class_list":["post-57517","post","type-post","status-publish","format-standard","has-post-thumbnail","hentry","category-policial"],"jetpack_featured_media_url":"https:\/\/radiorevelacionfm.cl\/wp-content\/uploads\/2025\/08\/autoridades2-1_optimized.jpg","_links":{"self":[{"href":"https:\/\/radiorevelacionfm.cl\/index.php?rest_route=\/wp\/v2\/posts\/57517","targetHints":{"allow":["GET"]}}],"collection":[{"href":"https:\/\/radiorevelacionfm.cl\/index.php?rest_route=\/wp\/v2\/posts"}],"about":[{"href":"https:\/\/radiorevelacionfm.cl\/index.php?rest_route=\/wp\/v2\/types\/post"}],"author":[{"embeddable":true,"href":"https:\/\/radiorevelacionfm.cl\/index.php?rest_route=\/wp\/v2\/users\/1"}],"replies":[{"embeddable":true,"href":"https:\/\/radiorevelacionfm.cl\/index.php?rest_route=%2Fwp%2Fv2%2Fcomments&post=57517"}],"version-history":[{"count":2,"href":"https:\/\/radiorevelacionfm.cl\/index.php?rest_route=\/wp\/v2\/posts\/57517\/revisions"}],"predecessor-version":[{"id":57520,"href":"https:\/\/radiorevelacionfm.cl\/index.php?rest_route=\/wp\/v2\/posts\/57517\/revisions\/57520"}],"wp:featuredmedia":[{"embeddable":true,"href":"https:\/\/radiorevelacionfm.cl\/index.php?rest_route=\/wp\/v2\/media\/57518"}],"wp:attachment":[{"href":"https:\/\/radiorevelacionfm.cl\/index.php?rest_route=%2Fwp%2Fv2%2Fmedia&parent=57517"}],"wp:term":[{"taxonomy":"category","embeddable":true,"href":"https:\/\/radiorevelacionfm.cl\/index.php?rest_route=%2Fwp%2Fv2%2Fcategories&post=57517"},{"taxonomy":"post_tag","embeddable":true,"href":"https:\/\/radiorevelacionfm.cl\/index.php?rest_route=%2Fwp%2Fv2%2Ftags&post=57517"}],"curies":[{"name":"wp","href":"https:\/\/api.w.org\/{rel}","templated":true}]}}