{"id":57509,"date":"2025-08-08T12:21:29","date_gmt":"2025-08-08T15:21:29","guid":{"rendered":"https:\/\/radiorevelacionfm.cl\/?p=57509"},"modified":"2025-08-08T12:21:29","modified_gmt":"2025-08-08T15:21:29","slug":"sence-certifica-el-perfil-de-instaladora-y-mantenedora-de-artefactos-de-calefaccion-a-pellet","status":"publish","type":"post","link":"https:\/\/radiorevelacionfm.cl\/?p=57509","title":{"rendered":"Sence certifica el perfil de Instalador(a) y Mantenedor(a) de Artefactos de Calefacci\u00f3n a Pellet"},"content":{"rendered":"<div class=\"flex_column av_one_full  flex_column_div av-zero-column-padding first  avia-builder-el-0  el_before_av_one_full  avia-builder-el-first  \" style='border-radius:0px; '><div  class='avia-image-container  av-styling-    avia-builder-el-1  avia-builder-el-no-sibling  avia-align-center '  itemprop=\"image\" itemscope=\"itemscope\" itemtype=\"https:\/\/schema.org\/ImageObject\"  ><div class='avia-image-container-inner'><div class='avia-image-overlay-wrap'><img decoding=\"async\" class='wp-image-57510 avia-img-lazy-loading-not-57510 avia_image' src=\"https:\/\/radiorevelacionfm.cl\/wp-content\/uploads\/2025\/08\/pellet2-3-1-1.jpg\" alt='' title='pellet2 (3) (1) (1)' height=\"600\" width=\"1032\"  itemprop=\"thumbnailUrl\" srcset=\"https:\/\/radiorevelacionfm.cl\/wp-content\/uploads\/2025\/08\/pellet2-3-1-1.jpg 1032w, https:\/\/radiorevelacionfm.cl\/wp-content\/uploads\/2025\/08\/pellet2-3-1-1-300x174.jpg 300w, https:\/\/radiorevelacionfm.cl\/wp-content\/uploads\/2025\/08\/pellet2-3-1-1-1030x599.jpg 1030w, https:\/\/radiorevelacionfm.cl\/wp-content\/uploads\/2025\/08\/pellet2-3-1-1-768x447.jpg 768w, https:\/\/radiorevelacionfm.cl\/wp-content\/uploads\/2025\/08\/pellet2-3-1-1-705x410.jpg 705w, https:\/\/radiorevelacionfm.cl\/wp-content\/uploads\/2025\/08\/pellet2-3-1-1-450x262.jpg 450w, https:\/\/radiorevelacionfm.cl\/wp-content\/uploads\/2025\/08\/pellet2-3-1-1-600x349.jpg 600w\" sizes=\"(max-width: 1032px) 100vw, 1032px\" \/><\/div><\/div><\/div><\/div><div class=\"flex_column av_one_full  flex_column_div av-zero-column-padding first  avia-builder-el-2  el_after_av_one_full  el_before_av_one_full  column-top-margin\" style='border-radius:0px; '><section class=\"av_textblock_section \"  itemscope=\"itemscope\" itemtype=\"https:\/\/schema.org\/BlogPosting\" itemprop=\"blogPost\" ><div class='avia_textblock  '   itemprop=\"text\" ><p style=\"text-align: center;\"><span style=\"font-size: 18pt;\"><b>Sence certifica el perfil de Instalador(a) y Mantenedor(a) de Artefactos de Calefacci\u00f3n a Pellet<\/b><\/span><\/p>\n<div id=\"gtx-trans\" style=\"position: absolute; left: -50px; top: 4.31534px;\">\n<div class=\"gtx-trans-icon\"><\/div>\n<\/div>\n<\/div><\/section><\/div><div class=\"flex_column av_one_full  flex_column_div av-zero-column-padding first  avia-builder-el-4  el_after_av_one_full  el_before_av_hr  column-top-margin\" style='border-radius:0px; '><section class=\"av_textblock_section \"  itemscope=\"itemscope\" itemtype=\"https:\/\/schema.org\/BlogPosting\" itemprop=\"blogPost\" ><div class='avia_textblock  '   itemprop=\"text\" ><p style=\"font-weight: 400; text-align: justify;\"><em>Acci\u00f3n lograda gracias al programa Certificaci\u00f3n de Competencias Laborales liderado por el SENCE.<\/em><\/p>\n<p style=\"font-weight: 400; text-align: justify;\">El programa de Certificaci\u00f3n de Competencias Laborales, a diferencia de los cursos de capacitaci\u00f3n que forman en un oficio determinado, busca certificar el oficio o funci\u00f3n ya empleada por quienes las realizan, realizando una serie de pruebas que buscan certificar su trabajo, por lo anterior se logr\u00f3 certificar el perfil ocupacional de Instalador(a) \/ Mantenedor(a) de Artefactos de Calefacci\u00f3n a Pellet, gracias a recursos del Servicio Nacional de Capacitaci\u00f3n y Empleo (SENCE). Este perfil, vigente desde noviembre de 2023 y registrado en ChileValora, responde a la creciente necesidad de profesionales calificados para la instalaci\u00f3n y mantenci\u00f3n de artefactos que utilizan biocombustibles s\u00f3lidos como fuente de energ\u00eda.<\/p>\n<p style=\"font-weight: 400; text-align: justify;\">Este hito marca la primera vez en el pa\u00eds que un perfil de este tipo es reconocido y financiado por SENCE, lo que no solo abre nuevas oportunidades laborales, sino que tambi\u00e9n contribuye de manera significativa a los esfuerzos por promover sistemas de calefacci\u00f3n m\u00e1s eficientes, sustentables y alineados con las exigencias normativas medioambientales vigentes.<\/p>\n<p style=\"font-weight: 400; text-align: justify;\">\u201cEl reconocimiento de este perfil es un paso estrat\u00e9gico hacia una matriz energ\u00e9tica m\u00e1s limpia, y posiciona a la regi\u00f3n como pionera en la formaci\u00f3n de t\u00e9cnicos especializados en calefacci\u00f3n a pellet, sobre todo en nuestra regi\u00f3n, que es sabido que presenta \u00edndices de contaminaci\u00f3n alt\u00edsimos a nivel nacional en la \u00e9poca invernal producto del uso de le\u00f1a, por lo anterior como servicio, estamos generando nuevos oficios en mira al cambio de calefacci\u00f3n que busca justamente, un sistema m\u00e1s eficiente y m\u00e1s amigable con el medio ambiente\u201d, destac\u00f3 el Director regional del Sence.<\/p>\n<p style=\"font-weight: 400; text-align: justify;\">La certificaci\u00f3n incluye competencias t\u00e9cnicas como la instalaci\u00f3n y mantenimiento de estufas y calefactores a pellet, bajo estrictos est\u00e1ndares de seguridad, eficiencia y normativas medioambientales. Adem\u00e1s, se valora el desarrollo de habilidades transversales como el trabajo en equipo, el autocuidado y la resoluci\u00f3n de problemas.<\/p>\n<p style=\"font-weight: 400; text-align: justify;\">Esta iniciativa no solo fortalece la empleabilidad local, sino que tambi\u00e9n aporta directamente a la descentralizaci\u00f3n de las pol\u00edticas de capacitaci\u00f3n y desarrollo productivo, alineadas con la transici\u00f3n energ\u00e9tica que impulsa el pa\u00eds.<\/p>\n<p style=\"font-weight: 400; text-align: justify;\">Finalmente, se\u00f1alar que actualmente en la regi\u00f3n contamos con las inscripciones abiertas para los perfiles de Maestro\/a de Obra Gruesa y Cuidador\/a Primario, quienes tengan un manejo y conocimiento en estos oficios y deseen obtener su certificaci\u00f3n, pueden postular a trav\u00e9s de nuestra p\u00e1gina en el siguiente link <a href=\"https:\/\/eligetucurso.sence.cl\/?certification=true\" data-saferedirecturl=\"https:\/\/www.google.com\/url?q=https:\/\/eligetucurso.sence.cl\/?certification%3Dtrue&amp;source=gmail&amp;ust=1754687465881000&amp;usg=AOvVaw1d9pxeoKfg80qqGxRgEcmi\">https:\/\/eligetucurso.sence.cl\/?certification=true<\/a>\u00a0seleccionando la regi\u00f3n de Ays\u00e9n y finalmente el perfil que busquen o pueden acercarse a nuestras oficinas en Coyhaique y Puerto Ays\u00e9n.<\/p>\n<\/div><\/section><\/div><div  style='height:50px' class='hr hr-invisible   avia-builder-el-6  el_after_av_one_full  el_before_av_social_share '><span class='hr-inner ' ><span class='hr-inner-style'><\/span><\/span><\/div><\/p>\n<div  class='av-social-sharing-box  avia-builder-el-7  el_after_av_hr  el_before_av_hr  '><div class='av-share-box'><h5 class='av-share-link-description av-no-toc '>Compartir esta noticia<\/h5><ul class='av-share-box-list noLightbox'><li class='av-share-link av-social-link-facebook' ><a target=\"_blank\" aria-label=\"Compartir en Facebook\" href='https:\/\/www.facebook.com\/sharer.php?u=https:\/\/radiorevelacionfm.cl\/?p=57509&#038;t=Sence%20certifica%20el%20perfil%20de%20Instalador%28a%29%20y%20Mantenedor%28a%29%20de%20Artefactos%20de%20Calefacci%C3%B3n%20a%20Pellet' aria-hidden='false' data-av_icon='\ue8f3' data-av_iconfont='entypo-fontello' title='' data-avia-related-tooltip='Compartir en Facebook' rel=\"noopener\"><span class='avia_hidden_link_text'>Compartir en Facebook<\/span><\/a><\/li><li class='av-share-link av-social-link-twitter' ><a target=\"_blank\" aria-label=\"Compartir en Twitter\" href='https:\/\/twitter.com\/share?text=Sence%20certifica%20el%20perfil%20de%20Instalador%28a%29%20y%20Mantenedor%28a%29%20de%20Artefactos%20de%20Calefacci%C3%B3n%20a%20Pellet&#038;url=https:\/\/radiorevelacionfm.cl\/?p=57509' aria-hidden='false' data-av_icon='\ue8f1' data-av_iconfont='entypo-fontello' title='' data-avia-related-tooltip='Compartir en Twitter' rel=\"noopener\"><span class='avia_hidden_link_text'>Compartir en Twitter<\/span><\/a><\/li><li class='av-share-link av-social-link-whatsapp' ><a target=\"_blank\" aria-label=\"Compartir en Whatsapp\" href='https:\/\/api.whatsapp.com\/send?text=https:\/\/radiorevelacionfm.cl\/?p=57509' aria-hidden='false' data-av_icon='\uf232' data-av_iconfont='entypo-fontello' title='' data-avia-related-tooltip='Compartir en Whatsapp' rel=\"noopener\"><span class='avia_hidden_link_text'>Compartir en Whatsapp<\/span><\/a><\/li><li class='av-share-link av-social-link-linkedin' ><a target=\"_blank\" aria-label=\"Compartir en LinkedIn\" href='https:\/\/linkedin.com\/shareArticle?mini=true&#038;title=Sence%20certifica%20el%20perfil%20de%20Instalador%28a%29%20y%20Mantenedor%28a%29%20de%20Artefactos%20de%20Calefacci%C3%B3n%20a%20Pellet&#038;url=https:\/\/radiorevelacionfm.cl\/?p=57509' aria-hidden='false' data-av_icon='\ue8fc' data-av_iconfont='entypo-fontello' title='' data-avia-related-tooltip='Compartir en LinkedIn' rel=\"noopener\"><span class='avia_hidden_link_text'>Compartir en LinkedIn<\/span><\/a><\/li><li class='av-share-link av-social-link-mail' ><a  aria-label=\"Compartir por correo\" href='mailto:?subject=Sence%20certifica%20el%20perfil%20de%20Instalador%28a%29%20y%20Mantenedor%28a%29%20de%20Artefactos%20de%20Calefacci%C3%B3n%20a%20Pellet&#038;body=https:\/\/radiorevelacionfm.cl\/?p=57509' aria-hidden='false' data-av_icon='\ue805' data-av_iconfont='entypo-fontello' title='' data-avia-related-tooltip='Compartir por correo'><span class='avia_hidden_link_text'>Compartir por correo<\/span><\/a><\/li><\/ul><\/div><\/div>\n<div  style='height:50px' class='hr hr-invisible   avia-builder-el-8  el_after_av_social_share  el_before_av_comments_list '><span class='hr-inner ' ><span class='hr-inner-style'><\/span><\/span><\/div>\n<div  class='av-buildercomment  av-blog-meta-html-info-disabled av-blog-meta-tag-disabled  '><\/div>\n","protected":false},"excerpt":{"rendered":"","protected":false},"author":1,"featured_media":57510,"comment_status":"closed","ping_status":"closed","sticky":false,"template":"","format":"standard","meta":{"footnotes":""},"categories":[56],"tags":[],"class_list":["post-57509","post","type-post","status-publish","format-standard","has-post-thumbnail","hentry","category-trabajo"],"jetpack_featured_media_url":"https:\/\/radiorevelacionfm.cl\/wp-content\/uploads\/2025\/08\/pellet2-3-1-1.jpg","_links":{"self":[{"href":"https:\/\/radiorevelacionfm.cl\/index.php?rest_route=\/wp\/v2\/posts\/57509","targetHints":{"allow":["GET"]}}],"collection":[{"href":"https:\/\/radiorevelacionfm.cl\/index.php?rest_route=\/wp\/v2\/posts"}],"about":[{"href":"https:\/\/radiorevelacionfm.cl\/index.php?rest_route=\/wp\/v2\/types\/post"}],"author":[{"embeddable":true,"href":"https:\/\/radiorevelacionfm.cl\/index.php?rest_route=\/wp\/v2\/users\/1"}],"replies":[{"embeddable":true,"href":"https:\/\/radiorevelacionfm.cl\/index.php?rest_route=%2Fwp%2Fv2%2Fcomments&post=57509"}],"version-history":[{"count":2,"href":"https:\/\/radiorevelacionfm.cl\/index.php?rest_route=\/wp\/v2\/posts\/57509\/revisions"}],"predecessor-version":[{"id":57539,"href":"https:\/\/radiorevelacionfm.cl\/index.php?rest_route=\/wp\/v2\/posts\/57509\/revisions\/57539"}],"wp:featuredmedia":[{"embeddable":true,"href":"https:\/\/radiorevelacionfm.cl\/index.php?rest_route=\/wp\/v2\/media\/57510"}],"wp:attachment":[{"href":"https:\/\/radiorevelacionfm.cl\/index.php?rest_route=%2Fwp%2Fv2%2Fmedia&parent=57509"}],"wp:term":[{"taxonomy":"category","embeddable":true,"href":"https:\/\/radiorevelacionfm.cl\/index.php?rest_route=%2Fwp%2Fv2%2Fcategories&post=57509"},{"taxonomy":"post_tag","embeddable":true,"href":"https:\/\/radiorevelacionfm.cl\/index.php?rest_route=%2Fwp%2Fv2%2Ftags&post=57509"}],"curies":[{"name":"wp","href":"https:\/\/api.w.org\/{rel}","templated":true}]}}