{"id":57505,"date":"2025-08-07T18:00:21","date_gmt":"2025-08-07T21:00:21","guid":{"rendered":"https:\/\/radiorevelacionfm.cl\/?p=57505"},"modified":"2025-08-07T18:00:21","modified_gmt":"2025-08-07T21:00:21","slug":"en-guaitecas-autoridades-entregaron-excepcionales-titulos-gratuitos-a-vecinos-historicos-de-repollal","status":"publish","type":"post","link":"https:\/\/radiorevelacionfm.cl\/?p=57505","title":{"rendered":"En Guaitecas: Autoridades entregaron excepcionales t\u00edtulos gratuitos a vecinos hist\u00f3ricos de Repollal"},"content":{"rendered":"<div class=\"flex_column av_one_full  flex_column_div av-zero-column-padding first  avia-builder-el-0  el_before_av_one_full  avia-builder-el-first  \" style='border-radius:0px; '><div  class='avia-image-container  av-styling-    avia-builder-el-1  avia-builder-el-no-sibling  avia-align-center '  itemprop=\"image\" itemscope=\"itemscope\" itemtype=\"https:\/\/schema.org\/ImageObject\"  ><div class='avia-image-container-inner'><div class='avia-image-overlay-wrap'><img decoding=\"async\" class='wp-image-57506 avia-img-lazy-loading-not-57506 avia_image' src=\"https:\/\/radiorevelacionfm.cl\/wp-content\/uploads\/2025\/08\/foto-grupal-5-1-1.jpeg\" alt='' title='foto grupal (5) (1) (1)' height=\"600\" width=\"800\"  itemprop=\"thumbnailUrl\" srcset=\"https:\/\/radiorevelacionfm.cl\/wp-content\/uploads\/2025\/08\/foto-grupal-5-1-1.jpeg 800w, https:\/\/radiorevelacionfm.cl\/wp-content\/uploads\/2025\/08\/foto-grupal-5-1-1-300x225.jpeg 300w, https:\/\/radiorevelacionfm.cl\/wp-content\/uploads\/2025\/08\/foto-grupal-5-1-1-768x576.jpeg 768w, https:\/\/radiorevelacionfm.cl\/wp-content\/uploads\/2025\/08\/foto-grupal-5-1-1-705x529.jpeg 705w, https:\/\/radiorevelacionfm.cl\/wp-content\/uploads\/2025\/08\/foto-grupal-5-1-1-450x338.jpeg 450w, https:\/\/radiorevelacionfm.cl\/wp-content\/uploads\/2025\/08\/foto-grupal-5-1-1-600x450.jpeg 600w\" sizes=\"(max-width: 800px) 100vw, 800px\" \/><\/div><\/div><\/div><\/div><div class=\"flex_column av_one_full  flex_column_div av-zero-column-padding first  avia-builder-el-2  el_after_av_one_full  el_before_av_one_full  column-top-margin\" style='border-radius:0px; '><section class=\"av_textblock_section \"  itemscope=\"itemscope\" itemtype=\"https:\/\/schema.org\/BlogPosting\" itemprop=\"blogPost\" ><div class='avia_textblock  '   itemprop=\"text\" ><p style=\"text-align: center;\"><strong><span style=\"font-size: 18pt;\">En Guaitecas: Autoridades entregaron excepcionales t\u00edtulos gratuitos a vecinos hist\u00f3ricos de Repollal<\/span><\/strong><\/p>\n<div id=\"gtx-trans\" style=\"position: absolute; left: -50px; top: 4.31534px;\">\n<div class=\"gtx-trans-icon\"><\/div>\n<\/div>\n<\/div><\/section><\/div><div class=\"flex_column av_one_full  flex_column_div av-zero-column-padding first  avia-builder-el-4  el_after_av_one_full  el_before_av_hr  column-top-margin\" style='border-radius:0px; '><section class=\"av_textblock_section \"  itemscope=\"itemscope\" itemtype=\"https:\/\/schema.org\/BlogPosting\" itemprop=\"blogPost\" ><div class='avia_textblock  '   itemprop=\"text\" ><p style=\"text-align: justify;\"><em>En\u00e9rico Vera, Gumercindo Vera, Mar\u00eda Vera y Ana P\u00e9rez, recibieron con emoci\u00f3n sus t\u00edtulos de dominio de inmuebles fiscales de manos de la Seremi Irina Morend y el Delegado Presidencial Provincial de Ays\u00e9n, Rodrigo Moreno.<\/em><\/p>\n<p style=\"text-align: justify;\">Por m\u00e1s de 65 a\u00f1os, los vecinos En\u00e9rico Vera, Gumercindo Vera, Mar\u00eda Vera y Ana Judith P\u00e9rez, han residido en terrenos fiscales de la remota localidad de Repollal Alto, en la comuna de Guaitecas. Precisamente, su arraido e historia en el territorio fueron los principales criterios que ponder\u00f3 la Seremi de Bienes Nacionales de Ays\u00e9n, para concretar la excepci\u00f3n de otorgar t\u00edtulos gratuitos de terrenos fiscales en dicha zona rural del litoral aysenino.<\/p>\n<p style=\"text-align: justify;\">Es as\u00ed que, acompa\u00f1ada por el Delegado Presidencial Provincial de Ays\u00e9n, Rodrigo Moreno, la Seremi Irina Morend, se traslad\u00f3 a la remota localidad, para, carpetas en mano, entregar la buena noticia que los vecinos -todos adultos mayores-, han esperado por d\u00e9cadas. \u201cSon personas que llevan ac\u00e1 toda una vida y, como una situaci\u00f3n exclusiva les otorgamos el t\u00edtulo de dominio a cada uno. Esto tiene que ver con su historia, su arraigo, tambi\u00e9n con a\u00f1os de estar en este territorio, lo que nos permite en nuestra normativa, en estos casos excepcionales, poder otorgar estos t\u00edtulos gratuitos. Ellos est\u00e1n muy contentos, porque les estamos dando certeza para que no sientan que todav\u00eda est\u00e1n en transici\u00f3n, y adem\u00e1s, ha sido una espera larga para ellos y nosotros logramos concretarla, por eso, la emoci\u00f3n nos inunda a todos sobre la experiencia de ellos, la que compartimos completamente\u201d, resalt\u00f3 Irina Morend Valdebenito, luego de entregar los t\u00edtulos gratuitos.<\/p>\n<p style=\"text-align: justify;\">Para los nuevos propietarios, este es un gran anhelo que se hizo realidad, lo que significa \u201cuna tremenda emoci\u00f3n\u201d, seg\u00fan se\u00f1al\u00f3 Gumercindo Vera. \u201cNunca lo esper\u00e1bamos, tramitando a\u00f1os y a\u00f1os, pasaban Gobiernos y Gobiernos y nunca nos tomaban en cuenta a nosotros y gracias a este Gobierno lo logramos, ya lo tenemos en la mano. Toda ua historia, toda una vida, mis mayores ya se fueron y nosotros, por lo menos tenemos la esperanza de tener un t\u00edtulo\u2026esto es un sue\u00f1o, una realidad\u201d, afirm\u00f3 don Gumercindo, quien tambi\u00e9n se emocion\u00f3 por su hermano En\u00e9rico, quien se encuentra hospitalizado en la regi\u00f3n de Los Lagos. \u201cEsto es algo hermoso, \u00e9l no est\u00e1 porque est\u00e1 enfermo por problemas en el coraz\u00f3n pero le voy a dar la noticia luego, que le tenemos su t\u00edtulo ac\u00e1 en Repollal\u201d, afirm\u00f3.<\/p>\n<p style=\"text-align: justify;\">La se\u00f1ora Ana Judith P\u00e9rez, tambi\u00e9n se mostr\u00f3 feliz por haberse convertido en propietaria del terreno donde habita. \u201cEstoy feliz con mi t\u00edtulo, tantos a\u00f1os esperando y lleg\u00f3 el d\u00eda. As\u00ed que, feliz. Yo soy nacida y criada ac\u00e1 en Repollal, tengo 68 a\u00f1os y a esa edad obtuve mi t\u00edtulo, esto es muy bueno y estoy contenta\u201d, manifest\u00f3.<\/p>\n<p style=\"text-align: justify;\">Las historias de esfuerzo de estos vecinos de Repollal, han rendido frutos, ya que hoy, al tener la propiedad legal de sus inmuebles, tienen plena certeza jur\u00eddica y territorial sobre el espacio que han habitado por d\u00e9cadas como descendientes de los primeros pobladores de la gran isla Ascenci\u00f3n}; y sobre la gesti\u00f3n de la Seremi de Bienes Nacionales, el alcalde de Guaitecas, Bans Puinao, agradeci\u00f3 el trabajo de la cartera regional en la isla, para \u201cpoder apresurar los procesos y de esta forma, nuestros vecinos puedan contar con un t\u00edtulo de dominio que, de paso, les va a generar un beneficio mayor, donde podr\u00e1n tener beneficios como ir mejorando sus casas, expandirse. Por lo mismo, estamos agradecidos de la Sremi de Bienes Nacionales, por lograr que estos vecinos tengan sus t\u00edtulos de dominio\u201d, afirm\u00f3 el lider comunal.<\/p>\n<p style=\"text-align: justify;\">Por su parte, el delegado presidencial provincial de Ays\u00e9n, Rodrigo Moreno, relev\u00f3 que \u201ccomo Gobierno del Presidente Gabriel Boric, estamos dando cumplimiento a gente con un arraigo hist\u00f3rico en Repollal Alto. Gente que tiene historia en estas tierras, no con la mejor situaci\u00f3n econ\u00f3mica, y que, hoy podemos otorgarles estos t\u00edtulos para que puedan tener beneficios con el Ministerio de Vivienda, por ejemplo, y as\u00ed, poder seguir mejorando su calidad de vida\u201d, se\u00f1al\u00f3 la primera autoridad de la provincia.<\/p>\n<p style=\"text-align: justify;\">Finalmente, la Seremi Morend remarc\u00f3 que la enajenaci\u00f3n de la propiedad fiscal a trav\u00e9s de los t\u00edtulos gratuitos es una medida que, a nivel pa\u00eds, se ha transformado en una herramienta excepcional, ya que tiene criterios puntuales como la consolidaci\u00f3n de dominio, antecedentes socioecon\u00f3micos, as\u00ed tambi\u00e9n, diferentes obligaciones que son analizadas durante todo el proceso inicial de Permiso de Radicaci\u00f3n, hasta el tr\u00e1mite final que significa la obtenci\u00f3n del t\u00edtulo de dominio.<\/p>\n<\/div><\/section><\/div><div  style='height:50px' class='hr hr-invisible   avia-builder-el-6  el_after_av_one_full  el_before_av_social_share '><span class='hr-inner ' ><span class='hr-inner-style'><\/span><\/span><\/div><\/p>\n<div  class='av-social-sharing-box  avia-builder-el-7  el_after_av_hr  el_before_av_hr  '><div class='av-share-box'><h5 class='av-share-link-description av-no-toc '>Compartir esta noticia<\/h5><ul class='av-share-box-list noLightbox'><li class='av-share-link av-social-link-facebook' ><a target=\"_blank\" aria-label=\"Compartir en Facebook\" href='https:\/\/www.facebook.com\/sharer.php?u=https:\/\/radiorevelacionfm.cl\/?p=57505&#038;t=En%20Guaitecas%3A%20Autoridades%20entregaron%20excepcionales%20t%C3%ADtulos%20gratuitos%20a%20vecinos%20hist%C3%B3ricos%20de%20Repollal' aria-hidden='false' data-av_icon='\ue8f3' data-av_iconfont='entypo-fontello' title='' data-avia-related-tooltip='Compartir en Facebook' rel=\"noopener\"><span class='avia_hidden_link_text'>Compartir en Facebook<\/span><\/a><\/li><li class='av-share-link av-social-link-twitter' ><a target=\"_blank\" aria-label=\"Compartir en Twitter\" href='https:\/\/twitter.com\/share?text=En%20Guaitecas%3A%20Autoridades%20entregaron%20excepcionales%20t%C3%ADtulos%20gratuitos%20a%20vecinos%20hist%C3%B3ricos%20de%20Repollal&#038;url=https:\/\/radiorevelacionfm.cl\/?p=57505' aria-hidden='false' data-av_icon='\ue8f1' data-av_iconfont='entypo-fontello' title='' data-avia-related-tooltip='Compartir en Twitter' rel=\"noopener\"><span class='avia_hidden_link_text'>Compartir en Twitter<\/span><\/a><\/li><li class='av-share-link av-social-link-whatsapp' ><a target=\"_blank\" aria-label=\"Compartir en Whatsapp\" href='https:\/\/api.whatsapp.com\/send?text=https:\/\/radiorevelacionfm.cl\/?p=57505' aria-hidden='false' data-av_icon='\uf232' data-av_iconfont='entypo-fontello' title='' data-avia-related-tooltip='Compartir en Whatsapp' rel=\"noopener\"><span class='avia_hidden_link_text'>Compartir en Whatsapp<\/span><\/a><\/li><li class='av-share-link av-social-link-linkedin' ><a target=\"_blank\" aria-label=\"Compartir en LinkedIn\" href='https:\/\/linkedin.com\/shareArticle?mini=true&#038;title=En%20Guaitecas%3A%20Autoridades%20entregaron%20excepcionales%20t%C3%ADtulos%20gratuitos%20a%20vecinos%20hist%C3%B3ricos%20de%20Repollal&#038;url=https:\/\/radiorevelacionfm.cl\/?p=57505' aria-hidden='false' data-av_icon='\ue8fc' data-av_iconfont='entypo-fontello' title='' data-avia-related-tooltip='Compartir en LinkedIn' rel=\"noopener\"><span class='avia_hidden_link_text'>Compartir en LinkedIn<\/span><\/a><\/li><li class='av-share-link av-social-link-mail' ><a  aria-label=\"Compartir por correo\" href='mailto:?subject=En%20Guaitecas%3A%20Autoridades%20entregaron%20excepcionales%20t%C3%ADtulos%20gratuitos%20a%20vecinos%20hist%C3%B3ricos%20de%20Repollal&#038;body=https:\/\/radiorevelacionfm.cl\/?p=57505' aria-hidden='false' data-av_icon='\ue805' data-av_iconfont='entypo-fontello' title='' data-avia-related-tooltip='Compartir por correo'><span class='avia_hidden_link_text'>Compartir por correo<\/span><\/a><\/li><\/ul><\/div><\/div>\n<div  style='height:50px' class='hr hr-invisible   avia-builder-el-8  el_after_av_social_share  el_before_av_comments_list '><span class='hr-inner ' ><span class='hr-inner-style'><\/span><\/span><\/div>\n<div  class='av-buildercomment  av-blog-meta-html-info-disabled av-blog-meta-tag-disabled  '><\/div>\n","protected":false},"excerpt":{"rendered":"","protected":false},"author":1,"featured_media":57506,"comment_status":"closed","ping_status":"closed","sticky":false,"template":"","format":"standard","meta":{"footnotes":""},"categories":[38],"tags":[],"class_list":["post-57505","post","type-post","status-publish","format-standard","has-post-thumbnail","hentry","category-regional"],"jetpack_featured_media_url":"https:\/\/radiorevelacionfm.cl\/wp-content\/uploads\/2025\/08\/foto-grupal-5-1-1.jpeg","_links":{"self":[{"href":"https:\/\/radiorevelacionfm.cl\/index.php?rest_route=\/wp\/v2\/posts\/57505","targetHints":{"allow":["GET"]}}],"collection":[{"href":"https:\/\/radiorevelacionfm.cl\/index.php?rest_route=\/wp\/v2\/posts"}],"about":[{"href":"https:\/\/radiorevelacionfm.cl\/index.php?rest_route=\/wp\/v2\/types\/post"}],"author":[{"embeddable":true,"href":"https:\/\/radiorevelacionfm.cl\/index.php?rest_route=\/wp\/v2\/users\/1"}],"replies":[{"embeddable":true,"href":"https:\/\/radiorevelacionfm.cl\/index.php?rest_route=%2Fwp%2Fv2%2Fcomments&post=57505"}],"version-history":[{"count":2,"href":"https:\/\/radiorevelacionfm.cl\/index.php?rest_route=\/wp\/v2\/posts\/57505\/revisions"}],"predecessor-version":[{"id":57508,"href":"https:\/\/radiorevelacionfm.cl\/index.php?rest_route=\/wp\/v2\/posts\/57505\/revisions\/57508"}],"wp:featuredmedia":[{"embeddable":true,"href":"https:\/\/radiorevelacionfm.cl\/index.php?rest_route=\/wp\/v2\/media\/57506"}],"wp:attachment":[{"href":"https:\/\/radiorevelacionfm.cl\/index.php?rest_route=%2Fwp%2Fv2%2Fmedia&parent=57505"}],"wp:term":[{"taxonomy":"category","embeddable":true,"href":"https:\/\/radiorevelacionfm.cl\/index.php?rest_route=%2Fwp%2Fv2%2Fcategories&post=57505"},{"taxonomy":"post_tag","embeddable":true,"href":"https:\/\/radiorevelacionfm.cl\/index.php?rest_route=%2Fwp%2Fv2%2Ftags&post=57505"}],"curies":[{"name":"wp","href":"https:\/\/api.w.org\/{rel}","templated":true}]}}