{"id":5750,"date":"2021-06-30T10:10:57","date_gmt":"2021-06-30T13:10:57","guid":{"rendered":"https:\/\/radiorevelacionfm.cl\/?p=5750"},"modified":"2021-06-30T11:47:45","modified_gmt":"2021-06-30T14:47:45","slug":"licitan-diseno-para-construir-nuevo-cuartel-de-la-primera-compania-de-bomberos-de-coyhaique","status":"publish","type":"post","link":"https:\/\/radiorevelacionfm.cl\/?p=5750","title":{"rendered":"Licitan dise\u00f1o para construir nuevo cuartel de la primera compa\u00f1\u00eda de Bomberos de Coyhaique"},"content":{"rendered":"<div class=\"flex_column av_one_full  flex_column_div av-zero-column-padding first  avia-builder-el-0  el_before_av_one_full  avia-builder-el-first  \" style='border-radius:0px; '><div  class='avia-image-container  av-styling-    avia-builder-el-1  avia-builder-el-no-sibling  avia-align-center '  itemprop=\"image\" itemscope=\"itemscope\" itemtype=\"https:\/\/schema.org\/ImageObject\"  ><div class='avia-image-container-inner'><div class='avia-image-overlay-wrap'><img decoding=\"async\" class='wp-image-5751 avia-img-lazy-loading-not-5751 avia_image' src=\"https:\/\/radiorevelacionfm.cl\/wp-content\/uploads\/2021\/06\/BOMBEROS-1-1-1.jpg\" alt='' title='BOMBEROS-1 (1) (1)' height=\"600\" width=\"672\"  itemprop=\"thumbnailUrl\" srcset=\"https:\/\/radiorevelacionfm.cl\/wp-content\/uploads\/2021\/06\/BOMBEROS-1-1-1.jpg 672w, https:\/\/radiorevelacionfm.cl\/wp-content\/uploads\/2021\/06\/BOMBEROS-1-1-1-300x268.jpg 300w, https:\/\/radiorevelacionfm.cl\/wp-content\/uploads\/2021\/06\/BOMBEROS-1-1-1-600x536.jpg 600w\" sizes=\"(max-width: 672px) 100vw, 672px\" \/><\/div><\/div><\/div><\/div><div class=\"flex_column av_one_full  flex_column_div av-zero-column-padding first  avia-builder-el-2  el_after_av_one_full  el_before_av_one_full  column-top-margin\" style='border-radius:0px; '><section class=\"av_textblock_section \"  itemscope=\"itemscope\" itemtype=\"https:\/\/schema.org\/BlogPosting\" itemprop=\"blogPost\" ><div class='avia_textblock  '   itemprop=\"text\" ><p style=\"text-align: center;\"><strong><span style=\"font-size: 18pt;\">Licitan dise\u00f1o para construir nuevo cuartel de la primera compa\u00f1\u00eda de Bomberos de Coyhaique<\/span><\/strong><\/p>\n<div id=\"gtx-trans\" style=\"position: absolute; left: -50px; top: 4.31534px;\">\n<div class=\"gtx-trans-icon\"><\/div>\n<\/div>\n<\/div><\/section><\/div><div class=\"flex_column av_one_full  flex_column_div av-zero-column-padding first  avia-builder-el-4  el_after_av_one_full  el_before_av_hr  column-top-margin\" style='border-radius:0px; '><section class=\"av_textblock_section \"  itemscope=\"itemscope\" itemtype=\"https:\/\/schema.org\/BlogPosting\" itemprop=\"blogPost\" ><div class='avia_textblock  '   itemprop=\"text\" ><p style=\"text-align: justify;\">El Dise\u00f1o para construir un nuevo Cuartel para la Primera Compa\u00f1\u00eda de Bomberos de Coyhaique, anunci\u00f3 hoy el Secretario Regional Ministerial de Obras P\u00fablicas, N\u00e9stor Mera Mu\u00f1oz, en el marco de la celebraci\u00f3n este 30 de junio del D\u00eda Nacional del Bombero.<\/p>\n<p style=\"text-align: justify;\">El Seremi del MOP destac\u00f3 \u201cla importante labor que todos los integrantes del Cuerpo de Bomberos realiza desinteresadamente y en beneficio de toda la comunidad, as\u00ed que hoy junto con saludar a todos los Bomberos de la regi\u00f3n de Ays\u00e9n en su D\u00eda, y resaltar su importancia en las emergencias que surgen en la regi\u00f3n, el esfuerzo, trabajo, pasi\u00f3n y disciplina que ellos tienen al realizar su labor, tambi\u00e9n hoy queremos anunciar que hemos publicado una licitaci\u00f3n para generar el <strong>Dise\u00f1o<\/strong> que permitir\u00e1 en el futuro materializar la completa reposici\u00f3n del Cuartel de la Primera Compa\u00f1\u00eda de Bomberos de Coyhaique. De esta forma, y de acuerdo a lo programado, las aperturas de las ofertas t\u00e9cnicas y econ\u00f3micas las podremos efectuar el 25 de agosto y el 08 de septiembre respectivamente; el presupuesto estimado es de $85.100 millones y el Dise\u00f1o considera abordar una superficie total a construir de 900 mt2, cumpliendo la funcionalidad propia de un Cuartel de Bomberos, con todos los est\u00e1ndares de eficiencia energ\u00e9tica, y como edificaci\u00f3n significar\u00e1 tambi\u00e9n un importante aporte a la imagen urbana de Coyhaique\u201d.<\/p>\n<p style=\"text-align: justify;\"><strong>\u00a0<\/strong><\/p>\n<\/div><\/section><\/div><div  style='height:50px' class='hr hr-invisible   avia-builder-el-6  el_after_av_one_full  el_before_av_social_share '><span class='hr-inner ' ><span class='hr-inner-style'><\/span><\/span><\/div><\/p>\n<div  class='av-social-sharing-box  avia-builder-el-7  el_after_av_hr  el_before_av_hr  '><div class='av-share-box'><h5 class='av-share-link-description av-no-toc '>Compartir esta noticia<\/h5><ul class='av-share-box-list noLightbox'><li class='av-share-link av-social-link-facebook' ><a target=\"_blank\" aria-label=\"Compartir en Facebook\" href='https:\/\/www.facebook.com\/sharer.php?u=https:\/\/radiorevelacionfm.cl\/?p=5750&#038;t=Licitan%20dise%C3%B1o%20para%20construir%20nuevo%20cuartel%20de%20la%20primera%20compa%C3%B1%C3%ADa%20de%20Bomberos%20de%20Coyhaique' aria-hidden='false' data-av_icon='\ue8f3' data-av_iconfont='entypo-fontello' title='' data-avia-related-tooltip='Compartir en Facebook' rel=\"noopener\"><span class='avia_hidden_link_text'>Compartir en Facebook<\/span><\/a><\/li><li class='av-share-link av-social-link-twitter' ><a target=\"_blank\" aria-label=\"Compartir en Twitter\" href='https:\/\/twitter.com\/share?text=Licitan%20dise%C3%B1o%20para%20construir%20nuevo%20cuartel%20de%20la%20primera%20compa%C3%B1%C3%ADa%20de%20Bomberos%20de%20Coyhaique&#038;url=https:\/\/radiorevelacionfm.cl\/?p=5750' aria-hidden='false' data-av_icon='\ue8f1' data-av_iconfont='entypo-fontello' title='' data-avia-related-tooltip='Compartir en Twitter' rel=\"noopener\"><span class='avia_hidden_link_text'>Compartir en Twitter<\/span><\/a><\/li><li class='av-share-link av-social-link-whatsapp' ><a target=\"_blank\" aria-label=\"Compartir en Whatsapp\" href='https:\/\/api.whatsapp.com\/send?text=https:\/\/radiorevelacionfm.cl\/?p=5750' aria-hidden='false' data-av_icon='\uf232' data-av_iconfont='entypo-fontello' title='' data-avia-related-tooltip='Compartir en Whatsapp' rel=\"noopener\"><span class='avia_hidden_link_text'>Compartir en Whatsapp<\/span><\/a><\/li><li class='av-share-link av-social-link-linkedin' ><a target=\"_blank\" aria-label=\"Compartir en LinkedIn\" href='https:\/\/linkedin.com\/shareArticle?mini=true&#038;title=Licitan%20dise%C3%B1o%20para%20construir%20nuevo%20cuartel%20de%20la%20primera%20compa%C3%B1%C3%ADa%20de%20Bomberos%20de%20Coyhaique&#038;url=https:\/\/radiorevelacionfm.cl\/?p=5750' aria-hidden='false' data-av_icon='\ue8fc' data-av_iconfont='entypo-fontello' title='' data-avia-related-tooltip='Compartir en LinkedIn' rel=\"noopener\"><span class='avia_hidden_link_text'>Compartir en LinkedIn<\/span><\/a><\/li><li class='av-share-link av-social-link-mail' ><a  aria-label=\"Compartir por correo\" href='mailto:?subject=Licitan%20dise%C3%B1o%20para%20construir%20nuevo%20cuartel%20de%20la%20primera%20compa%C3%B1%C3%ADa%20de%20Bomberos%20de%20Coyhaique&#038;body=https:\/\/radiorevelacionfm.cl\/?p=5750' aria-hidden='false' data-av_icon='\ue805' data-av_iconfont='entypo-fontello' title='' data-avia-related-tooltip='Compartir por correo'><span class='avia_hidden_link_text'>Compartir por correo<\/span><\/a><\/li><\/ul><\/div><\/div>\n<div  style='height:50px' class='hr hr-invisible   avia-builder-el-8  el_after_av_social_share  el_before_av_comments_list '><span class='hr-inner ' ><span class='hr-inner-style'><\/span><\/span><\/div>\n<div  class='av-buildercomment  av-blog-meta-html-info-disabled av-blog-meta-tag-disabled  '><\/div>\n","protected":false},"excerpt":{"rendered":"","protected":false},"author":1,"featured_media":0,"comment_status":"open","ping_status":"open","sticky":false,"template":"","format":"standard","meta":{"footnotes":""},"categories":[38],"tags":[],"class_list":["post-5750","post","type-post","status-publish","format-standard","hentry","category-regional"],"jetpack_featured_media_url":"","_links":{"self":[{"href":"https:\/\/radiorevelacionfm.cl\/index.php?rest_route=\/wp\/v2\/posts\/5750","targetHints":{"allow":["GET"]}}],"collection":[{"href":"https:\/\/radiorevelacionfm.cl\/index.php?rest_route=\/wp\/v2\/posts"}],"about":[{"href":"https:\/\/radiorevelacionfm.cl\/index.php?rest_route=\/wp\/v2\/types\/post"}],"author":[{"embeddable":true,"href":"https:\/\/radiorevelacionfm.cl\/index.php?rest_route=\/wp\/v2\/users\/1"}],"replies":[{"embeddable":true,"href":"https:\/\/radiorevelacionfm.cl\/index.php?rest_route=%2Fwp%2Fv2%2Fcomments&post=5750"}],"version-history":[{"count":1,"href":"https:\/\/radiorevelacionfm.cl\/index.php?rest_route=\/wp\/v2\/posts\/5750\/revisions"}],"predecessor-version":[{"id":5752,"href":"https:\/\/radiorevelacionfm.cl\/index.php?rest_route=\/wp\/v2\/posts\/5750\/revisions\/5752"}],"wp:attachment":[{"href":"https:\/\/radiorevelacionfm.cl\/index.php?rest_route=%2Fwp%2Fv2%2Fmedia&parent=5750"}],"wp:term":[{"taxonomy":"category","embeddable":true,"href":"https:\/\/radiorevelacionfm.cl\/index.php?rest_route=%2Fwp%2Fv2%2Fcategories&post=5750"},{"taxonomy":"post_tag","embeddable":true,"href":"https:\/\/radiorevelacionfm.cl\/index.php?rest_route=%2Fwp%2Fv2%2Ftags&post=5750"}],"curies":[{"name":"wp","href":"https:\/\/api.w.org\/{rel}","templated":true}]}}