{"id":57494,"date":"2025-08-08T18:14:00","date_gmt":"2025-08-08T21:14:00","guid":{"rendered":"https:\/\/radiorevelacionfm.cl\/?p=57494"},"modified":"2025-08-08T18:14:00","modified_gmt":"2025-08-08T21:14:00","slug":"injuv-abre-consulta-digital-para-que-las-juventudes-elijan-los-temas-que-se-priorizaran-en-hablemos-de-todo","status":"publish","type":"post","link":"https:\/\/radiorevelacionfm.cl\/?p=57494","title":{"rendered":"INJUV abre consulta digital para que las juventudes elijan los temas que se priorizar\u00e1n en \u201cHablemos de Todo\u201d"},"content":{"rendered":"<div class=\"flex_column av_one_full  flex_column_div av-zero-column-padding first  avia-builder-el-0  el_before_av_one_full  avia-builder-el-first  \" style='border-radius:0px; '><div  class='avia-image-container  av-styling-    avia-builder-el-1  avia-builder-el-no-sibling  avia-align-center '  itemprop=\"image\" itemscope=\"itemscope\" itemtype=\"https:\/\/schema.org\/ImageObject\"  ><div class='avia-image-container-inner'><div class='avia-image-overlay-wrap'><img decoding=\"async\" class='wp-image-57495 avia-img-lazy-loading-not-57495 avia_image' src=\"https:\/\/radiorevelacionfm.cl\/wp-content\/uploads\/2025\/08\/foto-6-2-1-1_optimized-1.jpg\" alt='' title='foto-(6)-(2)-(1)-(1)_optimized (1)' height=\"1000\" width=\"800\"  itemprop=\"thumbnailUrl\" srcset=\"https:\/\/radiorevelacionfm.cl\/wp-content\/uploads\/2025\/08\/foto-6-2-1-1_optimized-1.jpg 800w, https:\/\/radiorevelacionfm.cl\/wp-content\/uploads\/2025\/08\/foto-6-2-1-1_optimized-1-240x300.jpg 240w, https:\/\/radiorevelacionfm.cl\/wp-content\/uploads\/2025\/08\/foto-6-2-1-1_optimized-1-768x960.jpg 768w, https:\/\/radiorevelacionfm.cl\/wp-content\/uploads\/2025\/08\/foto-6-2-1-1_optimized-1-564x705.jpg 564w, https:\/\/radiorevelacionfm.cl\/wp-content\/uploads\/2025\/08\/foto-6-2-1-1_optimized-1-450x563.jpg 450w, https:\/\/radiorevelacionfm.cl\/wp-content\/uploads\/2025\/08\/foto-6-2-1-1_optimized-1-600x750.jpg 600w\" sizes=\"(max-width: 800px) 100vw, 800px\" \/><\/div><\/div><\/div><\/div><div class=\"flex_column av_one_full  flex_column_div av-zero-column-padding first  avia-builder-el-2  el_after_av_one_full  el_before_av_one_full  column-top-margin\" style='border-radius:0px; '><section class=\"av_textblock_section \"  itemscope=\"itemscope\" itemtype=\"https:\/\/schema.org\/BlogPosting\" itemprop=\"blogPost\" ><div class='avia_textblock  '   itemprop=\"text\" ><p style=\"text-align: center;\"><strong><span style=\"font-size: 18pt;\">INJUV abre consulta digital para que las juventudes elijan los temas que se priorizar\u00e1n en \u201cHablemos de Todo\u201d<\/span><\/strong><\/p>\n<div id=\"gtx-trans\" style=\"position: absolute; left: -50px; top: 4.31534px;\">\n<div class=\"gtx-trans-icon\"><\/div>\n<\/div>\n<\/div><\/section><\/div><div class=\"flex_column av_one_full  flex_column_div av-zero-column-padding first  avia-builder-el-4  el_after_av_one_full  el_before_av_hr  column-top-margin\" style='border-radius:0px; '><section class=\"av_textblock_section \"  itemscope=\"itemscope\" itemtype=\"https:\/\/schema.org\/BlogPosting\" itemprop=\"blogPost\" ><div class='avia_textblock  '   itemprop=\"text\" ><p style=\"text-align: justify;\"><em>El Instituto Nacional de la Juventud (INJUV) invita a las juventudes de Chile a participar en la consulta digital de su programa dedicado al bienestar, salud mental y autocuidado para decidir en conjunto cu\u00e1les ser\u00e1n los temas que se abordar\u00e1n durante el a\u00f1o 2026 en las regiones del pa\u00eds. <\/em><\/p>\n<p style=\"text-align: justify;\">El programa Hablemos de Todo invita a las juventudes de todo el pa\u00eds a participar en la segunda consulta digital, con el objetivo de que sean ellas quienes escojan las tem\u00e1ticas que se priorizar\u00e1n durante el a\u00f1o 2026.<\/p>\n<p style=\"text-align: justify;\">Desde su creaci\u00f3n, miles de j\u00f3venes han ingresado a la plataforma hablemosdetodo.injuv.gob.cl, donde adem\u00e1s de informaci\u00f3n confiable, cuentan con un chat an\u00f3nimo para recibir contenci\u00f3n, orientaci\u00f3n y apoyo psicol\u00f3gico cuando lo necesitan.<\/p>\n<p style=\"text-align: justify;\">En 2024, 2.670 j\u00f3venes participaron en la consulta digital, eligiendo entre 5 tem\u00e1ticas y 20 subtemas. Destacaron la importancia del di\u00e1logo (57%) y la informaci\u00f3n confiable (13%), reforzando as\u00ed el rol de \u201cHablemos de Todo\u201d como un espacio seguro que promueve el bienestar juvenil.<\/p>\n<p style=\"text-align: justify;\">Camilo Trivi\u00f1o Urtubia, director regional de INJUV Ays\u00e9n, comenta \u201cqueremos que las juventudes tengan un rol activo en la construcci\u00f3n de este programa, porque s\u00f3lo as\u00ed lograremos abordar lo que realmente les importa. Participar en esta consulta es la oportunidad para que sus voces sean escuchadas y sus inquietudes consideradas\u201d.<\/p>\n<p style=\"text-align: justify;\">La consulta estar\u00e1 abierta desde el 6 de agosto hasta el 30 de septiembre de 2025.<\/p>\n<p style=\"text-align: justify;\">Quienes quieran ser parte, pueden ingresar a: <strong>hablemosdetodo.injuv.gob.cl<\/strong><\/p>\n<\/div><\/section><\/div><div  style='height:50px' class='hr hr-invisible   avia-builder-el-6  el_after_av_one_full  el_before_av_social_share '><span class='hr-inner ' ><span class='hr-inner-style'><\/span><\/span><\/div><\/p>\n<div  class='av-social-sharing-box  avia-builder-el-7  el_after_av_hr  el_before_av_hr  '><div class='av-share-box'><h5 class='av-share-link-description av-no-toc '>Compartir esta noticia<\/h5><ul class='av-share-box-list noLightbox'><li class='av-share-link av-social-link-facebook' ><a target=\"_blank\" aria-label=\"Compartir en Facebook\" href='https:\/\/www.facebook.com\/sharer.php?u=https:\/\/radiorevelacionfm.cl\/?p=57494&#038;t=INJUV%20abre%20consulta%20digital%20para%20que%20las%20juventudes%20elijan%20los%20temas%20que%20se%20priorizar%C3%A1n%20en%20%E2%80%9CHablemos%20de%20Todo%E2%80%9D' aria-hidden='false' data-av_icon='\ue8f3' data-av_iconfont='entypo-fontello' title='' data-avia-related-tooltip='Compartir en Facebook' rel=\"noopener\"><span class='avia_hidden_link_text'>Compartir en Facebook<\/span><\/a><\/li><li class='av-share-link av-social-link-twitter' ><a target=\"_blank\" aria-label=\"Compartir en Twitter\" href='https:\/\/twitter.com\/share?text=INJUV%20abre%20consulta%20digital%20para%20que%20las%20juventudes%20elijan%20los%20temas%20que%20se%20priorizar%C3%A1n%20en%20%E2%80%9CHablemos%20de%20Todo%E2%80%9D&#038;url=https:\/\/radiorevelacionfm.cl\/?p=57494' aria-hidden='false' data-av_icon='\ue8f1' data-av_iconfont='entypo-fontello' title='' data-avia-related-tooltip='Compartir en Twitter' rel=\"noopener\"><span class='avia_hidden_link_text'>Compartir en Twitter<\/span><\/a><\/li><li class='av-share-link av-social-link-whatsapp' ><a target=\"_blank\" aria-label=\"Compartir en Whatsapp\" href='https:\/\/api.whatsapp.com\/send?text=https:\/\/radiorevelacionfm.cl\/?p=57494' aria-hidden='false' data-av_icon='\uf232' data-av_iconfont='entypo-fontello' title='' data-avia-related-tooltip='Compartir en Whatsapp' rel=\"noopener\"><span class='avia_hidden_link_text'>Compartir en Whatsapp<\/span><\/a><\/li><li class='av-share-link av-social-link-linkedin' ><a target=\"_blank\" aria-label=\"Compartir en LinkedIn\" href='https:\/\/linkedin.com\/shareArticle?mini=true&#038;title=INJUV%20abre%20consulta%20digital%20para%20que%20las%20juventudes%20elijan%20los%20temas%20que%20se%20priorizar%C3%A1n%20en%20%E2%80%9CHablemos%20de%20Todo%E2%80%9D&#038;url=https:\/\/radiorevelacionfm.cl\/?p=57494' aria-hidden='false' data-av_icon='\ue8fc' data-av_iconfont='entypo-fontello' title='' data-avia-related-tooltip='Compartir en LinkedIn' rel=\"noopener\"><span class='avia_hidden_link_text'>Compartir en LinkedIn<\/span><\/a><\/li><li class='av-share-link av-social-link-mail' ><a  aria-label=\"Compartir por correo\" href='mailto:?subject=INJUV%20abre%20consulta%20digital%20para%20que%20las%20juventudes%20elijan%20los%20temas%20que%20se%20priorizar%C3%A1n%20en%20%E2%80%9CHablemos%20de%20Todo%E2%80%9D&#038;body=https:\/\/radiorevelacionfm.cl\/?p=57494' aria-hidden='false' data-av_icon='\ue805' data-av_iconfont='entypo-fontello' title='' data-avia-related-tooltip='Compartir por correo'><span class='avia_hidden_link_text'>Compartir por correo<\/span><\/a><\/li><\/ul><\/div><\/div>\n<div  style='height:50px' class='hr hr-invisible   avia-builder-el-8  el_after_av_social_share  el_before_av_comments_list '><span class='hr-inner ' ><span class='hr-inner-style'><\/span><\/span><\/div>\n<div  class='av-buildercomment  av-blog-meta-html-info-disabled av-blog-meta-tag-disabled  '><\/div>\n","protected":false},"excerpt":{"rendered":"","protected":false},"author":1,"featured_media":57495,"comment_status":"closed","ping_status":"closed","sticky":false,"template":"","format":"standard","meta":{"footnotes":""},"categories":[38],"tags":[],"class_list":["post-57494","post","type-post","status-publish","format-standard","has-post-thumbnail","hentry","category-regional"],"jetpack_featured_media_url":"https:\/\/radiorevelacionfm.cl\/wp-content\/uploads\/2025\/08\/foto-6-2-1-1_optimized-1.jpg","_links":{"self":[{"href":"https:\/\/radiorevelacionfm.cl\/index.php?rest_route=\/wp\/v2\/posts\/57494","targetHints":{"allow":["GET"]}}],"collection":[{"href":"https:\/\/radiorevelacionfm.cl\/index.php?rest_route=\/wp\/v2\/posts"}],"about":[{"href":"https:\/\/radiorevelacionfm.cl\/index.php?rest_route=\/wp\/v2\/types\/post"}],"author":[{"embeddable":true,"href":"https:\/\/radiorevelacionfm.cl\/index.php?rest_route=\/wp\/v2\/users\/1"}],"replies":[{"embeddable":true,"href":"https:\/\/radiorevelacionfm.cl\/index.php?rest_route=%2Fwp%2Fv2%2Fcomments&post=57494"}],"version-history":[{"count":2,"href":"https:\/\/radiorevelacionfm.cl\/index.php?rest_route=\/wp\/v2\/posts\/57494\/revisions"}],"predecessor-version":[{"id":57563,"href":"https:\/\/radiorevelacionfm.cl\/index.php?rest_route=\/wp\/v2\/posts\/57494\/revisions\/57563"}],"wp:featuredmedia":[{"embeddable":true,"href":"https:\/\/radiorevelacionfm.cl\/index.php?rest_route=\/wp\/v2\/media\/57495"}],"wp:attachment":[{"href":"https:\/\/radiorevelacionfm.cl\/index.php?rest_route=%2Fwp%2Fv2%2Fmedia&parent=57494"}],"wp:term":[{"taxonomy":"category","embeddable":true,"href":"https:\/\/radiorevelacionfm.cl\/index.php?rest_route=%2Fwp%2Fv2%2Fcategories&post=57494"},{"taxonomy":"post_tag","embeddable":true,"href":"https:\/\/radiorevelacionfm.cl\/index.php?rest_route=%2Fwp%2Fv2%2Ftags&post=57494"}],"curies":[{"name":"wp","href":"https:\/\/api.w.org\/{rel}","templated":true}]}}