{"id":57491,"date":"2025-08-07T20:15:47","date_gmt":"2025-08-07T23:15:47","guid":{"rendered":"https:\/\/radiorevelacionfm.cl\/?p=57491"},"modified":"2025-08-07T20:15:47","modified_gmt":"2025-08-07T23:15:47","slug":"amplian-plazo-para-postular-a-programa-que-busca-conectar-pymes-chilenas-con-mercados-internacionales","status":"publish","type":"post","link":"https:\/\/radiorevelacionfm.cl\/?p=57491","title":{"rendered":"Ampl\u00edan plazo para postular a programa que busca conectar pymes chilenas con mercados internacionales"},"content":{"rendered":"<div class=\"flex_column av_one_full  flex_column_div av-zero-column-padding first  avia-builder-el-0  el_before_av_one_full  avia-builder-el-first  \" style='border-radius:0px; '><div  class='avia-image-container  av-styling-    avia-builder-el-1  avia-builder-el-no-sibling  avia-align-center '  itemprop=\"image\" itemscope=\"itemscope\" itemtype=\"https:\/\/schema.org\/ImageObject\"  ><div class='avia-image-container-inner'><div class='avia-image-overlay-wrap'><img decoding=\"async\" class='wp-image-57492 avia-img-lazy-loading-not-57492 avia_image' src=\"https:\/\/radiorevelacionfm.cl\/wp-content\/uploads\/2025\/08\/pymes-globales-1_optimized.jpg\" alt='' title='pymes-globales-(1)_optimized' height=\"600\" width=\"909\"  itemprop=\"thumbnailUrl\" srcset=\"https:\/\/radiorevelacionfm.cl\/wp-content\/uploads\/2025\/08\/pymes-globales-1_optimized.jpg 909w, https:\/\/radiorevelacionfm.cl\/wp-content\/uploads\/2025\/08\/pymes-globales-1_optimized-300x198.jpg 300w, https:\/\/radiorevelacionfm.cl\/wp-content\/uploads\/2025\/08\/pymes-globales-1_optimized-768x507.jpg 768w, https:\/\/radiorevelacionfm.cl\/wp-content\/uploads\/2025\/08\/pymes-globales-1_optimized-705x465.jpg 705w, https:\/\/radiorevelacionfm.cl\/wp-content\/uploads\/2025\/08\/pymes-globales-1_optimized-450x297.jpg 450w, https:\/\/radiorevelacionfm.cl\/wp-content\/uploads\/2025\/08\/pymes-globales-1_optimized-600x396.jpg 600w\" sizes=\"(max-width: 909px) 100vw, 909px\" \/><\/div><\/div><\/div><\/div><div class=\"flex_column av_one_full  flex_column_div av-zero-column-padding first  avia-builder-el-2  el_after_av_one_full  el_before_av_one_full  column-top-margin\" style='border-radius:0px; '><section class=\"av_textblock_section \"  itemscope=\"itemscope\" itemtype=\"https:\/\/schema.org\/BlogPosting\" itemprop=\"blogPost\" ><div class='avia_textblock  '   itemprop=\"text\" ><p style=\"text-align: center;\"><strong><span style=\"font-size: 18pt;\">Ampl\u00edan plazo para postular a programa que busca conectar pymes chilenas con mercados internacionales<\/span><\/strong><\/p>\n<div id=\"gtx-trans\" style=\"position: absolute; left: -50px; top: 4.31534px;\">\n<div class=\"gtx-trans-icon\"><\/div>\n<\/div>\n<\/div><\/section><\/div><div class=\"flex_column av_one_full  flex_column_div av-zero-column-padding first  avia-builder-el-4  el_after_av_one_full  el_before_av_hr  column-top-margin\" style='border-radius:0px; '><section class=\"av_textblock_section \"  itemscope=\"itemscope\" itemtype=\"https:\/\/schema.org\/BlogPosting\" itemprop=\"blogPost\" ><div class='avia_textblock  '   itemprop=\"text\" ><p style=\"text-align: justify;\"><em>La iniciativa Pymes Globales acompa\u00f1ar\u00e1 el proceso para que micro y peque\u00f1as empresas y cooperativas se posicionen en marketplaces mundiales como Amazon. <\/em><\/p>\n<p style=\"text-align: justify;\">Sercotec, extiende la etapa de convocatoria del programa que entrega asesor\u00eda y asistencia t\u00e9cnica especializada a micro y peque\u00f1as empresas y cooperativas, con miras a facilitar su acceso a marketplaces internacionales. Se trata de Pymes Globales, iniciativa que estar\u00e1 abierta hasta el 13 de agosto en <a href=\"http:\/\/www.sercotec.cl\">www.sercotec.cl<\/a> y que en esta versi\u00f3n espera beneficiar a 41 empresas y cooperativas del pa\u00eds que podr\u00e1n ampliar sus canales de venta a trav\u00e9s de la digitalizaci\u00f3n.<\/p>\n<p style=\"text-align: justify;\">Esta convocatoria cobra especial relevancia al observar el panorama exportador nacional. Cuando se analiza la proporci\u00f3n de empresas que exportan respecto del total existente, las brechas siguen siendo significativas, la realidad es que solo el 0,87% de las peque\u00f1as empresas logra exportar, versus el 19,5% de las grandes empresas. La diferencia no est\u00e1 en el talento o la calidad de sus productos, sino en el acceso a herramientas digitales y conocimiento especializado.<\/p>\n<p style=\"text-align: justify;\">\u00abLas cifras revelan que persisten significativos retos para ampliar el acceso de micro y peque\u00f1as empresas a estos canales emergentes y potenciar su capacidad competitiva. Por eso, desde Sercotec estamos impulsando este programa que busca cerrar las brechas digitales y de internacionalizaci\u00f3n, acompa\u00f1ando a las Mipymes en su preparaci\u00f3n para dar el salto hacia mercados extranjeros\u200b, brind\u00e1ndoles las herramientas necesarias para su transformaci\u00f3n tecnol\u00f3gica y expansi\u00f3n internacional. Chile cuenta con productos \u00fanicos y empresarios talentosos en todas sus regiones\u200b, y a trav\u00e9s de esta iniciativa no s\u00f3lo impulsamos el crecimiento de estos negocios particulares, sino que tambi\u00e9n contribuimos a desarrollar un ecosistema exportador m\u00e1s diversificado, tecnol\u00f3gico y accesible para \u200bnuestro pa\u00eds\u00bb, destac\u00f3 la gerenta general de Sercotec, Mar\u00eda Jos\u00e9 Becerra Moro.<\/p>\n<p style=\"text-align: justify;\">Por su parte el Seremi de Econom\u00eda, Fomento y Turismo de la Regi\u00f3n de Ays\u00e9n Felipe Rojas Pizarro relev\u00f3 el impacto de esta iniciativa e invit\u00f3 a postular; \u201cEste es un programa que proporciona herramientas concretas y reales para competir en plataformas de alcance mundial como Amazon Global y otros marketplaces que conectan con compradores de diferentes pa\u00edses. En nuestro territorio tenemos una serie de emprendimientos y productos que perfectamente pueden estar en estas vitrinas internacionales con el sello Patagonia Ays\u00e9n. Por tanto, invitamos a las y los emprendedores locales y cooperativas a que participen y postulen hasta el 13 de agosto para que formen parte de Pymes Globales y continuemos desarrollando y fortaleciendo el ecosistema emprendedor de nuestra regi\u00f3n.\u201d<\/p>\n<p style=\"text-align: justify;\">Para postular a este programa, las empresas deben tener ventas anuales entre 200 y 25.000 UF, manufacturar productos en serie o entregar servicios de forma estandarizada, y estar constituidas formalmente ante el Servicio de Impuestos Internos (SII). Adem\u00e1s, se requiere registrar una venta anual m\u00ednima de 50 unidades por producto.<\/p>\n<p style=\"text-align: justify;\">Durante 10 meses, las empresas seleccionadas recibir\u00e1n una asesor\u00eda integral y acompa\u00f1amiento, con servicios que incluyen un diagn\u00f3stico del potencial exportador, desarrollo de packaging espec\u00edfico para mercados internacionales, an\u00e1lisis de regulaciones aduaneras y normativas de pa\u00edses de destino, estrategias de marketing digital para audiencias globales, gesti\u00f3n de inventarios para exportaci\u00f3n, preparaci\u00f3n log\u00edstica para env\u00edos internacionales y producci\u00f3n de contenido audiovisual profesional.<\/p>\n<p style=\"text-align: justify;\">En sus cuatro versiones anteriores, este programa ha logrado impulsar que las pymes beneficiarias exporten sus productos a mercados de Canad\u00e1, Estados Unidos y M\u00e9xico.<\/p>\n<p style=\"text-align: justify;\">\u00bfC\u00f3mo postular?<\/p>\n<p style=\"text-align: justify;\">Las postulaciones se realizan en tres pasos: registrarse en www.sercotec.cl, descargar y leer las bases de convocatoria, y completar el formulario con los documentos requeridos.<\/p>\n<\/div><\/section><\/div><div  style='height:50px' class='hr hr-invisible   avia-builder-el-6  el_after_av_one_full  el_before_av_social_share '><span class='hr-inner ' ><span class='hr-inner-style'><\/span><\/span><\/div><\/p>\n<div  class='av-social-sharing-box  avia-builder-el-7  el_after_av_hr  el_before_av_hr  '><div class='av-share-box'><h5 class='av-share-link-description av-no-toc '>Compartir esta noticia<\/h5><ul class='av-share-box-list noLightbox'><li class='av-share-link av-social-link-facebook' ><a target=\"_blank\" aria-label=\"Compartir en Facebook\" href='https:\/\/www.facebook.com\/sharer.php?u=https:\/\/radiorevelacionfm.cl\/?p=57491&#038;t=Ampl%C3%ADan%20plazo%20para%20postular%20a%20programa%20que%20busca%20conectar%20pymes%20chilenas%20con%20mercados%20internacionales' aria-hidden='false' data-av_icon='\ue8f3' data-av_iconfont='entypo-fontello' title='' data-avia-related-tooltip='Compartir en Facebook' rel=\"noopener\"><span class='avia_hidden_link_text'>Compartir en Facebook<\/span><\/a><\/li><li class='av-share-link av-social-link-twitter' ><a target=\"_blank\" aria-label=\"Compartir en Twitter\" href='https:\/\/twitter.com\/share?text=Ampl%C3%ADan%20plazo%20para%20postular%20a%20programa%20que%20busca%20conectar%20pymes%20chilenas%20con%20mercados%20internacionales&#038;url=https:\/\/radiorevelacionfm.cl\/?p=57491' aria-hidden='false' data-av_icon='\ue8f1' data-av_iconfont='entypo-fontello' title='' data-avia-related-tooltip='Compartir en Twitter' rel=\"noopener\"><span class='avia_hidden_link_text'>Compartir en Twitter<\/span><\/a><\/li><li class='av-share-link av-social-link-whatsapp' ><a target=\"_blank\" aria-label=\"Compartir en Whatsapp\" href='https:\/\/api.whatsapp.com\/send?text=https:\/\/radiorevelacionfm.cl\/?p=57491' aria-hidden='false' data-av_icon='\uf232' data-av_iconfont='entypo-fontello' title='' data-avia-related-tooltip='Compartir en Whatsapp' rel=\"noopener\"><span class='avia_hidden_link_text'>Compartir en Whatsapp<\/span><\/a><\/li><li class='av-share-link av-social-link-linkedin' ><a target=\"_blank\" aria-label=\"Compartir en LinkedIn\" href='https:\/\/linkedin.com\/shareArticle?mini=true&#038;title=Ampl%C3%ADan%20plazo%20para%20postular%20a%20programa%20que%20busca%20conectar%20pymes%20chilenas%20con%20mercados%20internacionales&#038;url=https:\/\/radiorevelacionfm.cl\/?p=57491' aria-hidden='false' data-av_icon='\ue8fc' data-av_iconfont='entypo-fontello' title='' data-avia-related-tooltip='Compartir en LinkedIn' rel=\"noopener\"><span class='avia_hidden_link_text'>Compartir en LinkedIn<\/span><\/a><\/li><li class='av-share-link av-social-link-mail' ><a  aria-label=\"Compartir por correo\" href='mailto:?subject=Ampl%C3%ADan%20plazo%20para%20postular%20a%20programa%20que%20busca%20conectar%20pymes%20chilenas%20con%20mercados%20internacionales&#038;body=https:\/\/radiorevelacionfm.cl\/?p=57491' aria-hidden='false' data-av_icon='\ue805' data-av_iconfont='entypo-fontello' title='' data-avia-related-tooltip='Compartir por correo'><span class='avia_hidden_link_text'>Compartir por correo<\/span><\/a><\/li><\/ul><\/div><\/div>\n<div  style='height:50px' class='hr hr-invisible   avia-builder-el-8  el_after_av_social_share  el_before_av_comments_list '><span class='hr-inner ' ><span class='hr-inner-style'><\/span><\/span><\/div>\n<div  class='av-buildercomment  av-blog-meta-html-info-disabled av-blog-meta-tag-disabled  '><\/div>\n","protected":false},"excerpt":{"rendered":"","protected":false},"author":1,"featured_media":57492,"comment_status":"closed","ping_status":"closed","sticky":false,"template":"","format":"standard","meta":{"footnotes":""},"categories":[37],"tags":[],"class_list":["post-57491","post","type-post","status-publish","format-standard","has-post-thumbnail","hentry","category-economia"],"jetpack_featured_media_url":"https:\/\/radiorevelacionfm.cl\/wp-content\/uploads\/2025\/08\/pymes-globales-1_optimized.jpg","_links":{"self":[{"href":"https:\/\/radiorevelacionfm.cl\/index.php?rest_route=\/wp\/v2\/posts\/57491","targetHints":{"allow":["GET"]}}],"collection":[{"href":"https:\/\/radiorevelacionfm.cl\/index.php?rest_route=\/wp\/v2\/posts"}],"about":[{"href":"https:\/\/radiorevelacionfm.cl\/index.php?rest_route=\/wp\/v2\/types\/post"}],"author":[{"embeddable":true,"href":"https:\/\/radiorevelacionfm.cl\/index.php?rest_route=\/wp\/v2\/users\/1"}],"replies":[{"embeddable":true,"href":"https:\/\/radiorevelacionfm.cl\/index.php?rest_route=%2Fwp%2Fv2%2Fcomments&post=57491"}],"version-history":[{"count":2,"href":"https:\/\/radiorevelacionfm.cl\/index.php?rest_route=\/wp\/v2\/posts\/57491\/revisions"}],"predecessor-version":[{"id":57516,"href":"https:\/\/radiorevelacionfm.cl\/index.php?rest_route=\/wp\/v2\/posts\/57491\/revisions\/57516"}],"wp:featuredmedia":[{"embeddable":true,"href":"https:\/\/radiorevelacionfm.cl\/index.php?rest_route=\/wp\/v2\/media\/57492"}],"wp:attachment":[{"href":"https:\/\/radiorevelacionfm.cl\/index.php?rest_route=%2Fwp%2Fv2%2Fmedia&parent=57491"}],"wp:term":[{"taxonomy":"category","embeddable":true,"href":"https:\/\/radiorevelacionfm.cl\/index.php?rest_route=%2Fwp%2Fv2%2Fcategories&post=57491"},{"taxonomy":"post_tag","embeddable":true,"href":"https:\/\/radiorevelacionfm.cl\/index.php?rest_route=%2Fwp%2Fv2%2Ftags&post=57491"}],"curies":[{"name":"wp","href":"https:\/\/api.w.org\/{rel}","templated":true}]}}