{"id":57487,"date":"2025-08-07T12:15:57","date_gmt":"2025-08-07T15:15:57","guid":{"rendered":"https:\/\/radiorevelacionfm.cl\/?p=57487"},"modified":"2025-08-07T12:15:57","modified_gmt":"2025-08-07T15:15:57","slug":"jardin-infantil-gabriela-mistral-de-coyhaique-es-certificado-como-espacio-amigo-de-la-lactancia-materna","status":"publish","type":"post","link":"https:\/\/radiorevelacionfm.cl\/?p=57487","title":{"rendered":"Jard\u00edn Infantil Gabriela Mistral de Coyhaique es certificado como espacio amigo de la lactancia materna"},"content":{"rendered":"<div class=\"flex_column av_one_full  flex_column_div av-zero-column-padding first  avia-builder-el-0  el_before_av_one_full  avia-builder-el-first  \" style='border-radius:0px; '><div  class='avia-image-container  av-styling-    avia-builder-el-1  avia-builder-el-no-sibling  avia-align-center '  itemprop=\"image\" itemscope=\"itemscope\" itemtype=\"https:\/\/schema.org\/ImageObject\"  ><div class='avia-image-container-inner'><div class='avia-image-overlay-wrap'><img decoding=\"async\" class='wp-image-57488 avia-img-lazy-loading-not-57488 avia_image' src=\"https:\/\/radiorevelacionfm.cl\/wp-content\/uploads\/2025\/08\/img_7519-1_optimized-1.jpg\" alt='' title='img_7519-(1)_optimized (1)' height=\"600\" width=\"1067\"  itemprop=\"thumbnailUrl\" srcset=\"https:\/\/radiorevelacionfm.cl\/wp-content\/uploads\/2025\/08\/img_7519-1_optimized-1.jpg 1067w, https:\/\/radiorevelacionfm.cl\/wp-content\/uploads\/2025\/08\/img_7519-1_optimized-1-300x169.jpg 300w, https:\/\/radiorevelacionfm.cl\/wp-content\/uploads\/2025\/08\/img_7519-1_optimized-1-1030x579.jpg 1030w, https:\/\/radiorevelacionfm.cl\/wp-content\/uploads\/2025\/08\/img_7519-1_optimized-1-768x432.jpg 768w, https:\/\/radiorevelacionfm.cl\/wp-content\/uploads\/2025\/08\/img_7519-1_optimized-1-705x396.jpg 705w, https:\/\/radiorevelacionfm.cl\/wp-content\/uploads\/2025\/08\/img_7519-1_optimized-1-450x253.jpg 450w, https:\/\/radiorevelacionfm.cl\/wp-content\/uploads\/2025\/08\/img_7519-1_optimized-1-600x337.jpg 600w\" sizes=\"(max-width: 1067px) 100vw, 1067px\" \/><\/div><\/div><\/div><\/div><div class=\"flex_column av_one_full  flex_column_div av-zero-column-padding first  avia-builder-el-2  el_after_av_one_full  el_before_av_one_full  column-top-margin\" style='border-radius:0px; '><section class=\"av_textblock_section \"  itemscope=\"itemscope\" itemtype=\"https:\/\/schema.org\/BlogPosting\" itemprop=\"blogPost\" ><div class='avia_textblock  '   itemprop=\"text\" ><p style=\"text-align: center;\"><span style=\"font-size: 18pt;\"><b>Jard\u00edn Infantil Gabriela Mistral de Coyhaique es certificado como espacio amigo de la lactancia materna<\/b><\/span><\/p>\n<div id=\"gtx-trans\" style=\"position: absolute; left: -50px; top: 4.31534px;\">\n<div class=\"gtx-trans-icon\"><\/div>\n<\/div>\n<\/div><\/section><\/div><div class=\"flex_column av_one_full  flex_column_div av-zero-column-padding first  avia-builder-el-4  el_after_av_one_full  el_before_av_hr  column-top-margin\" style='border-radius:0px; '><section class=\"av_textblock_section \"  itemscope=\"itemscope\" itemtype=\"https:\/\/schema.org\/BlogPosting\" itemprop=\"blogPost\" ><div class='avia_textblock  '   itemprop=\"text\" ><p style=\"text-align: justify;\">En una ceremonia marcada por el compromiso y la emoci\u00f3n, el Jard\u00edn Infantil Gabriela Mistral de Coyhaique fue certificado con un 100\u202f% como Jard\u00edn Infantil Amigo de la Lactancia Materna (JIALMA), destac\u00e1ndose como un espacio seguro y acogedor para promover, proteger y apoyar la lactancia materna entre las familias de la comunidad.<\/p>\n<p style=\"text-align: justify;\">Este reconocimiento forma parte del programa JIALMA, impulsado por JUNJI y la Seremi de Salud, el cual busca establecer condiciones reales de bienestar y buen trato hacia las madres que amamantan. La iniciativa, vigente desde 1997, ha permitido que jardines infantiles a lo largo del pa\u00eds integren la lactancia materna como parte esencial de su cultura educativa.<\/p>\n<p style=\"text-align: justify;\">\u201cJunji ha estado comprometid\u00edsimo con el programa JIALMA desde sus inicios, buscando asegurar espacios de bienestar que sean bientratantes para las madres en este proceso tan hermoso y natural como es la lactancia materna. En este caso, se certifica el Jard\u00edn Infantil Gabriela Mistral, estableciendo un espacio seguro para las madres que necesitan amamantar, adem\u00e1s de un comit\u00e9 de lactancia materna con el apoyo de la Seremi de Salud\u201d, dijo Juan Eduardo Lorca Valdivia, director regional de Junji.<\/p>\n<p style=\"text-align: justify;\">As\u00ed tambi\u00e9n lo manifest\u00f3 la Seremi de Salud (s) Silvia Delf\u00edn Cort\u00e9s, quien se\u00f1al\u00f3: \u201cVolver a actualizarnos en la importancia que tiene que seamos jardines, hospitales, consultorios amigos del ni\u00f1o y de la madre. Porque en el fondo es una estrategia que tiene ir perdurando en el tiempo e incorpor\u00e1ndose a las madres j\u00f3venes, porque sabemos que la lactancia es el mejor alimento y como vamos creando los primeros v\u00ednculos del apego seguro, de la contenci\u00f3n, del amor del cari\u00f1o, que va a ser algo tremendamente valioso para la vida y el crecimiento de la persona\u201d<\/p>\n<p style=\"text-align: justify;\">Durante la actividad, se destac\u00f3 el trabajo sostenido del equipo educativo, que incluy\u00f3 capacitaciones internas, planificaci\u00f3n pedag\u00f3gica transversal y colaboraci\u00f3n activa con las familias. \u201cHemos trabajado con todo el equipo, partiendo por la capacitaci\u00f3n, involucrando a las familias, integrando la lactancia en nuestras planificaciones y actividades diarias. Es un trabajo que tiene un compromiso muy especial del equipo. Gracias por todo el aporte y el apoyo, porque cada desaf\u00edo que nos ponemos, lo logramos\u201d, expres\u00f3 Mar\u00eda Francisca Rojas Covarrubias, directora del establecimiento.<\/p>\n<p style=\"text-align: justify;\">Adem\u00e1s del trabajo formativo, el jard\u00edn habilit\u00f3 una sala de lactancia, un espacio privado, higi\u00e9nico y c\u00e1lido, donde las madres pueden amamantar o extraer leche con tranquilidad y dignidad.<\/p>\n<p style=\"text-align: justify;\">\u201cEstamos muy contentas, porque el Jard\u00edn Infantil Gabriela Mistral se certific\u00f3 con un 100\u202f%. \u00bfQu\u00e9 significa esto? Que todas las familias pueden sentirse apoyadas en todo el proceso de lactancia materna. Cuentan con una sala equipada y un equipo educativo completamente comprometido con el bienestar de las madres y sus hijos e hijas\u201d, agreg\u00f3 Karla Guzm\u00e1n Tejeda nutricionista de Junji Ays\u00e9n.<\/p>\n<p style=\"text-align: justify;\"><strong>Lactancia materna: un derecho y una necesidad<\/strong><\/p>\n<p style=\"text-align: justify;\">En la Regi\u00f3n de Ays\u00e9n, las estad\u00edsticas muestran un escenario alentador. Seg\u00fan datos del Ministerio de Salud, Ays\u00e9n presenta una prevalencia de lactancia materna exclusiva a los seis meses de un 47,4\u202f%, superando el promedio nacional. Este logro se vincula directamente con pol\u00edticas p\u00fablicas activas y la instalaci\u00f3n progresiva de espacios de lactancia tanto en centros de salud como en jardines infantiles.<\/p>\n<p style=\"text-align: justify;\">Los beneficios de la lactancia materna son m\u00faltiples: refuerza el sistema inmunol\u00f3gico, reduce el riesgo de enfermedades respiratorias y gastrointestinales, fortalece el v\u00ednculo madre-hijo y aporta nutrientes esenciales en la etapa m\u00e1s crucial del desarrollo.<\/p>\n<p style=\"text-align: justify;\">La certificaci\u00f3n del Jard\u00edn Infantil Gabriela Mistral representa no solo un hito local, sino tambi\u00e9n un ejemplo concreto de c\u00f3mo la articulaci\u00f3n entre instituciones, equipos educativos y familias puede transformar realidades desde la primera infancia.<\/p>\n<\/div><\/section><\/div><div  style='height:50px' class='hr hr-invisible   avia-builder-el-6  el_after_av_one_full  el_before_av_social_share '><span class='hr-inner ' ><span class='hr-inner-style'><\/span><\/span><\/div><\/p>\n<div  class='av-social-sharing-box  avia-builder-el-7  el_after_av_hr  el_before_av_hr  '><div class='av-share-box'><h5 class='av-share-link-description av-no-toc '>Compartir esta noticia<\/h5><ul class='av-share-box-list noLightbox'><li class='av-share-link av-social-link-facebook' ><a target=\"_blank\" aria-label=\"Compartir en Facebook\" href='https:\/\/www.facebook.com\/sharer.php?u=https:\/\/radiorevelacionfm.cl\/?p=57487&#038;t=Jard%C3%ADn%20Infantil%20Gabriela%20Mistral%20de%20Coyhaique%20es%20certificado%20como%20espacio%20amigo%20de%20la%20lactancia%20materna' aria-hidden='false' data-av_icon='\ue8f3' data-av_iconfont='entypo-fontello' title='' data-avia-related-tooltip='Compartir en Facebook' rel=\"noopener\"><span class='avia_hidden_link_text'>Compartir en Facebook<\/span><\/a><\/li><li class='av-share-link av-social-link-twitter' ><a target=\"_blank\" aria-label=\"Compartir en Twitter\" href='https:\/\/twitter.com\/share?text=Jard%C3%ADn%20Infantil%20Gabriela%20Mistral%20de%20Coyhaique%20es%20certificado%20como%20espacio%20amigo%20de%20la%20lactancia%20materna&#038;url=https:\/\/radiorevelacionfm.cl\/?p=57487' aria-hidden='false' data-av_icon='\ue8f1' data-av_iconfont='entypo-fontello' title='' data-avia-related-tooltip='Compartir en Twitter' rel=\"noopener\"><span class='avia_hidden_link_text'>Compartir en Twitter<\/span><\/a><\/li><li class='av-share-link av-social-link-whatsapp' ><a target=\"_blank\" aria-label=\"Compartir en Whatsapp\" href='https:\/\/api.whatsapp.com\/send?text=https:\/\/radiorevelacionfm.cl\/?p=57487' aria-hidden='false' data-av_icon='\uf232' data-av_iconfont='entypo-fontello' title='' data-avia-related-tooltip='Compartir en Whatsapp' rel=\"noopener\"><span class='avia_hidden_link_text'>Compartir en Whatsapp<\/span><\/a><\/li><li class='av-share-link av-social-link-linkedin' ><a target=\"_blank\" aria-label=\"Compartir en LinkedIn\" href='https:\/\/linkedin.com\/shareArticle?mini=true&#038;title=Jard%C3%ADn%20Infantil%20Gabriela%20Mistral%20de%20Coyhaique%20es%20certificado%20como%20espacio%20amigo%20de%20la%20lactancia%20materna&#038;url=https:\/\/radiorevelacionfm.cl\/?p=57487' aria-hidden='false' data-av_icon='\ue8fc' data-av_iconfont='entypo-fontello' title='' data-avia-related-tooltip='Compartir en LinkedIn' rel=\"noopener\"><span class='avia_hidden_link_text'>Compartir en LinkedIn<\/span><\/a><\/li><li class='av-share-link av-social-link-mail' ><a  aria-label=\"Compartir por correo\" href='mailto:?subject=Jard%C3%ADn%20Infantil%20Gabriela%20Mistral%20de%20Coyhaique%20es%20certificado%20como%20espacio%20amigo%20de%20la%20lactancia%20materna&#038;body=https:\/\/radiorevelacionfm.cl\/?p=57487' aria-hidden='false' data-av_icon='\ue805' data-av_iconfont='entypo-fontello' title='' data-avia-related-tooltip='Compartir por correo'><span class='avia_hidden_link_text'>Compartir por correo<\/span><\/a><\/li><\/ul><\/div><\/div>\n<div  style='height:50px' class='hr hr-invisible   avia-builder-el-8  el_after_av_social_share  el_before_av_comments_list '><span class='hr-inner ' ><span class='hr-inner-style'><\/span><\/span><\/div>\n<div  class='av-buildercomment  av-blog-meta-html-info-disabled av-blog-meta-tag-disabled  '><\/div>\n","protected":false},"excerpt":{"rendered":"","protected":false},"author":1,"featured_media":57488,"comment_status":"closed","ping_status":"closed","sticky":false,"template":"","format":"standard","meta":{"footnotes":""},"categories":[49],"tags":[],"class_list":["post-57487","post","type-post","status-publish","format-standard","has-post-thumbnail","hentry","category-educacion"],"jetpack_featured_media_url":"https:\/\/radiorevelacionfm.cl\/wp-content\/uploads\/2025\/08\/img_7519-1_optimized-1.jpg","_links":{"self":[{"href":"https:\/\/radiorevelacionfm.cl\/index.php?rest_route=\/wp\/v2\/posts\/57487","targetHints":{"allow":["GET"]}}],"collection":[{"href":"https:\/\/radiorevelacionfm.cl\/index.php?rest_route=\/wp\/v2\/posts"}],"about":[{"href":"https:\/\/radiorevelacionfm.cl\/index.php?rest_route=\/wp\/v2\/types\/post"}],"author":[{"embeddable":true,"href":"https:\/\/radiorevelacionfm.cl\/index.php?rest_route=\/wp\/v2\/users\/1"}],"replies":[{"embeddable":true,"href":"https:\/\/radiorevelacionfm.cl\/index.php?rest_route=%2Fwp%2Fv2%2Fcomments&post=57487"}],"version-history":[{"count":2,"href":"https:\/\/radiorevelacionfm.cl\/index.php?rest_route=\/wp\/v2\/posts\/57487\/revisions"}],"predecessor-version":[{"id":57490,"href":"https:\/\/radiorevelacionfm.cl\/index.php?rest_route=\/wp\/v2\/posts\/57487\/revisions\/57490"}],"wp:featuredmedia":[{"embeddable":true,"href":"https:\/\/radiorevelacionfm.cl\/index.php?rest_route=\/wp\/v2\/media\/57488"}],"wp:attachment":[{"href":"https:\/\/radiorevelacionfm.cl\/index.php?rest_route=%2Fwp%2Fv2%2Fmedia&parent=57487"}],"wp:term":[{"taxonomy":"category","embeddable":true,"href":"https:\/\/radiorevelacionfm.cl\/index.php?rest_route=%2Fwp%2Fv2%2Fcategories&post=57487"},{"taxonomy":"post_tag","embeddable":true,"href":"https:\/\/radiorevelacionfm.cl\/index.php?rest_route=%2Fwp%2Fv2%2Ftags&post=57487"}],"curies":[{"name":"wp","href":"https:\/\/api.w.org\/{rel}","templated":true}]}}