{"id":57483,"date":"2025-08-07T11:40:30","date_gmt":"2025-08-07T14:40:30","guid":{"rendered":"https:\/\/radiorevelacionfm.cl\/?p=57483"},"modified":"2025-08-07T11:40:30","modified_gmt":"2025-08-07T14:40:30","slug":"ligados-a-biosfera-austral-en-la-comuna-de-cisnes-sma-instruye-procedimientos-para-determinar-si-tres-loteos-en-aysen-con-derecho-real-de-conservacion-eludieron-el-seia","status":"publish","type":"post","link":"https:\/\/radiorevelacionfm.cl\/?p=57483","title":{"rendered":"Ligados a Biosfera Austral en la comuna de Cisnes: SMA instruye procedimientos para determinar si tres loteos en Ays\u00e9n con \u00abderecho real de conservaci\u00f3n\u00bb eludieron el SEIA"},"content":{"rendered":"<div class=\"flex_column av_one_full  flex_column_div av-zero-column-padding first  avia-builder-el-0  el_before_av_one_full  avia-builder-el-first  \" style='border-radius:0px; '><div  class='avia-image-container  av-styling-    avia-builder-el-1  avia-builder-el-no-sibling  avia-align-center '  itemprop=\"image\" itemscope=\"itemscope\" itemtype=\"https:\/\/schema.org\/ImageObject\"  ><div class='avia-image-container-inner'><div class='avia-image-overlay-wrap'><img decoding=\"async\" class='wp-image-57484 avia-img-lazy-loading-not-57484 avia_image' src=\"https:\/\/radiorevelacionfm.cl\/wp-content\/uploads\/2025\/08\/Loteo-Laguna-Escondida-1.jpg\" alt='' title='Loteo Laguna Escondida (1)' height=\"616\" width=\"801\"  itemprop=\"thumbnailUrl\" srcset=\"https:\/\/radiorevelacionfm.cl\/wp-content\/uploads\/2025\/08\/Loteo-Laguna-Escondida-1.jpg 801w, https:\/\/radiorevelacionfm.cl\/wp-content\/uploads\/2025\/08\/Loteo-Laguna-Escondida-1-300x231.jpg 300w, https:\/\/radiorevelacionfm.cl\/wp-content\/uploads\/2025\/08\/Loteo-Laguna-Escondida-1-768x591.jpg 768w, https:\/\/radiorevelacionfm.cl\/wp-content\/uploads\/2025\/08\/Loteo-Laguna-Escondida-1-705x542.jpg 705w, https:\/\/radiorevelacionfm.cl\/wp-content\/uploads\/2025\/08\/Loteo-Laguna-Escondida-1-450x346.jpg 450w, https:\/\/radiorevelacionfm.cl\/wp-content\/uploads\/2025\/08\/Loteo-Laguna-Escondida-1-600x461.jpg 600w\" sizes=\"(max-width: 801px) 100vw, 801px\" \/><\/div><\/div><\/div><\/div><div class=\"flex_column av_one_full  flex_column_div av-zero-column-padding first  avia-builder-el-2  el_after_av_one_full  el_before_av_one_full  column-top-margin\" style='border-radius:0px; '><section class=\"av_textblock_section \"  itemscope=\"itemscope\" itemtype=\"https:\/\/schema.org\/BlogPosting\" itemprop=\"blogPost\" ><div class='avia_textblock  '   itemprop=\"text\" ><p style=\"text-align: center;\"><strong><span style=\"font-size: 18pt;\">Ligados a Biosfera Austral en la comuna de Cisnes: SMA instruye procedimientos para determinar si tres loteos en Ays\u00e9n con \u00abderecho real de conservaci\u00f3n\u00bb eludieron el SEIA<\/span><\/strong><\/p>\n<div id=\"gtx-trans\" style=\"position: absolute; left: -50px; top: 4.31534px;\">\n<div class=\"gtx-trans-icon\"><\/div>\n<\/div>\n<\/div><\/section><\/div><div class=\"flex_column av_one_full  flex_column_div av-zero-column-padding first  avia-builder-el-4  el_after_av_one_full  el_before_av_hr  column-top-margin\" style='border-radius:0px; '><section class=\"av_textblock_section \"  itemscope=\"itemscope\" itemtype=\"https:\/\/schema.org\/BlogPosting\" itemprop=\"blogPost\" ><div class='avia_textblock  '   itemprop=\"text\" ><p class=\"v1MsoNormal\" style=\"text-align: justify;\">\u25cf <i>Tras m\u00e1s de tres a\u00f1os de pesquisa, el organismo fiscalizador ha determinado que en varios casos de parcelaciones en la Patagonia son \u00absusceptibles de generar alg\u00fan impacto sobre el valor tur\u00edstico y paisaj\u00edstico\u00bb de la ZOIT Ays\u00e9n Patagonia Queulat, que para efectos del SEIA es considerada \u00ab\u00e1rea puesta bajo protecci\u00f3n oficial\u00bb.<span class=\"v1gmail-Apple-converted-space\">\u00a0<\/span><\/i><\/p>\n<p class=\"v1MsoNormal\" style=\"text-align: justify;\">\u25cf <i>Uno de ellos contempla \u00abun refugio, infraestructura que permita proveer de servicios b\u00e1sicos de agua y electricidad a la zona de uso intensivo, y la infraestructura que tenga por objeto permitir acceso al sector y a viviendas mediante senderos, puentes, pasarelas, miradores, helipuertos y embarcaderos\u00bb.<\/i><\/p>\n<p class=\"v1MsoNormal\" style=\"text-align: justify;\">Tres procedimientos requerimiento de ingreso al Sistema de Evaluaci\u00f3n de Impacto Ambiental por estar emplazados en la Zona de Inter\u00e9s Tur\u00edstico (ZOIT) Ays\u00e9n Patagonia Queulat, entre otras causales, inici\u00f3 durante los \u00faltimos meses la Superintendencia del Medio Ambiente contra loteos ligados a la empresa Biosfera Austral. Esto, tras m\u00e1s de tres a\u00f1os desde que el organismo fiscalizara las iniciativas.<\/p>\n<p class=\"v1MsoNormal\" style=\"text-align: justify;\">En el mes de mayo se emiti\u00f3 la resoluci\u00f3n correspondiente al proyecto<span class=\"v1gmail-Apple-converted-space\">\u00a0<\/span><a href=\"https:\/\/snifa.sma.gob.cl\/RequerimientoIngreso\/Ficha\/231\" target=\"_blank\" rel=\"noopener noreferrer\"><b>Parque Austral<\/b><\/a>, cuyo titular fue notificado durante el mes de julio. La parcelaci\u00f3n es una \u00ab<i>iniciativa de esparcimiento que abarca 170,86 hect\u00e1reas, subdivididas en 24 lotes, con proyecci\u00f3n de futuras edificaciones. Se emplaza en el sector del camino La Junta\u2013Ra\u00fal Mar\u00edn Balmaceda<\/i>\u00bb se\u00f1ala el requerimiento.<\/p>\n<p class=\"v1MsoNormal\" style=\"text-align: justify;\">Seg\u00fan un informe entregado por Sernatur Ays\u00e9n, las futuras obras ser\u00edan \u00ab<i>susceptibles de generar alg\u00fan impacto sobre el valor tur\u00edstico y paisaj\u00edstico<\/i>\u00bb de la ZOIT, que para efectos del SEIA es considerada \u00ab<i>\u00e1rea puesta bajo protecci\u00f3n oficial<\/i>\u00ab. Por ello se configurar\u00eda la hip\u00f3tesis de elusi\u00f3n de la normativa ambiental vigente, que se dilucidar\u00e1 durante el procedimiento.<\/p>\n<p class=\"v1MsoNormal\" style=\"text-align: justify;\">El proyecto es impulsado por Sociedad Parque Austral SpA, siendo comercializado y promocionado por la empresa<span class=\"v1gmail-Apple-converted-space\">\u00a0<\/span><a href=\"https:\/\/www.biosfera-austral.com\/\" target=\"_blank\" rel=\"noopener noreferrer\">Biosfera Austral<\/a>. Esta \u00faltima, bajo la figura de \u00ab<i>derecho real de conservaci\u00f3n<\/i>\u00bb (con Geute Conservaci\u00f3n Sur como garante), est\u00e1 impulsando iniciativas inmobiliarias en varios sectores de la Patagonia. Tambi\u00e9n en<span class=\"v1gmail-Apple-converted-space\">\u00a0<\/span><a href=\"https:\/\/www.instagram.com\/biosfera_austral\/p\/DEcsgzExyHm\/\" target=\"_blank\" rel=\"noopener noreferrer\">Uruguay<\/a><span class=\"v1gmail-Apple-converted-space\">\u00a0<\/span>e incluso en terrenos de los que<span class=\"v1gmail-Apple-converted-space\">\u00a0<\/span><a href=\"https:\/\/www.biosfera-austral.com\/proyectos\/fundo-las-rosas\" target=\"_blank\" rel=\"noopener noreferrer\">fuera propietario el conservacionista Douglas Tompkins<\/a>, en El Amarillo, en la regi\u00f3n de Los Lagos.<\/p>\n<p class=\"v1MsoNormal\" style=\"text-align: justify;\">Actualmente est\u00e1n abiertos otros dos requerimientos en la comuna de Cisnes: los loteos<span class=\"v1gmail-Apple-converted-space\">\u00a0<\/span><b><a href=\"https:\/\/snifa.sma.gob.cl\/RequerimientoIngreso\/Ficha\/228\" target=\"_blank\" rel=\"noopener noreferrer\">Valle R\u00edo Figueroa<\/a><\/b>(71 lotes, de R\u00edo Figueroa SpA) y<span class=\"v1gmail-Apple-converted-space\">\u00a0<\/span><b><a href=\"https:\/\/snifa.sma.gob.cl\/RequerimientoIngreso\/Ficha\/216\" target=\"_blank\" rel=\"noopener noreferrer\">Reserva Escondida<\/a><\/b><span class=\"v1gmail-Apple-converted-space\">\u00a0<\/span>(67 lotes, de Sociedad Laguna Escondida SpA). En el caso de<span class=\"v1gmail-Apple-converted-space\">\u00a0<\/span><b>Parque R\u00edo Palena<\/b>, otra de sus iniciativas en la regi\u00f3n y que<span class=\"v1gmail-Apple-converted-space\">\u00a0<\/span><a href=\"https:\/\/scott-propiedades.cl\/site\/properties\/166124\/lotes-a-orillas-de-rio-palena\" target=\"_blank\" rel=\"noopener noreferrer\">contempla 78 lotes<\/a>, la Superintendencia del Medio Ambiente<span class=\"v1gmail-Apple-converted-space\">\u00a0<\/span><a href=\"https:\/\/snifa.sma.gob.cl\/UnidadFiscalizable\/Ficha\/19414\" target=\"_blank\" rel=\"noopener noreferrer\">a\u00fan lo ha fiscalizado<\/a><span class=\"v1gmail-Apple-converted-space\">\u00a0<\/span>ni, por ende, establecido si existe una posible causal de elusi\u00f3n del SEIA.<\/p>\n<p class=\"v1MsoNormal\" style=\"text-align: justify;\">En total, se trata de cuatro proyectos por un total de 240 lotes en Ays\u00e9n.<\/p>\n<p class=\"v1MsoNormal\" style=\"text-align: justify;\">En este contexto, para el caso de Reserva Escondida, el Servicio de Evaluaci\u00f3n Ambiental ya<span class=\"v1gmail-Apple-converted-space\">\u00a0<\/span><a href=\"https:\/\/snifa.sma.gob.cl\/General\/Descargar\/20901005346\" target=\"_blank\" rel=\"noopener noreferrer\">emiti\u00f3 un pronunciamiento<\/a><span class=\"v1gmail-Apple-converted-space\">\u00a0<\/span>en el cual consign\u00f3 que, en su opini\u00f3n, a\u00fan no se configuran las causales para ingreso al SEIA bajo la causal de estar al interior de un \u00e1rea puesta bajo protecci\u00f3n oficial o contemplar obras de equipamiento con infraestructura permanente destinada a actividades deportivas y de esparcimiento en predios superiores a dos hect\u00e1reas. La opini\u00f3n se basa en que a la fecha \u00ab<i>no se ha constatado la existencia de obras que constituyan edificaciones, en los t\u00e9rminos descritos anteriormente, puesto que el titular se limit\u00f3 a subdividir y vender los lotes<\/i>\u00ab.<\/p>\n<p class=\"v1MsoNormal\" style=\"text-align: justify;\">Sin embargo hizo una prevenci\u00f3n: esto ocurre s\u00f3lo porque \u00ab<i>de las actividades de inspecci\u00f3n ambiental efectuadas al proyecto s\u00f3lo fue posible constatar la existencia de la subdivisi\u00f3n de los predios&#8230; y su venta<\/i>\u00ab, pero \u00ab<i>en caso de constatarse la ejecuci\u00f3n de obras o actividades por parte de Laguna Escondida SpA, destinadas a habilitar o urbanizar los predios<\/i>\u00bb s\u00ed se podr\u00eda configurar la causal de ingreso \u00ab<i>en la medida que se constate la afectaci\u00f3n de alguno de los objetos de protecci\u00f3n de car\u00e1cter ambiental de la ZOIT Ays\u00e9n Patagonia Queulat<\/i>\u00ab.<\/p>\n<p class=\"v1MsoNormal\" style=\"text-align: justify;\">Esto, ya que se constat\u00f3 en este caso que en el contrato de \u00ab<i>derecho real de conservaci\u00f3n<\/i>\u00bb se estipul\u00f3 que se \u00ab<i>construir\u00eda un refugio, infraestructura que permita proveer de servicios b\u00e1sicos de agua y electricidad a la zona de uso intensivo, y la infraestructura que tenga por objeto permitir acceso al sector y a viviendas mediante senderos, puentes, pasarelas, miradores, helipuertos y embarcaderos<\/i>\u00ab.<\/p>\n<\/div><\/section><\/div><div  style='height:50px' class='hr hr-invisible   avia-builder-el-6  el_after_av_one_full  el_before_av_social_share '><span class='hr-inner ' ><span class='hr-inner-style'><\/span><\/span><\/div><\/p>\n<div  class='av-social-sharing-box  avia-builder-el-7  el_after_av_hr  el_before_av_hr  '><div class='av-share-box'><h5 class='av-share-link-description av-no-toc '>Compartir esta noticia<\/h5><ul class='av-share-box-list noLightbox'><li class='av-share-link av-social-link-facebook' ><a target=\"_blank\" aria-label=\"Compartir en Facebook\" href='https:\/\/www.facebook.com\/sharer.php?u=https:\/\/radiorevelacionfm.cl\/?p=57483&#038;t=Ligados%20a%20Biosfera%20Austral%20en%20la%20comuna%20de%20Cisnes%3A%20SMA%20instruye%20procedimientos%20para%20determinar%20si%20tres%20loteos%20en%20Ays%C3%A9n%20con%20%C2%ABderecho%20real%20de%20conservaci%C3%B3n%C2%BB%20eludieron%20el%20SEIA' aria-hidden='false' data-av_icon='\ue8f3' data-av_iconfont='entypo-fontello' title='' data-avia-related-tooltip='Compartir en Facebook' rel=\"noopener\"><span class='avia_hidden_link_text'>Compartir en Facebook<\/span><\/a><\/li><li class='av-share-link av-social-link-twitter' ><a target=\"_blank\" aria-label=\"Compartir en Twitter\" href='https:\/\/twitter.com\/share?text=Ligados%20a%20Biosfera%20Austral%20en%20la%20comuna%20de%20Cisnes%3A%20SMA%20instruye%20procedimientos%20para%20determinar%20si%20tres%20loteos%20en%20Ays%C3%A9n%20con%20%C2%ABderecho%20real%20de%20conservaci%C3%B3n%C2%BB%20eludieron%20el%20SEIA&#038;url=https:\/\/radiorevelacionfm.cl\/?p=57483' aria-hidden='false' data-av_icon='\ue8f1' data-av_iconfont='entypo-fontello' title='' data-avia-related-tooltip='Compartir en Twitter' rel=\"noopener\"><span class='avia_hidden_link_text'>Compartir en Twitter<\/span><\/a><\/li><li class='av-share-link av-social-link-whatsapp' ><a target=\"_blank\" aria-label=\"Compartir en Whatsapp\" href='https:\/\/api.whatsapp.com\/send?text=https:\/\/radiorevelacionfm.cl\/?p=57483' aria-hidden='false' data-av_icon='\uf232' data-av_iconfont='entypo-fontello' title='' data-avia-related-tooltip='Compartir en Whatsapp' rel=\"noopener\"><span class='avia_hidden_link_text'>Compartir en Whatsapp<\/span><\/a><\/li><li class='av-share-link av-social-link-linkedin' ><a target=\"_blank\" aria-label=\"Compartir en LinkedIn\" href='https:\/\/linkedin.com\/shareArticle?mini=true&#038;title=Ligados%20a%20Biosfera%20Austral%20en%20la%20comuna%20de%20Cisnes%3A%20SMA%20instruye%20procedimientos%20para%20determinar%20si%20tres%20loteos%20en%20Ays%C3%A9n%20con%20%C2%ABderecho%20real%20de%20conservaci%C3%B3n%C2%BB%20eludieron%20el%20SEIA&#038;url=https:\/\/radiorevelacionfm.cl\/?p=57483' aria-hidden='false' data-av_icon='\ue8fc' data-av_iconfont='entypo-fontello' title='' data-avia-related-tooltip='Compartir en LinkedIn' rel=\"noopener\"><span class='avia_hidden_link_text'>Compartir en LinkedIn<\/span><\/a><\/li><li class='av-share-link av-social-link-mail' ><a  aria-label=\"Compartir por correo\" href='mailto:?subject=Ligados%20a%20Biosfera%20Austral%20en%20la%20comuna%20de%20Cisnes%3A%20SMA%20instruye%20procedimientos%20para%20determinar%20si%20tres%20loteos%20en%20Ays%C3%A9n%20con%20%C2%ABderecho%20real%20de%20conservaci%C3%B3n%C2%BB%20eludieron%20el%20SEIA&#038;body=https:\/\/radiorevelacionfm.cl\/?p=57483' aria-hidden='false' data-av_icon='\ue805' data-av_iconfont='entypo-fontello' title='' data-avia-related-tooltip='Compartir por correo'><span class='avia_hidden_link_text'>Compartir por correo<\/span><\/a><\/li><\/ul><\/div><\/div>\n<div  style='height:50px' class='hr hr-invisible   avia-builder-el-8  el_after_av_social_share  el_before_av_comments_list '><span class='hr-inner ' ><span class='hr-inner-style'><\/span><\/span><\/div>\n<div  class='av-buildercomment  av-blog-meta-html-info-disabled av-blog-meta-tag-disabled  '><\/div>\n","protected":false},"excerpt":{"rendered":"","protected":false},"author":1,"featured_media":57484,"comment_status":"closed","ping_status":"closed","sticky":false,"template":"","format":"standard","meta":{"footnotes":""},"categories":[39],"tags":[],"class_list":["post-57483","post","type-post","status-publish","format-standard","has-post-thumbnail","hentry","category-medio-ambiente"],"jetpack_featured_media_url":"https:\/\/radiorevelacionfm.cl\/wp-content\/uploads\/2025\/08\/Loteo-Laguna-Escondida-1.jpg","_links":{"self":[{"href":"https:\/\/radiorevelacionfm.cl\/index.php?rest_route=\/wp\/v2\/posts\/57483","targetHints":{"allow":["GET"]}}],"collection":[{"href":"https:\/\/radiorevelacionfm.cl\/index.php?rest_route=\/wp\/v2\/posts"}],"about":[{"href":"https:\/\/radiorevelacionfm.cl\/index.php?rest_route=\/wp\/v2\/types\/post"}],"author":[{"embeddable":true,"href":"https:\/\/radiorevelacionfm.cl\/index.php?rest_route=\/wp\/v2\/users\/1"}],"replies":[{"embeddable":true,"href":"https:\/\/radiorevelacionfm.cl\/index.php?rest_route=%2Fwp%2Fv2%2Fcomments&post=57483"}],"version-history":[{"count":2,"href":"https:\/\/radiorevelacionfm.cl\/index.php?rest_route=\/wp\/v2\/posts\/57483\/revisions"}],"predecessor-version":[{"id":57486,"href":"https:\/\/radiorevelacionfm.cl\/index.php?rest_route=\/wp\/v2\/posts\/57483\/revisions\/57486"}],"wp:featuredmedia":[{"embeddable":true,"href":"https:\/\/radiorevelacionfm.cl\/index.php?rest_route=\/wp\/v2\/media\/57484"}],"wp:attachment":[{"href":"https:\/\/radiorevelacionfm.cl\/index.php?rest_route=%2Fwp%2Fv2%2Fmedia&parent=57483"}],"wp:term":[{"taxonomy":"category","embeddable":true,"href":"https:\/\/radiorevelacionfm.cl\/index.php?rest_route=%2Fwp%2Fv2%2Fcategories&post=57483"},{"taxonomy":"post_tag","embeddable":true,"href":"https:\/\/radiorevelacionfm.cl\/index.php?rest_route=%2Fwp%2Fv2%2Ftags&post=57483"}],"curies":[{"name":"wp","href":"https:\/\/api.w.org\/{rel}","templated":true}]}}