{"id":57473,"date":"2025-08-07T11:17:37","date_gmt":"2025-08-07T14:17:37","guid":{"rendered":"https:\/\/radiorevelacionfm.cl\/?p=57473"},"modified":"2025-08-07T11:17:37","modified_gmt":"2025-08-07T14:17:37","slug":"principales-actores-de-la-industria-acuicola-de-la-macrozona-austral-se-reuniran-en-puerto-aysen","status":"publish","type":"post","link":"https:\/\/radiorevelacionfm.cl\/?p=57473","title":{"rendered":"Principales actores de la industria acu\u00edcola de la Macrozona Austral se reunir\u00e1n en Puerto Ays\u00e9n"},"content":{"rendered":"<div class=\"flex_column av_one_full  flex_column_div av-zero-column-padding first  avia-builder-el-0  el_before_av_one_full  avia-builder-el-first  \" style='border-radius:0px; '><div  class='avia-image-container  av-styling-    avia-builder-el-1  avia-builder-el-no-sibling  avia-align-center '  itemprop=\"image\" itemscope=\"itemscope\" itemtype=\"https:\/\/schema.org\/ImageObject\"  ><div class='avia-image-container-inner'><div class='avia-image-overlay-wrap'><img decoding=\"async\" class='wp-image-57480 avia-img-lazy-loading-not-57480 avia_image' src=\"https:\/\/radiorevelacionfm.cl\/wp-content\/uploads\/2025\/08\/Centro-cultivo-Aysen2-696x521-1-1.jpg\" alt='' title='Centro-cultivo-Ays\u00e9n2-696x521 (1) (1)' height=\"600\" width=\"802\"  itemprop=\"thumbnailUrl\" srcset=\"https:\/\/radiorevelacionfm.cl\/wp-content\/uploads\/2025\/08\/Centro-cultivo-Aysen2-696x521-1-1.jpg 802w, https:\/\/radiorevelacionfm.cl\/wp-content\/uploads\/2025\/08\/Centro-cultivo-Aysen2-696x521-1-1-300x224.jpg 300w, https:\/\/radiorevelacionfm.cl\/wp-content\/uploads\/2025\/08\/Centro-cultivo-Aysen2-696x521-1-1-768x575.jpg 768w, https:\/\/radiorevelacionfm.cl\/wp-content\/uploads\/2025\/08\/Centro-cultivo-Aysen2-696x521-1-1-705x527.jpg 705w, https:\/\/radiorevelacionfm.cl\/wp-content\/uploads\/2025\/08\/Centro-cultivo-Aysen2-696x521-1-1-450x337.jpg 450w, https:\/\/radiorevelacionfm.cl\/wp-content\/uploads\/2025\/08\/Centro-cultivo-Aysen2-696x521-1-1-600x449.jpg 600w\" sizes=\"(max-width: 802px) 100vw, 802px\" \/><\/div><\/div><\/div><\/div><div class=\"flex_column av_one_full  flex_column_div av-zero-column-padding first  avia-builder-el-2  el_after_av_one_full  el_before_av_one_full  column-top-margin\" style='border-radius:0px; '><section class=\"av_textblock_section \"  itemscope=\"itemscope\" itemtype=\"https:\/\/schema.org\/BlogPosting\" itemprop=\"blogPost\" ><div class='avia_textblock  '   itemprop=\"text\" ><p style=\"text-align: center;\"><strong><span style=\"font-size: 18pt;\">Principales actores de la industria acu\u00edcola de la Macrozona Austral se reunir\u00e1n en Puerto Ays\u00e9n<\/span><\/strong><\/p>\n<div id=\"gtx-trans\" style=\"position: absolute; left: -50px; top: 4.31534px;\">\n<div class=\"gtx-trans-icon\"><\/div>\n<\/div>\n<\/div><\/section><\/div><\/p>\n<div class=\"flex_column av_one_full  flex_column_div av-zero-column-padding first  avia-builder-el-4  el_after_av_one_full  el_before_av_hr  column-top-margin\" style='border-radius:0px; '><section class=\"av_textblock_section \"  itemscope=\"itemscope\" itemtype=\"https:\/\/schema.org\/BlogPosting\" itemprop=\"blogPost\" ><div class='avia_textblock  '   itemprop=\"text\" ><p style=\"text-align: justify;\">Representantes del sector p\u00fablico y privado trabajar\u00e1n en los lineamientos para el desarrollo sostenible de la industria acu\u00edcola en la Regi\u00f3n de Ays\u00e9n, Los Lagos y Magallanes este jueves 7 de agosto.<\/p>\n<p style=\"text-align: justify;\">Este jueves 7 de agosto se realizar\u00e1 en Puerto Ays\u00e9n el tercer encuentro del Plan Salm\u00f3n, iniciativa impulsada por los gobernadores de la Regi\u00f3n de Los Lagos, Ays\u00e9n y Magallanes, y los alcaldes de Puerto Montt y Punta Arenas.<\/p>\n<p style=\"text-align: justify;\">El Plan Salm\u00f3n es una iniciativa p\u00fablico privada que busca proyectar el crecimiento sostenible de la industria acu\u00edcola en la macrozona austral del pa\u00eds de aqu\u00ed al 2050, abordando aspectos econ\u00f3micos, sociales y medio ambientales.<\/p>\n<p style=\"text-align: justify;\">En el encuentro de Puerto Ays\u00e9n, el tercero desde su creaci\u00f3n, se discutir\u00e1 y entregar\u00e1 el resultado de una de las cuatro l\u00edneas de trabajo. Se trata del primer documento y contiene una propuesta sobre las certezas jur\u00eddicas y normativas necesarias para el desarrollo sostenible del sector acu\u00edcola de la Macrozona Austral.<\/p>\n<p style=\"text-align: justify;\">Paralelamente, se continuar\u00e1 trabajando en las otras tres l\u00edneas: \u201cProfesionalizaci\u00f3n, inclusi\u00f3n y bienestar laboral\u201d; \u201cCrecimiento productivo y fortalecimiento de proveedores como motor de desarrollo local\u201d y \u201cSostenibilidad social, ambiental y econ\u00f3mica como base del crecimiento\u201d, cuyos resultados se presentar\u00e1n progresivamente en los siguientes encuentros del Plan Salm\u00f3n que se realizar\u00e1n en otras localidades de la Macrozona Austral.<\/p>\n<p style=\"text-align: justify;\">Este y los futuros documentos se consolidar\u00e1n como un insumo para la toma de decisiones en el sector.<\/p>\n<p style=\"text-align: justify;\">De esta manera, se busca mejorar la competitividad de la industria en la macrozona austral, potenciar la presencia de pymes locales relacionadas al sector y trabajar en la permisolog\u00eda, de manera que no sea un impedimento para el desarrollo de la acuicultura tanto en Ays\u00e9n como las otras regiones del extremo sur del pa\u00eds.<\/p>\n<p style=\"text-align: justify;\">Estar\u00e1n presentes en esta oportunidad, el gobernador regional de Ays\u00e9n, Marcelo Santana Vargas; el alcalde de Puerto Montt, Rodrigo Wainraihgt Galilea; y el alcalde de Punta Arenas, Claudio Radonich Jim\u00e9nez. Adem\u00e1s, estar\u00e1n presentes el alcalde de Ays\u00e9n, Luis Mart\u00ednez; el alcalde de Cisnes, Francisco Roncagliolo; el alcalde de Calbuco, Marco Silva; el alcalde de Chonchi, Fernando Oyarz\u00fan, entre otras autoridades regionales y representantes de la industria acu\u00edcola y sindicatos.<\/p>\n<\/div><\/section><\/div>\n<div  style='height:50px' class='hr hr-invisible   avia-builder-el-6  el_after_av_one_full  el_before_av_social_share '><span class='hr-inner ' ><span class='hr-inner-style'><\/span><\/span><\/div>\n<div  class='av-social-sharing-box  avia-builder-el-7  el_after_av_hr  el_before_av_hr  '><div class='av-share-box'><h5 class='av-share-link-description av-no-toc '>Compartir esta noticia<\/h5><ul class='av-share-box-list noLightbox'><li class='av-share-link av-social-link-facebook' ><a target=\"_blank\" aria-label=\"Compartir en Facebook\" href='https:\/\/www.facebook.com\/sharer.php?u=https:\/\/radiorevelacionfm.cl\/?p=57473&#038;t=Principales%20actores%20de%20la%20industria%20acu%C3%ADcola%20de%20la%20Macrozona%20Austral%20se%20reunir%C3%A1n%20en%20Puerto%20Ays%C3%A9n' aria-hidden='false' data-av_icon='\ue8f3' data-av_iconfont='entypo-fontello' title='' data-avia-related-tooltip='Compartir en Facebook' rel=\"noopener\"><span class='avia_hidden_link_text'>Compartir en Facebook<\/span><\/a><\/li><li class='av-share-link av-social-link-twitter' ><a target=\"_blank\" aria-label=\"Compartir en Twitter\" href='https:\/\/twitter.com\/share?text=Principales%20actores%20de%20la%20industria%20acu%C3%ADcola%20de%20la%20Macrozona%20Austral%20se%20reunir%C3%A1n%20en%20Puerto%20Ays%C3%A9n&#038;url=https:\/\/radiorevelacionfm.cl\/?p=57473' aria-hidden='false' data-av_icon='\ue8f1' data-av_iconfont='entypo-fontello' title='' data-avia-related-tooltip='Compartir en Twitter' rel=\"noopener\"><span class='avia_hidden_link_text'>Compartir en Twitter<\/span><\/a><\/li><li class='av-share-link av-social-link-whatsapp' ><a target=\"_blank\" aria-label=\"Compartir en Whatsapp\" href='https:\/\/api.whatsapp.com\/send?text=https:\/\/radiorevelacionfm.cl\/?p=57473' aria-hidden='false' data-av_icon='\uf232' data-av_iconfont='entypo-fontello' title='' data-avia-related-tooltip='Compartir en Whatsapp' rel=\"noopener\"><span class='avia_hidden_link_text'>Compartir en Whatsapp<\/span><\/a><\/li><li class='av-share-link av-social-link-linkedin' ><a target=\"_blank\" aria-label=\"Compartir en LinkedIn\" href='https:\/\/linkedin.com\/shareArticle?mini=true&#038;title=Principales%20actores%20de%20la%20industria%20acu%C3%ADcola%20de%20la%20Macrozona%20Austral%20se%20reunir%C3%A1n%20en%20Puerto%20Ays%C3%A9n&#038;url=https:\/\/radiorevelacionfm.cl\/?p=57473' aria-hidden='false' data-av_icon='\ue8fc' data-av_iconfont='entypo-fontello' title='' data-avia-related-tooltip='Compartir en LinkedIn' rel=\"noopener\"><span class='avia_hidden_link_text'>Compartir en LinkedIn<\/span><\/a><\/li><li class='av-share-link av-social-link-mail' ><a  aria-label=\"Compartir por correo\" href='mailto:?subject=Principales%20actores%20de%20la%20industria%20acu%C3%ADcola%20de%20la%20Macrozona%20Austral%20se%20reunir%C3%A1n%20en%20Puerto%20Ays%C3%A9n&#038;body=https:\/\/radiorevelacionfm.cl\/?p=57473' aria-hidden='false' data-av_icon='\ue805' data-av_iconfont='entypo-fontello' title='' data-avia-related-tooltip='Compartir por correo'><span class='avia_hidden_link_text'>Compartir por correo<\/span><\/a><\/li><\/ul><\/div><\/div>\n<div  style='height:50px' class='hr hr-invisible   avia-builder-el-8  el_after_av_social_share  el_before_av_comments_list '><span class='hr-inner ' ><span class='hr-inner-style'><\/span><\/span><\/div>\n<div  class='av-buildercomment  av-blog-meta-html-info-disabled av-blog-meta-tag-disabled  '><\/div>\n","protected":false},"excerpt":{"rendered":"","protected":false},"author":1,"featured_media":57480,"comment_status":"closed","ping_status":"closed","sticky":false,"template":"","format":"standard","meta":{"footnotes":""},"categories":[38],"tags":[],"class_list":["post-57473","post","type-post","status-publish","format-standard","has-post-thumbnail","hentry","category-regional"],"jetpack_featured_media_url":"https:\/\/radiorevelacionfm.cl\/wp-content\/uploads\/2025\/08\/Centro-cultivo-Aysen2-696x521-1-1.jpg","_links":{"self":[{"href":"https:\/\/radiorevelacionfm.cl\/index.php?rest_route=\/wp\/v2\/posts\/57473","targetHints":{"allow":["GET"]}}],"collection":[{"href":"https:\/\/radiorevelacionfm.cl\/index.php?rest_route=\/wp\/v2\/posts"}],"about":[{"href":"https:\/\/radiorevelacionfm.cl\/index.php?rest_route=\/wp\/v2\/types\/post"}],"author":[{"embeddable":true,"href":"https:\/\/radiorevelacionfm.cl\/index.php?rest_route=\/wp\/v2\/users\/1"}],"replies":[{"embeddable":true,"href":"https:\/\/radiorevelacionfm.cl\/index.php?rest_route=%2Fwp%2Fv2%2Fcomments&post=57473"}],"version-history":[{"count":3,"href":"https:\/\/radiorevelacionfm.cl\/index.php?rest_route=\/wp\/v2\/posts\/57473\/revisions"}],"predecessor-version":[{"id":57482,"href":"https:\/\/radiorevelacionfm.cl\/index.php?rest_route=\/wp\/v2\/posts\/57473\/revisions\/57482"}],"wp:featuredmedia":[{"embeddable":true,"href":"https:\/\/radiorevelacionfm.cl\/index.php?rest_route=\/wp\/v2\/media\/57480"}],"wp:attachment":[{"href":"https:\/\/radiorevelacionfm.cl\/index.php?rest_route=%2Fwp%2Fv2%2Fmedia&parent=57473"}],"wp:term":[{"taxonomy":"category","embeddable":true,"href":"https:\/\/radiorevelacionfm.cl\/index.php?rest_route=%2Fwp%2Fv2%2Fcategories&post=57473"},{"taxonomy":"post_tag","embeddable":true,"href":"https:\/\/radiorevelacionfm.cl\/index.php?rest_route=%2Fwp%2Fv2%2Ftags&post=57473"}],"curies":[{"name":"wp","href":"https:\/\/api.w.org\/{rel}","templated":true}]}}