{"id":57470,"date":"2025-08-07T13:08:24","date_gmt":"2025-08-07T16:08:24","guid":{"rendered":"https:\/\/radiorevelacionfm.cl\/?p=57470"},"modified":"2025-08-07T13:08:24","modified_gmt":"2025-08-07T16:08:24","slug":"aprueban-proyecto-de-la-diputada-raphael-que-fiscaliza-denuncias-de-acoso-sexual-en-la-educacion-superior-y-da-garantia-a-victimas","status":"publish","type":"post","link":"https:\/\/radiorevelacionfm.cl\/?p=57470","title":{"rendered":"Aprueban proyecto de la diputada Raphael que fiscaliza denuncias de acoso sexual en la educaci\u00f3n superior y da garant\u00eda a v\u00edctimas"},"content":{"rendered":"<div class=\"flex_column av_one_full  flex_column_div av-zero-column-padding first  avia-builder-el-0  el_before_av_one_full  avia-builder-el-first  \" style='border-radius:0px; '><div  class='avia-image-container  av-styling-    avia-builder-el-1  avia-builder-el-no-sibling  avia-align-center '  itemprop=\"image\" itemscope=\"itemscope\" itemtype=\"https:\/\/schema.org\/ImageObject\"  ><div class='avia-image-container-inner'><div class='avia-image-overlay-wrap'><img decoding=\"async\" class='wp-image-57471 avia-img-lazy-loading-not-57471 avia_image' src=\"https:\/\/radiorevelacionfm.cl\/wp-content\/uploads\/2025\/08\/Aprobacion-proyecto-Diputada-Marcia-Raphael-1-1.jpg\" alt='' title='Aprobaci\u00f3n proyecto Diputada Marcia Raphael (1) (1)' height=\"606\" width=\"800\"  itemprop=\"thumbnailUrl\" srcset=\"https:\/\/radiorevelacionfm.cl\/wp-content\/uploads\/2025\/08\/Aprobacion-proyecto-Diputada-Marcia-Raphael-1-1.jpg 800w, https:\/\/radiorevelacionfm.cl\/wp-content\/uploads\/2025\/08\/Aprobacion-proyecto-Diputada-Marcia-Raphael-1-1-300x227.jpg 300w, https:\/\/radiorevelacionfm.cl\/wp-content\/uploads\/2025\/08\/Aprobacion-proyecto-Diputada-Marcia-Raphael-1-1-768x582.jpg 768w, https:\/\/radiorevelacionfm.cl\/wp-content\/uploads\/2025\/08\/Aprobacion-proyecto-Diputada-Marcia-Raphael-1-1-705x534.jpg 705w, https:\/\/radiorevelacionfm.cl\/wp-content\/uploads\/2025\/08\/Aprobacion-proyecto-Diputada-Marcia-Raphael-1-1-450x341.jpg 450w, https:\/\/radiorevelacionfm.cl\/wp-content\/uploads\/2025\/08\/Aprobacion-proyecto-Diputada-Marcia-Raphael-1-1-600x455.jpg 600w\" sizes=\"(max-width: 800px) 100vw, 800px\" \/><\/div><\/div><\/div><\/div><div class=\"flex_column av_one_full  flex_column_div av-zero-column-padding first  avia-builder-el-2  el_after_av_one_full  el_before_av_one_full  column-top-margin\" style='border-radius:0px; '><section class=\"av_textblock_section \"  itemscope=\"itemscope\" itemtype=\"https:\/\/schema.org\/BlogPosting\" itemprop=\"blogPost\" ><div class='avia_textblock  '   itemprop=\"text\" ><p style=\"text-align: center;\"><span style=\"font-size: 18pt;\"><b>Aprueban proyecto de la diputada Raphael que fiscaliza denuncias de acoso sexual en la educaci\u00f3n superior y da garant\u00eda a v\u00edctimas<\/b><\/span><\/p>\n<div id=\"gtx-trans\" style=\"position: absolute; left: -50px; top: 4.31534px;\">\n<div class=\"gtx-trans-icon\"><\/div>\n<\/div>\n<\/div><\/section><\/div><div class=\"flex_column av_one_full  flex_column_div av-zero-column-padding first  avia-builder-el-4  el_after_av_one_full  el_before_av_hr  column-top-margin\" style='border-radius:0px; '><section class=\"av_textblock_section \"  itemscope=\"itemscope\" itemtype=\"https:\/\/schema.org\/BlogPosting\" itemprop=\"blogPost\" ><div class='avia_textblock  '   itemprop=\"text\" ><p style=\"font-weight: 400; text-align: justify;\"><em>El texto de autor\u00eda de la diputada Marcia Raphael, fue despachado a su segundo tr\u00e1mite, y busca avanzar en el apoyo a las v\u00edctimas, realizando modificaciones que permitan una mayor operatividad en la Superintendencia de Educaci\u00f3n Superior para fiscalizar las denuncias.<\/em><\/p>\n<p style=\"font-weight: 400; text-align: justify;\">De manera un\u00e1nime fue aprobado en general y en particular, el proyecto presentado por la diputada de la Regi\u00f3n de Ays\u00e9n, Marcia Raphael, cuyo objetivo es garantizar respuestas efectivas ante denuncias de acoso sexual, violencia y discriminaci\u00f3n en universidades, institutos profesionales y centros de formaci\u00f3n t\u00e9cnica. Sean estas por causas que involucren a estudiantes y pares, o bien a docentes o integrantes administrativos de las casas de estudios superiores y estudiantes.<\/p>\n<p style=\"font-weight: 400; text-align: justify;\">Sobre el proyecto, la diputada, Marcia Raphael Mora detall\u00f3 que \u201clo que estamos logrando con esta reforma &#8211; ya que es una normativa existente-, pero que no se estaba aplicando bien en la pr\u00e1ctica y en la realidad frente a estos casos, es fortalecer el rol que tiene la Superintendencia de Educaci\u00f3n Superior, al otorgarle m\u00e1s instrumentos para fiscalizar a las instituciones, revisar sus protocolos y exigir que se cumplan, adem\u00e1s de garantizar un acompa\u00f1amiento real a las v\u00edctimas a fin de otorgar justicia, y esto es muy relevante\u201d.<\/p>\n<p style=\"font-weight: 400; text-align: justify;\">\u201cLo que queremos revertir es que se apliquen las sanciones que correspondan a cada caso porque se daba mucho espacio a la impunidad o resultados desfavorables en el contexto de las denuncias que se dan ya sea por violencia, acoso sexual o alg\u00fan tipo de discriminaci\u00f3n en las Universidades o Institutos y Centros de Formaci\u00f3n T\u00e9cnica, y por supuesto, compromete tambi\u00e9n a las instituciones a estar m\u00e1s preparadas en materia de convivencia y situaciones que afectan la salud mental de las personas\u201d, agreg\u00f3 la diputada Raphael.<\/p>\n<p style=\"font-weight: 400; text-align: justify;\">Finalmente, Marcia Raphael, enfatiz\u00f3 que \u201ccreo que estas iniciativas son importantes pensando en los j\u00f3venes de nuestra regi\u00f3n, que tienen que migrar a otras ciudades para concretar sus estudios profesionales o bien quienes tambi\u00e9n han optado por estudiar aqu\u00ed, y muchas veces se ven enfrentados a situaciones de este tipo, violencia, discriminaci\u00f3n o acoso sexual, y no logran tener respuestas frente a una denuncia, considerando que son situaciones complejas y que da\u00f1an directamente la salud mental, m\u00e1s a\u00fan al no contar con la contenci\u00f3n y el acompa\u00f1amiento profesional necesario\u201d.<\/p>\n<\/div><\/section><\/div><div  style='height:50px' class='hr hr-invisible   avia-builder-el-6  el_after_av_one_full  el_before_av_social_share '><span class='hr-inner ' ><span class='hr-inner-style'><\/span><\/span><\/div><\/p>\n<div  class='av-social-sharing-box  avia-builder-el-7  el_after_av_hr  el_before_av_hr  '><div class='av-share-box'><h5 class='av-share-link-description av-no-toc '>Compartir esta noticia<\/h5><ul class='av-share-box-list noLightbox'><li class='av-share-link av-social-link-facebook' ><a target=\"_blank\" aria-label=\"Compartir en Facebook\" href='https:\/\/www.facebook.com\/sharer.php?u=https:\/\/radiorevelacionfm.cl\/?p=57470&#038;t=Aprueban%20proyecto%20de%20la%20diputada%20Raphael%20que%20fiscaliza%20denuncias%20de%20acoso%20sexual%20en%20la%20educaci%C3%B3n%20superior%20y%20da%20garant%C3%ADa%20a%20v%C3%ADctimas' aria-hidden='false' data-av_icon='\ue8f3' data-av_iconfont='entypo-fontello' title='' data-avia-related-tooltip='Compartir en Facebook' rel=\"noopener\"><span class='avia_hidden_link_text'>Compartir en Facebook<\/span><\/a><\/li><li class='av-share-link av-social-link-twitter' ><a target=\"_blank\" aria-label=\"Compartir en Twitter\" href='https:\/\/twitter.com\/share?text=Aprueban%20proyecto%20de%20la%20diputada%20Raphael%20que%20fiscaliza%20denuncias%20de%20acoso%20sexual%20en%20la%20educaci%C3%B3n%20superior%20y%20da%20garant%C3%ADa%20a%20v%C3%ADctimas&#038;url=https:\/\/radiorevelacionfm.cl\/?p=57470' aria-hidden='false' data-av_icon='\ue8f1' data-av_iconfont='entypo-fontello' title='' data-avia-related-tooltip='Compartir en Twitter' rel=\"noopener\"><span class='avia_hidden_link_text'>Compartir en Twitter<\/span><\/a><\/li><li class='av-share-link av-social-link-whatsapp' ><a target=\"_blank\" aria-label=\"Compartir en Whatsapp\" href='https:\/\/api.whatsapp.com\/send?text=https:\/\/radiorevelacionfm.cl\/?p=57470' aria-hidden='false' data-av_icon='\uf232' data-av_iconfont='entypo-fontello' title='' data-avia-related-tooltip='Compartir en Whatsapp' rel=\"noopener\"><span class='avia_hidden_link_text'>Compartir en Whatsapp<\/span><\/a><\/li><li class='av-share-link av-social-link-linkedin' ><a target=\"_blank\" aria-label=\"Compartir en LinkedIn\" href='https:\/\/linkedin.com\/shareArticle?mini=true&#038;title=Aprueban%20proyecto%20de%20la%20diputada%20Raphael%20que%20fiscaliza%20denuncias%20de%20acoso%20sexual%20en%20la%20educaci%C3%B3n%20superior%20y%20da%20garant%C3%ADa%20a%20v%C3%ADctimas&#038;url=https:\/\/radiorevelacionfm.cl\/?p=57470' aria-hidden='false' data-av_icon='\ue8fc' data-av_iconfont='entypo-fontello' title='' data-avia-related-tooltip='Compartir en LinkedIn' rel=\"noopener\"><span class='avia_hidden_link_text'>Compartir en LinkedIn<\/span><\/a><\/li><li class='av-share-link av-social-link-mail' ><a  aria-label=\"Compartir por correo\" href='mailto:?subject=Aprueban%20proyecto%20de%20la%20diputada%20Raphael%20que%20fiscaliza%20denuncias%20de%20acoso%20sexual%20en%20la%20educaci%C3%B3n%20superior%20y%20da%20garant%C3%ADa%20a%20v%C3%ADctimas&#038;body=https:\/\/radiorevelacionfm.cl\/?p=57470' aria-hidden='false' data-av_icon='\ue805' data-av_iconfont='entypo-fontello' title='' data-avia-related-tooltip='Compartir por correo'><span class='avia_hidden_link_text'>Compartir por correo<\/span><\/a><\/li><\/ul><\/div><\/div>\n<div  style='height:50px' class='hr hr-invisible   avia-builder-el-8  el_after_av_social_share  el_before_av_comments_list '><span class='hr-inner ' ><span class='hr-inner-style'><\/span><\/span><\/div>\n<div  class='av-buildercomment  av-blog-meta-html-info-disabled av-blog-meta-tag-disabled  '><\/div>\n","protected":false},"excerpt":{"rendered":"","protected":false},"author":1,"featured_media":57471,"comment_status":"closed","ping_status":"closed","sticky":false,"template":"","format":"standard","meta":{"footnotes":""},"categories":[35],"tags":[],"class_list":["post-57470","post","type-post","status-publish","format-standard","has-post-thumbnail","hentry","category-politica"],"jetpack_featured_media_url":"https:\/\/radiorevelacionfm.cl\/wp-content\/uploads\/2025\/08\/Aprobacion-proyecto-Diputada-Marcia-Raphael-1-1.jpg","_links":{"self":[{"href":"https:\/\/radiorevelacionfm.cl\/index.php?rest_route=\/wp\/v2\/posts\/57470","targetHints":{"allow":["GET"]}}],"collection":[{"href":"https:\/\/radiorevelacionfm.cl\/index.php?rest_route=\/wp\/v2\/posts"}],"about":[{"href":"https:\/\/radiorevelacionfm.cl\/index.php?rest_route=\/wp\/v2\/types\/post"}],"author":[{"embeddable":true,"href":"https:\/\/radiorevelacionfm.cl\/index.php?rest_route=\/wp\/v2\/users\/1"}],"replies":[{"embeddable":true,"href":"https:\/\/radiorevelacionfm.cl\/index.php?rest_route=%2Fwp%2Fv2%2Fcomments&post=57470"}],"version-history":[{"count":2,"href":"https:\/\/radiorevelacionfm.cl\/index.php?rest_route=\/wp\/v2\/posts\/57470\/revisions"}],"predecessor-version":[{"id":57497,"href":"https:\/\/radiorevelacionfm.cl\/index.php?rest_route=\/wp\/v2\/posts\/57470\/revisions\/57497"}],"wp:featuredmedia":[{"embeddable":true,"href":"https:\/\/radiorevelacionfm.cl\/index.php?rest_route=\/wp\/v2\/media\/57471"}],"wp:attachment":[{"href":"https:\/\/radiorevelacionfm.cl\/index.php?rest_route=%2Fwp%2Fv2%2Fmedia&parent=57470"}],"wp:term":[{"taxonomy":"category","embeddable":true,"href":"https:\/\/radiorevelacionfm.cl\/index.php?rest_route=%2Fwp%2Fv2%2Fcategories&post=57470"},{"taxonomy":"post_tag","embeddable":true,"href":"https:\/\/radiorevelacionfm.cl\/index.php?rest_route=%2Fwp%2Fv2%2Ftags&post=57470"}],"curies":[{"name":"wp","href":"https:\/\/api.w.org\/{rel}","templated":true}]}}