{"id":57467,"date":"2025-08-07T10:46:56","date_gmt":"2025-08-07T13:46:56","guid":{"rendered":"https:\/\/radiorevelacionfm.cl\/?p=57467"},"modified":"2025-08-07T10:46:56","modified_gmt":"2025-08-07T13:46:56","slug":"chile-chico-se-suma-a-la-campana-patagonia-ponte-las-pilas-con-nuevos-puntos-de-acopio","status":"publish","type":"post","link":"https:\/\/radiorevelacionfm.cl\/?p=57467","title":{"rendered":"Chile Chico se suma a la campa\u00f1a \u201cPatagonia ponte las pilas\u201d con nuevos puntos de acopio"},"content":{"rendered":"<div class=\"flex_column av_one_full  flex_column_div av-zero-column-padding first  avia-builder-el-0  el_before_av_one_full  avia-builder-el-first  \" style='border-radius:0px; '><div  class='avia-image-container  av-styling-    avia-builder-el-1  avia-builder-el-no-sibling  avia-align-center '  itemprop=\"image\" itemscope=\"itemscope\" itemtype=\"https:\/\/schema.org\/ImageObject\"  ><div class='avia-image-container-inner'><div class='avia-image-overlay-wrap'><img decoding=\"async\" class='wp-image-57468 avia-img-lazy-loading-not-57468 avia_image' src=\"https:\/\/radiorevelacionfm.cl\/wp-content\/uploads\/2025\/08\/pilas-chile-chico1-1_optimized.jpeg\" alt='' title='pilas-chile-chico1-(1)_optimized' height=\"600\" width=\"800\"  itemprop=\"thumbnailUrl\" srcset=\"https:\/\/radiorevelacionfm.cl\/wp-content\/uploads\/2025\/08\/pilas-chile-chico1-1_optimized.jpeg 800w, https:\/\/radiorevelacionfm.cl\/wp-content\/uploads\/2025\/08\/pilas-chile-chico1-1_optimized-300x225.jpeg 300w, https:\/\/radiorevelacionfm.cl\/wp-content\/uploads\/2025\/08\/pilas-chile-chico1-1_optimized-768x576.jpeg 768w, https:\/\/radiorevelacionfm.cl\/wp-content\/uploads\/2025\/08\/pilas-chile-chico1-1_optimized-705x529.jpeg 705w, https:\/\/radiorevelacionfm.cl\/wp-content\/uploads\/2025\/08\/pilas-chile-chico1-1_optimized-450x338.jpeg 450w, https:\/\/radiorevelacionfm.cl\/wp-content\/uploads\/2025\/08\/pilas-chile-chico1-1_optimized-600x450.jpeg 600w\" sizes=\"(max-width: 800px) 100vw, 800px\" \/><\/div><\/div><\/div><\/div><div class=\"flex_column av_one_full  flex_column_div av-zero-column-padding first  avia-builder-el-2  el_after_av_one_full  el_before_av_one_full  column-top-margin\" style='border-radius:0px; '><section class=\"av_textblock_section \"  itemscope=\"itemscope\" itemtype=\"https:\/\/schema.org\/BlogPosting\" itemprop=\"blogPost\" ><div class='avia_textblock  '   itemprop=\"text\" ><p style=\"text-align: center;\"><strong><span style=\"font-size: 18pt;\">Chile Chico se suma a la campa\u00f1a \u201cPatagonia ponte las pilas\u201d con nuevos puntos de acopio<\/span><\/strong><\/p>\n<div id=\"gtx-trans\" style=\"position: absolute; left: -50px; top: 4.31534px;\">\n<div class=\"gtx-trans-icon\"><\/div>\n<\/div>\n<\/div><\/section><\/div><div class=\"flex_column av_one_full  flex_column_div av-zero-column-padding first  avia-builder-el-4  el_after_av_one_full  el_before_av_hr  column-top-margin\" style='border-radius:0px; '><section class=\"av_textblock_section \"  itemscope=\"itemscope\" itemtype=\"https:\/\/schema.org\/BlogPosting\" itemprop=\"blogPost\" ><div class='avia_textblock  '   itemprop=\"text\" ><p style=\"text-align: justify;\"><em>La Municipalidad y la oficina provincial de Conaf se unieron a la campa\u00f1a de la el\u00e9ctrica, habilitando nuevos espacios para el acopio seguro de pilas en desuso, fortaleciendo el cuidado del medio ambiente.<\/em><\/p>\n<p style=\"text-align: justify;\">En el marco de la campa\u00f1a regional que impulsa Edelaysen, \u201cPatagonia ponte las pilas\u201d, hace algunos d\u00edas se concretaron dos importantes alianzas en la comuna de Chile Chico que buscan promover la correcta disposici\u00f3n de residuos peligrosos como las pilas y de esta manera avanzar hacia una regi\u00f3n m\u00e1s limpia y sustentable.<\/p>\n<p style=\"text-align: justify;\">En una actividad realizada junto al alcalde Ariel Keim y su equipo municipal, se oficializ\u00f3 la instalaci\u00f3n de un nuevo contenedor para el acopio de pilas en las dependencias del municipio. Al respecto, Monserrat Valenzuela encargada del departamento de medio ambiente de la municipalidad, destac\u00f3:<\/p>\n<p style=\"text-align: justify;\">\u201cEntendemos que la pila es un elemento que est\u00e1 siempre sobrando en nuestras casas y al final pasa exactamente eso: que no sabemos d\u00f3nde dejarlas. Se mezclan con la basura domiciliaria, terminan en el vertedero y contaminan m\u00e1s de lo que deber\u00edan, entonces para prevenir esto, en esta oportunidad se nos ha dado un contenedor que luego va a ser masificado a otras localidades de la comuna para incentivar que la comunidad venga a depositar sus pilas ac\u00e1 y que estas tengan su ciclo final correspondiente\u201d.<\/p>\n<p style=\"text-align: justify;\">Asimismo, la oficina provincial de Conaf se sum\u00f3 a esta red de puntos limpios, con la instalaci\u00f3n de un contenedor en sus oficinas, as\u00ed como tambi\u00e9n la disposici\u00f3n de otro contenedor en uno de sus parques como el de Jeinimeni.<\/p>\n<p style=\"text-align: justify;\">Ante esto, su director provincial Mauricio Silva, destac\u00f3 \u201cNosotros como Conaf estamos comprometidos con la protecci\u00f3n del medio ambiente, y en esta alianza estrat\u00e9gica con Edelaysen, estamos participando por segundo a\u00f1o consecutivo, la recolecci\u00f3n y almacenamiento de pilas nos permite generar alianzas que promuevan el reciclaje y el cuidado del entorno. Vamos a tener puntos de recolecci\u00f3n de pilas ac\u00e1 en la oficina provincial y tambi\u00e9n en otras oficinas de nuestras localidades como en Puerto R\u00edo Tranquilo, para que toda la comunidad pueda enviar sus pilas a un lugar seguro que no contamine\u201d.<\/p>\n<p style=\"text-align: justify;\">Finalmente, desde la el\u00e9ctrica Yasna Vera, ejecutiva de relacionamiento quien lidera esta campa\u00f1a desde la empresa, valor\u00f3 estas nuevas incorporaciones al programa agregando qu\u00e9: \u201cCada nuevo punto limpio que sumamos es una se\u00f1al concreta del compromiso local con el cuidado del entorno, de nuestro medio ambiente y de nuestra Patagonia. Agradecemos profundamente al municipio y Conaf por sumarse con entusiasmo a esta campa\u00f1a que ya recorre toda la regi\u00f3n de Ays\u00e9n. Patagonia ponte las pilas es una invitaci\u00f3n a hacer comunidad desde la acci\u00f3n, desde lo simple y cotidiano, como lo es disponer correctamente una pila\u201d.<\/p>\n<p style=\"text-align: justify;\">Es as\u00ed como esta campa\u00f1a, presente en distintas comunas y localidades de la regi\u00f3n de Ays\u00e9n, suma nuevos actores, esta vez desde la comuna de Chile Chico donde se encuentran ya habilitados los puntos de almacenaje. Cabe recordar que esta campa\u00f1a estar\u00e1 vigente hasta el 30 de noviembre de este a\u00f1o.<\/p>\n<p style=\"text-align: justify;\"><strong>\u00a0<\/strong><\/p>\n<p style=\"text-align: justify;\"><strong>\u00a0<\/strong><\/p>\n<p style=\"text-align: justify;\"><strong>\u00a0<\/strong><\/p>\n<\/div><\/section><\/div><div  style='height:50px' class='hr hr-invisible   avia-builder-el-6  el_after_av_one_full  el_before_av_social_share '><span class='hr-inner ' ><span class='hr-inner-style'><\/span><\/span><\/div><\/p>\n<div  class='av-social-sharing-box  avia-builder-el-7  el_after_av_hr  el_before_av_hr  '><div class='av-share-box'><h5 class='av-share-link-description av-no-toc '>Compartir esta noticia<\/h5><ul class='av-share-box-list noLightbox'><li class='av-share-link av-social-link-facebook' ><a target=\"_blank\" aria-label=\"Compartir en Facebook\" href='https:\/\/www.facebook.com\/sharer.php?u=https:\/\/radiorevelacionfm.cl\/?p=57467&#038;t=Chile%20Chico%20se%20suma%20a%20la%20campa%C3%B1a%20%E2%80%9CPatagonia%20ponte%20las%20pilas%E2%80%9D%20con%20nuevos%20puntos%20de%20acopio' aria-hidden='false' data-av_icon='\ue8f3' data-av_iconfont='entypo-fontello' title='' data-avia-related-tooltip='Compartir en Facebook' rel=\"noopener\"><span class='avia_hidden_link_text'>Compartir en Facebook<\/span><\/a><\/li><li class='av-share-link av-social-link-twitter' ><a target=\"_blank\" aria-label=\"Compartir en Twitter\" href='https:\/\/twitter.com\/share?text=Chile%20Chico%20se%20suma%20a%20la%20campa%C3%B1a%20%E2%80%9CPatagonia%20ponte%20las%20pilas%E2%80%9D%20con%20nuevos%20puntos%20de%20acopio&#038;url=https:\/\/radiorevelacionfm.cl\/?p=57467' aria-hidden='false' data-av_icon='\ue8f1' data-av_iconfont='entypo-fontello' title='' data-avia-related-tooltip='Compartir en Twitter' rel=\"noopener\"><span class='avia_hidden_link_text'>Compartir en Twitter<\/span><\/a><\/li><li class='av-share-link av-social-link-whatsapp' ><a target=\"_blank\" aria-label=\"Compartir en Whatsapp\" href='https:\/\/api.whatsapp.com\/send?text=https:\/\/radiorevelacionfm.cl\/?p=57467' aria-hidden='false' data-av_icon='\uf232' data-av_iconfont='entypo-fontello' title='' data-avia-related-tooltip='Compartir en Whatsapp' rel=\"noopener\"><span class='avia_hidden_link_text'>Compartir en Whatsapp<\/span><\/a><\/li><li class='av-share-link av-social-link-linkedin' ><a target=\"_blank\" aria-label=\"Compartir en LinkedIn\" href='https:\/\/linkedin.com\/shareArticle?mini=true&#038;title=Chile%20Chico%20se%20suma%20a%20la%20campa%C3%B1a%20%E2%80%9CPatagonia%20ponte%20las%20pilas%E2%80%9D%20con%20nuevos%20puntos%20de%20acopio&#038;url=https:\/\/radiorevelacionfm.cl\/?p=57467' aria-hidden='false' data-av_icon='\ue8fc' data-av_iconfont='entypo-fontello' title='' data-avia-related-tooltip='Compartir en LinkedIn' rel=\"noopener\"><span class='avia_hidden_link_text'>Compartir en LinkedIn<\/span><\/a><\/li><li class='av-share-link av-social-link-mail' ><a  aria-label=\"Compartir por correo\" href='mailto:?subject=Chile%20Chico%20se%20suma%20a%20la%20campa%C3%B1a%20%E2%80%9CPatagonia%20ponte%20las%20pilas%E2%80%9D%20con%20nuevos%20puntos%20de%20acopio&#038;body=https:\/\/radiorevelacionfm.cl\/?p=57467' aria-hidden='false' data-av_icon='\ue805' data-av_iconfont='entypo-fontello' title='' data-avia-related-tooltip='Compartir por correo'><span class='avia_hidden_link_text'>Compartir por correo<\/span><\/a><\/li><\/ul><\/div><\/div>\n<div  style='height:50px' class='hr hr-invisible   avia-builder-el-8  el_after_av_social_share  el_before_av_comments_list '><span class='hr-inner ' ><span class='hr-inner-style'><\/span><\/span><\/div>\n<div  class='av-buildercomment  av-blog-meta-html-info-disabled av-blog-meta-tag-disabled  '><\/div>\n","protected":false},"excerpt":{"rendered":"","protected":false},"author":1,"featured_media":57468,"comment_status":"closed","ping_status":"closed","sticky":false,"template":"","format":"standard","meta":{"footnotes":""},"categories":[38],"tags":[],"class_list":["post-57467","post","type-post","status-publish","format-standard","has-post-thumbnail","hentry","category-regional"],"jetpack_featured_media_url":"https:\/\/radiorevelacionfm.cl\/wp-content\/uploads\/2025\/08\/pilas-chile-chico1-1_optimized.jpeg","_links":{"self":[{"href":"https:\/\/radiorevelacionfm.cl\/index.php?rest_route=\/wp\/v2\/posts\/57467","targetHints":{"allow":["GET"]}}],"collection":[{"href":"https:\/\/radiorevelacionfm.cl\/index.php?rest_route=\/wp\/v2\/posts"}],"about":[{"href":"https:\/\/radiorevelacionfm.cl\/index.php?rest_route=\/wp\/v2\/types\/post"}],"author":[{"embeddable":true,"href":"https:\/\/radiorevelacionfm.cl\/index.php?rest_route=\/wp\/v2\/users\/1"}],"replies":[{"embeddable":true,"href":"https:\/\/radiorevelacionfm.cl\/index.php?rest_route=%2Fwp%2Fv2%2Fcomments&post=57467"}],"version-history":[{"count":2,"href":"https:\/\/radiorevelacionfm.cl\/index.php?rest_route=\/wp\/v2\/posts\/57467\/revisions"}],"predecessor-version":[{"id":57479,"href":"https:\/\/radiorevelacionfm.cl\/index.php?rest_route=\/wp\/v2\/posts\/57467\/revisions\/57479"}],"wp:featuredmedia":[{"embeddable":true,"href":"https:\/\/radiorevelacionfm.cl\/index.php?rest_route=\/wp\/v2\/media\/57468"}],"wp:attachment":[{"href":"https:\/\/radiorevelacionfm.cl\/index.php?rest_route=%2Fwp%2Fv2%2Fmedia&parent=57467"}],"wp:term":[{"taxonomy":"category","embeddable":true,"href":"https:\/\/radiorevelacionfm.cl\/index.php?rest_route=%2Fwp%2Fv2%2Fcategories&post=57467"},{"taxonomy":"post_tag","embeddable":true,"href":"https:\/\/radiorevelacionfm.cl\/index.php?rest_route=%2Fwp%2Fv2%2Ftags&post=57467"}],"curies":[{"name":"wp","href":"https:\/\/api.w.org\/{rel}","templated":true}]}}