{"id":57462,"date":"2025-08-07T15:05:46","date_gmt":"2025-08-07T18:05:46","guid":{"rendered":"https:\/\/radiorevelacionfm.cl\/?p=57462"},"modified":"2025-08-07T15:05:46","modified_gmt":"2025-08-07T18:05:46","slug":"opinion-gobernador-marcelo-santana-sobre-proyecto-de-nueva-ley-de-pesca","status":"publish","type":"post","link":"https:\/\/radiorevelacionfm.cl\/?p=57462","title":{"rendered":"Opini\u00f3n: Gobernador Marcelo Santana sobre proyecto de Nueva Ley de Pesca"},"content":{"rendered":"<div class=\"flex_column av_one_full  flex_column_div av-zero-column-padding first  avia-builder-el-0  el_before_av_one_full  avia-builder-el-first  \" style='border-radius:0px; '><div  class='avia-image-container  av-styling-    avia-builder-el-1  avia-builder-el-no-sibling  avia-align-center '  itemprop=\"image\" itemscope=\"itemscope\" itemtype=\"https:\/\/schema.org\/ImageObject\"  ><div class='avia-image-container-inner'><div class='avia-image-overlay-wrap'><img decoding=\"async\" class='wp-image-52676 avia-img-lazy-loading-not-52676 avia_image' src=\"https:\/\/radiorevelacionfm.cl\/wp-content\/uploads\/2025\/04\/Gobernador-Marcelo-Santana-1-1.jpeg\" alt='' title='Gobernador Marcelo Santana (1) (1)' height=\"600\" width=\"899\"  itemprop=\"thumbnailUrl\" srcset=\"https:\/\/radiorevelacionfm.cl\/wp-content\/uploads\/2025\/04\/Gobernador-Marcelo-Santana-1-1.jpeg 899w, https:\/\/radiorevelacionfm.cl\/wp-content\/uploads\/2025\/04\/Gobernador-Marcelo-Santana-1-1-300x200.jpeg 300w, https:\/\/radiorevelacionfm.cl\/wp-content\/uploads\/2025\/04\/Gobernador-Marcelo-Santana-1-1-768x513.jpeg 768w, https:\/\/radiorevelacionfm.cl\/wp-content\/uploads\/2025\/04\/Gobernador-Marcelo-Santana-1-1-705x471.jpeg 705w, https:\/\/radiorevelacionfm.cl\/wp-content\/uploads\/2025\/04\/Gobernador-Marcelo-Santana-1-1-450x300.jpeg 450w, https:\/\/radiorevelacionfm.cl\/wp-content\/uploads\/2025\/04\/Gobernador-Marcelo-Santana-1-1-600x400.jpeg 600w\" sizes=\"(max-width: 899px) 100vw, 899px\" \/><\/div><\/div><\/div><\/div><div class=\"flex_column av_one_full  flex_column_div av-zero-column-padding first  avia-builder-el-2  el_after_av_one_full  el_before_av_one_full  column-top-margin\" style='border-radius:0px; '><section class=\"av_textblock_section \"  itemscope=\"itemscope\" itemtype=\"https:\/\/schema.org\/BlogPosting\" itemprop=\"blogPost\" ><div class='avia_textblock  '   itemprop=\"text\" ><p style=\"text-align: center;\"><strong><span style=\"font-size: 18pt;\">Opini\u00f3n: Gobernador Marcelo Santana sobre proyecto de Nueva Ley de Pesca<\/span><\/strong><\/p>\n<div id=\"gtx-trans\" style=\"position: absolute; left: -50px; top: 4.31534px;\">\n<div class=\"gtx-trans-icon\"><\/div>\n<\/div>\n<\/div><\/section><\/div><div class=\"flex_column av_one_full  flex_column_div av-zero-column-padding first  avia-builder-el-4  el_after_av_one_full  el_before_av_hr  column-top-margin\" style='border-radius:0px; '><section class=\"av_textblock_section \"  itemscope=\"itemscope\" itemtype=\"https:\/\/schema.org\/BlogPosting\" itemprop=\"blogPost\" ><div class='avia_textblock  '   itemprop=\"text\" ><p style=\"text-align: justify;\">Como Gobernador Regional de Ays\u00e9n, manifiesto con profunda preocupaci\u00f3n y firme rechazo el avance del proyecto de nueva Ley de Pesca, el cual ignora y pone en serio riesgo la principal actividad econ\u00f3mica de nuestra regi\u00f3n.<\/p>\n<p style=\"text-align: justify;\">La propuesta del Gobierno busca reducir de un 85% a un 50% la proporci\u00f3n de las Licencias Transables de Pesca Clase A (LTPA) dentro de la fracci\u00f3n industrial. Esta medida implicar\u00eda una disminuci\u00f3n acumulada superior al 50% de las cuotas hist\u00f3ricas disponibles para las empresas pesqueras, agravando los impactos ya negativos de la recientemente aprobada Ley de Fraccionamiento.<\/p>\n<p style=\"text-align: justify;\">Este proyecto constituye un golpe directo e insostenible para el futuro de la pesca industrial en la zona austral de Chile y, en consecuencia, para la sostenibilidad econ\u00f3mica de la Regi\u00f3n de Ays\u00e9n. Pone en serio peligro cientos de puestos de trabajo, muchos de ellos sin posibilidad real de reconversi\u00f3n, y provoca un da\u00f1o estructural a modelos cooperativos donde los propios trabajadores han invertido su capital y esfuerzo para mantener operativas sus fuentes laborales en un contexto cada vez m\u00e1s desafiante.<\/p>\n<p style=\"text-align: justify;\">Adem\u00e1s, amenaza la continuidad de empresas con m\u00e1s de cuatro d\u00e9cadas de historia en zonas extremas como Puerto Chacabuco y debilita gravemente la certeza jur\u00eddica y la confianza en las instituciones, al desconocer acuerdos y reglas previamente establecidas por el propio Estado.<\/p>\n<p style=\"text-align: justify;\">Desde Ays\u00e9n, una regi\u00f3n con profunda vocaci\u00f3n mar\u00edtima, donde el desarrollo industrial pesquero ha sido clave para el arraigo territorial, la cohesi\u00f3n social y el crecimiento econ\u00f3mico, hago un llamado urgente al Congreso Nacional y al Gobierno. Les pedimos revisar con responsabilidad y visi\u00f3n de Estado este proyecto de ley, y a su vez, que se informen con mayor profundidad sobre la realidad de los territorios australes de nuestro pa\u00eds.<\/p>\n<p style=\"text-align: justify;\">No es aceptable que se siga legislando de espaldas a las regiones. Reiteramos nuestra solicitud de rechazar los art\u00edculos 54, 55, 57 y 59 del proyecto, ya que no s\u00f3lo debilitan el desarrollo productivo en zonas aisladas como la nuestra, sino que tambi\u00e9n amenazan la estabilidad de cientos de familias trabajadoras, muchas de ellas organizadas en torno a modelos de propiedad compartida como la Cooperativa de Trabajadores de Friosur.<\/p>\n<p style=\"text-align: justify;\">Ays\u00e9n no puede continuar siendo una zona de sacrificio en cada nueva legislaci\u00f3n. Exigimos una ley que reconozca la experiencia regional, respete nuestra historia productiva y fortalezca la sostenibilidad social, econ\u00f3mica y ambiental de nuestra actividad pesquera.<\/p>\n<p style=\"text-align: justify;\"><em>Marcelo Santana Vargas, Gobernador Regional de Ays\u00e9n<\/em><\/p>\n<\/div><\/section><\/div><div  style='height:50px' class='hr hr-invisible   avia-builder-el-6  el_after_av_one_full  el_before_av_social_share '><span class='hr-inner ' ><span class='hr-inner-style'><\/span><\/span><\/div><\/p>\n<div  class='av-social-sharing-box  avia-builder-el-7  el_after_av_hr  el_before_av_hr  '><div class='av-share-box'><h5 class='av-share-link-description av-no-toc '>Compartir esta noticia<\/h5><ul class='av-share-box-list noLightbox'><li class='av-share-link av-social-link-facebook' ><a target=\"_blank\" aria-label=\"Compartir en Facebook\" href='https:\/\/www.facebook.com\/sharer.php?u=https:\/\/radiorevelacionfm.cl\/?p=57462&#038;t=Opini%C3%B3n%3A%20Gobernador%20Marcelo%20Santana%20sobre%20proyecto%20de%20Nueva%20Ley%20de%20Pesca' aria-hidden='false' data-av_icon='\ue8f3' data-av_iconfont='entypo-fontello' title='' data-avia-related-tooltip='Compartir en Facebook' rel=\"noopener\"><span class='avia_hidden_link_text'>Compartir en Facebook<\/span><\/a><\/li><li class='av-share-link av-social-link-twitter' ><a target=\"_blank\" aria-label=\"Compartir en Twitter\" href='https:\/\/twitter.com\/share?text=Opini%C3%B3n%3A%20Gobernador%20Marcelo%20Santana%20sobre%20proyecto%20de%20Nueva%20Ley%20de%20Pesca&#038;url=https:\/\/radiorevelacionfm.cl\/?p=57462' aria-hidden='false' data-av_icon='\ue8f1' data-av_iconfont='entypo-fontello' title='' data-avia-related-tooltip='Compartir en Twitter' rel=\"noopener\"><span class='avia_hidden_link_text'>Compartir en Twitter<\/span><\/a><\/li><li class='av-share-link av-social-link-whatsapp' ><a target=\"_blank\" aria-label=\"Compartir en Whatsapp\" href='https:\/\/api.whatsapp.com\/send?text=https:\/\/radiorevelacionfm.cl\/?p=57462' aria-hidden='false' data-av_icon='\uf232' data-av_iconfont='entypo-fontello' title='' data-avia-related-tooltip='Compartir en Whatsapp' rel=\"noopener\"><span class='avia_hidden_link_text'>Compartir en Whatsapp<\/span><\/a><\/li><li class='av-share-link av-social-link-linkedin' ><a target=\"_blank\" aria-label=\"Compartir en LinkedIn\" href='https:\/\/linkedin.com\/shareArticle?mini=true&#038;title=Opini%C3%B3n%3A%20Gobernador%20Marcelo%20Santana%20sobre%20proyecto%20de%20Nueva%20Ley%20de%20Pesca&#038;url=https:\/\/radiorevelacionfm.cl\/?p=57462' aria-hidden='false' data-av_icon='\ue8fc' data-av_iconfont='entypo-fontello' title='' data-avia-related-tooltip='Compartir en LinkedIn' rel=\"noopener\"><span class='avia_hidden_link_text'>Compartir en LinkedIn<\/span><\/a><\/li><li class='av-share-link av-social-link-mail' ><a  aria-label=\"Compartir por correo\" href='mailto:?subject=Opini%C3%B3n%3A%20Gobernador%20Marcelo%20Santana%20sobre%20proyecto%20de%20Nueva%20Ley%20de%20Pesca&#038;body=https:\/\/radiorevelacionfm.cl\/?p=57462' aria-hidden='false' data-av_icon='\ue805' data-av_iconfont='entypo-fontello' title='' data-avia-related-tooltip='Compartir por correo'><span class='avia_hidden_link_text'>Compartir por correo<\/span><\/a><\/li><\/ul><\/div><\/div>\n<div  style='height:50px' class='hr hr-invisible   avia-builder-el-8  el_after_av_social_share  el_before_av_comments_list '><span class='hr-inner ' ><span class='hr-inner-style'><\/span><\/span><\/div>\n<div  class='av-buildercomment  av-blog-meta-html-info-disabled av-blog-meta-tag-disabled  '><\/div>\n","protected":false},"excerpt":{"rendered":"","protected":false},"author":1,"featured_media":52676,"comment_status":"closed","ping_status":"closed","sticky":false,"template":"","format":"standard","meta":{"footnotes":""},"categories":[50],"tags":[],"class_list":["post-57462","post","type-post","status-publish","format-standard","has-post-thumbnail","hentry","category-cartas-y-opinion"],"jetpack_featured_media_url":"https:\/\/radiorevelacionfm.cl\/wp-content\/uploads\/2025\/04\/Gobernador-Marcelo-Santana-1-1.jpeg","_links":{"self":[{"href":"https:\/\/radiorevelacionfm.cl\/index.php?rest_route=\/wp\/v2\/posts\/57462","targetHints":{"allow":["GET"]}}],"collection":[{"href":"https:\/\/radiorevelacionfm.cl\/index.php?rest_route=\/wp\/v2\/posts"}],"about":[{"href":"https:\/\/radiorevelacionfm.cl\/index.php?rest_route=\/wp\/v2\/types\/post"}],"author":[{"embeddable":true,"href":"https:\/\/radiorevelacionfm.cl\/index.php?rest_route=\/wp\/v2\/users\/1"}],"replies":[{"embeddable":true,"href":"https:\/\/radiorevelacionfm.cl\/index.php?rest_route=%2Fwp%2Fv2%2Fcomments&post=57462"}],"version-history":[{"count":2,"href":"https:\/\/radiorevelacionfm.cl\/index.php?rest_route=\/wp\/v2\/posts\/57462\/revisions"}],"predecessor-version":[{"id":57499,"href":"https:\/\/radiorevelacionfm.cl\/index.php?rest_route=\/wp\/v2\/posts\/57462\/revisions\/57499"}],"wp:featuredmedia":[{"embeddable":true,"href":"https:\/\/radiorevelacionfm.cl\/index.php?rest_route=\/wp\/v2\/media\/52676"}],"wp:attachment":[{"href":"https:\/\/radiorevelacionfm.cl\/index.php?rest_route=%2Fwp%2Fv2%2Fmedia&parent=57462"}],"wp:term":[{"taxonomy":"category","embeddable":true,"href":"https:\/\/radiorevelacionfm.cl\/index.php?rest_route=%2Fwp%2Fv2%2Fcategories&post=57462"},{"taxonomy":"post_tag","embeddable":true,"href":"https:\/\/radiorevelacionfm.cl\/index.php?rest_route=%2Fwp%2Fv2%2Ftags&post=57462"}],"curies":[{"name":"wp","href":"https:\/\/api.w.org\/{rel}","templated":true}]}}