{"id":57457,"date":"2025-08-06T20:50:20","date_gmt":"2025-08-06T23:50:20","guid":{"rendered":"https:\/\/radiorevelacionfm.cl\/?p=57457"},"modified":"2025-08-06T20:50:20","modified_gmt":"2025-08-06T23:50:20","slug":"nuevos-antecedentes-respaldan-la-defensa-de-calisto-consejo-de-asignaciones-parlamentarias-valido-informes-de-asesora-y-senalo-que-fueron-auditados-sin-observaciones","status":"publish","type":"post","link":"https:\/\/radiorevelacionfm.cl\/?p=57457","title":{"rendered":"Nuevos antecedentes respaldan la defensa de Calisto: Consejo de Asignaciones Parlamentarias valid\u00f3 informes de asesora y se\u00f1al\u00f3 que fueron auditados \u201csin observaciones\u201d"},"content":{"rendered":"<div class=\"flex_column av_one_full  flex_column_div av-zero-column-padding first  avia-builder-el-0  el_before_av_one_full  avia-builder-el-first  \" style='border-radius:0px; '><div  class='avia-image-container  av-styling-    avia-builder-el-1  avia-builder-el-no-sibling  avia-align-center '  itemprop=\"image\" itemscope=\"itemscope\" itemtype=\"https:\/\/schema.org\/ImageObject\"  ><div class='avia-image-container-inner'><div class='avia-image-overlay-wrap'><img decoding=\"async\" class='wp-image-57458 avia-img-lazy-loading-not-57458 avia_image' src=\"https:\/\/radiorevelacionfm.cl\/wp-content\/uploads\/2025\/08\/foto-mac-sala-2-1_optimized.jpeg\" alt='' title='foto-mac-sala-2-(1)_optimized' height=\"600\" width=\"898\"  itemprop=\"thumbnailUrl\" srcset=\"https:\/\/radiorevelacionfm.cl\/wp-content\/uploads\/2025\/08\/foto-mac-sala-2-1_optimized.jpeg 898w, https:\/\/radiorevelacionfm.cl\/wp-content\/uploads\/2025\/08\/foto-mac-sala-2-1_optimized-300x200.jpeg 300w, https:\/\/radiorevelacionfm.cl\/wp-content\/uploads\/2025\/08\/foto-mac-sala-2-1_optimized-768x513.jpeg 768w, https:\/\/radiorevelacionfm.cl\/wp-content\/uploads\/2025\/08\/foto-mac-sala-2-1_optimized-705x471.jpeg 705w, https:\/\/radiorevelacionfm.cl\/wp-content\/uploads\/2025\/08\/foto-mac-sala-2-1_optimized-450x301.jpeg 450w, https:\/\/radiorevelacionfm.cl\/wp-content\/uploads\/2025\/08\/foto-mac-sala-2-1_optimized-600x401.jpeg 600w\" sizes=\"(max-width: 898px) 100vw, 898px\" \/><\/div><\/div><\/div><\/div><div class=\"flex_column av_one_full  flex_column_div av-zero-column-padding first  avia-builder-el-2  el_after_av_one_full  el_before_av_one_full  column-top-margin\" style='border-radius:0px; '><section class=\"av_textblock_section \"  itemscope=\"itemscope\" itemtype=\"https:\/\/schema.org\/BlogPosting\" itemprop=\"blogPost\" ><div class='avia_textblock  '   itemprop=\"text\" ><p style=\"text-align: center;\"><strong><span style=\"font-size: 18pt;\">Nuevos antecedentes respaldan la defensa de Calisto: Consejo de Asignaciones Parlamentarias valid\u00f3 informes de asesora y se\u00f1al\u00f3 que fueron auditados \u201csin observaciones\u201d<\/span><\/strong><\/p>\n<div id=\"gtx-trans\" style=\"position: absolute; left: -50px; top: 4.31534px;\">\n<div class=\"gtx-trans-icon\"><\/div>\n<\/div>\n<\/div><\/section><\/div><div class=\"flex_column av_one_full  flex_column_div av-zero-column-padding first  avia-builder-el-4  el_after_av_one_full  el_before_av_hr  column-top-margin\" style='border-radius:0px; '><section class=\"av_textblock_section \"  itemscope=\"itemscope\" itemtype=\"https:\/\/schema.org\/BlogPosting\" itemprop=\"blogPost\" ><div class='avia_textblock  '   itemprop=\"text\" ><p style=\"font-weight: 400; text-align: justify;\"><em>Uno de los abogados que representa al diputado Calisto, Cesar Ramos, socio del estudio Bofill, Escobar, Silva Abogados, asegur\u00f3 que este documento oficial no fue incluido en la carpeta investigativa.<\/em><\/p>\n<p style=\"font-weight: 400; text-align: justify;\">En el marco de la investigaci\u00f3n que realiza el Ministerio P\u00fablico respecto del Diputado Miguel \u00c1ngel Calisto y una asesora, se conoci\u00f3 un antecedente que ser\u00eda relevante para la defensa del parlamentario por Ays\u00e9n. Se trata de un documento emanado por la Secretar\u00eda General de la C\u00e1mara de Diputados el 25 de julio de este a\u00f1o, en el cual se asegura que no existieron reparos a los informes entregados por Carla Graff.<\/p>\n<p style=\"font-weight: 400; text-align: justify;\">Seg\u00fan consta en el documento, \u201cen lo que respecta a la evaluaci\u00f3n de los informes, comprobantes de pago efectuados a do\u00f1a Carla Graff Toledo, como se indica en el punto anterior, y del punto de vista formal, la administraci\u00f3n no efectu\u00f3 reparos porque ellos cumplieron con la norma vigente a la fecha de la prestaci\u00f3n de los servicios\u201d.<\/p>\n<p style=\"font-weight: 400; text-align: justify;\">Cabe indicar que adem\u00e1s el documento emanado de la C\u00e1mara de Diputados informa que \u201cen nuestros registros de los informes anuales que el Comit\u00e9 de Auditor\u00eda Parlamentaria nos remite no tenemos constancia de observaciones efectuadas a sus contrataciones\u201d en relaci\u00f3n a Carla Graf.<\/p>\n<p style=\"font-weight: 400; text-align: justify;\">Este documento ser\u00eda importante para la defensa del Diputado, desde donde se\u00f1alan que la calidad de trabajadora honorario externa de la asesora, permite suscribir estos contratos. Al respecto, desde la defensa del Diputado,\u00a0<strong>el abogado C\u00e9sar Ramos, socio de Bofill Escobar Silva Abogados<\/strong>, se\u00f1al\u00f3 que \u201cnosotros contamos con un documento oficial suscrito por la Secretar\u00eda General de la C\u00e1mara, que explica que el comit\u00e9 de auditor\u00eda parlamentaria, que es el \u00f3rgano espec\u00edfico creado para esto, hizo un an\u00e1lisis pormenorizado del uso de las asignaciones, que no hizo observaciones a las contrataciones del diputado Calisto, que tampoco efectu\u00f3 reparos respecto de do\u00f1a Carla Graff, y que se cumpli\u00f3, dice este documento, con toda la normativa vigente a la fecha de la prestaci\u00f3n de los servicios\u201d.<\/p>\n<p style=\"font-weight: 400; text-align: justify;\">Ramos agrego que \u201ceste antecedente, entre otros, no consta en la carpeta investigativa, son posteriores a la solicitud de desafuero que present\u00f3 la fiscal\u00eda y esto explica que el Ministerio P\u00fablico no indag\u00f3 adecuadamente los hechos. Por eso ahora que contamos con esta evidencia y otras m\u00e1s, esperamos revertir con ella el desafuero de la Corte Suprema ante la Corte Suprema en las pr\u00f3ximas semanas\u201d.<\/p>\n<p style=\"font-weight: 400; text-align: justify;\">Finalmente, es importante recordar que \u201cel Consejo Resolutivo de Asignaciones Parlamentarias fue creado en el a\u00f1o 2010 luego de una serie de esc\u00e1ndalos de probidad. Por lo anterior, se estableci\u00f3 mediante la Ley N\u00b0 20.447, modificaciones a la Ley Org\u00e1nica Constitucional del Congreso Nacional para regular el uso de los recursos p\u00fablicos destinados a financiar la funci\u00f3n parlamentaria, promoviendo la transparencia y evitando que las propias corporaciones o parlamentarios determinen el uso de estos fondos\u201d.<\/p>\n<\/div><\/section><\/div><div  style='height:50px' class='hr hr-invisible   avia-builder-el-6  el_after_av_one_full  el_before_av_social_share '><span class='hr-inner ' ><span class='hr-inner-style'><\/span><\/span><\/div><\/p>\n<div  class='av-social-sharing-box  avia-builder-el-7  el_after_av_hr  el_before_av_hr  '><div class='av-share-box'><h5 class='av-share-link-description av-no-toc '>Compartir esta noticia<\/h5><ul class='av-share-box-list noLightbox'><li class='av-share-link av-social-link-facebook' ><a target=\"_blank\" aria-label=\"Compartir en Facebook\" href='https:\/\/www.facebook.com\/sharer.php?u=https:\/\/radiorevelacionfm.cl\/?p=57457&#038;t=Nuevos%20antecedentes%20respaldan%20la%20defensa%20de%20Calisto%3A%20Consejo%20de%20Asignaciones%20Parlamentarias%20valid%C3%B3%20informes%20de%20asesora%20y%20se%C3%B1al%C3%B3%20que%20fueron%20auditados%20%E2%80%9Csin%20observaciones%E2%80%9D' aria-hidden='false' data-av_icon='\ue8f3' data-av_iconfont='entypo-fontello' title='' data-avia-related-tooltip='Compartir en Facebook' rel=\"noopener\"><span class='avia_hidden_link_text'>Compartir en Facebook<\/span><\/a><\/li><li class='av-share-link av-social-link-twitter' ><a target=\"_blank\" aria-label=\"Compartir en Twitter\" href='https:\/\/twitter.com\/share?text=Nuevos%20antecedentes%20respaldan%20la%20defensa%20de%20Calisto%3A%20Consejo%20de%20Asignaciones%20Parlamentarias%20valid%C3%B3%20informes%20de%20asesora%20y%20se%C3%B1al%C3%B3%20que%20fueron%20auditados%20%E2%80%9Csin%20observaciones%E2%80%9D&#038;url=https:\/\/radiorevelacionfm.cl\/?p=57457' aria-hidden='false' data-av_icon='\ue8f1' data-av_iconfont='entypo-fontello' title='' data-avia-related-tooltip='Compartir en Twitter' rel=\"noopener\"><span class='avia_hidden_link_text'>Compartir en Twitter<\/span><\/a><\/li><li class='av-share-link av-social-link-whatsapp' ><a target=\"_blank\" aria-label=\"Compartir en Whatsapp\" href='https:\/\/api.whatsapp.com\/send?text=https:\/\/radiorevelacionfm.cl\/?p=57457' aria-hidden='false' data-av_icon='\uf232' data-av_iconfont='entypo-fontello' title='' data-avia-related-tooltip='Compartir en Whatsapp' rel=\"noopener\"><span class='avia_hidden_link_text'>Compartir en Whatsapp<\/span><\/a><\/li><li class='av-share-link av-social-link-linkedin' ><a target=\"_blank\" aria-label=\"Compartir en LinkedIn\" href='https:\/\/linkedin.com\/shareArticle?mini=true&#038;title=Nuevos%20antecedentes%20respaldan%20la%20defensa%20de%20Calisto%3A%20Consejo%20de%20Asignaciones%20Parlamentarias%20valid%C3%B3%20informes%20de%20asesora%20y%20se%C3%B1al%C3%B3%20que%20fueron%20auditados%20%E2%80%9Csin%20observaciones%E2%80%9D&#038;url=https:\/\/radiorevelacionfm.cl\/?p=57457' aria-hidden='false' data-av_icon='\ue8fc' data-av_iconfont='entypo-fontello' title='' data-avia-related-tooltip='Compartir en LinkedIn' rel=\"noopener\"><span class='avia_hidden_link_text'>Compartir en LinkedIn<\/span><\/a><\/li><li class='av-share-link av-social-link-mail' ><a  aria-label=\"Compartir por correo\" href='mailto:?subject=Nuevos%20antecedentes%20respaldan%20la%20defensa%20de%20Calisto%3A%20Consejo%20de%20Asignaciones%20Parlamentarias%20valid%C3%B3%20informes%20de%20asesora%20y%20se%C3%B1al%C3%B3%20que%20fueron%20auditados%20%E2%80%9Csin%20observaciones%E2%80%9D&#038;body=https:\/\/radiorevelacionfm.cl\/?p=57457' aria-hidden='false' data-av_icon='\ue805' data-av_iconfont='entypo-fontello' title='' data-avia-related-tooltip='Compartir por correo'><span class='avia_hidden_link_text'>Compartir por correo<\/span><\/a><\/li><\/ul><\/div><\/div>\n<div  style='height:50px' class='hr hr-invisible   avia-builder-el-8  el_after_av_social_share  el_before_av_comments_list '><span class='hr-inner ' ><span class='hr-inner-style'><\/span><\/span><\/div>\n<div  class='av-buildercomment  av-blog-meta-html-info-disabled av-blog-meta-tag-disabled  '><\/div>\n","protected":false},"excerpt":{"rendered":"","protected":false},"author":1,"featured_media":57458,"comment_status":"closed","ping_status":"closed","sticky":false,"template":"","format":"standard","meta":{"footnotes":""},"categories":[35],"tags":[],"class_list":["post-57457","post","type-post","status-publish","format-standard","has-post-thumbnail","hentry","category-politica"],"jetpack_featured_media_url":"https:\/\/radiorevelacionfm.cl\/wp-content\/uploads\/2025\/08\/foto-mac-sala-2-1_optimized.jpeg","_links":{"self":[{"href":"https:\/\/radiorevelacionfm.cl\/index.php?rest_route=\/wp\/v2\/posts\/57457","targetHints":{"allow":["GET"]}}],"collection":[{"href":"https:\/\/radiorevelacionfm.cl\/index.php?rest_route=\/wp\/v2\/posts"}],"about":[{"href":"https:\/\/radiorevelacionfm.cl\/index.php?rest_route=\/wp\/v2\/types\/post"}],"author":[{"embeddable":true,"href":"https:\/\/radiorevelacionfm.cl\/index.php?rest_route=\/wp\/v2\/users\/1"}],"replies":[{"embeddable":true,"href":"https:\/\/radiorevelacionfm.cl\/index.php?rest_route=%2Fwp%2Fv2%2Fcomments&post=57457"}],"version-history":[{"count":2,"href":"https:\/\/radiorevelacionfm.cl\/index.php?rest_route=\/wp\/v2\/posts\/57457\/revisions"}],"predecessor-version":[{"id":57460,"href":"https:\/\/radiorevelacionfm.cl\/index.php?rest_route=\/wp\/v2\/posts\/57457\/revisions\/57460"}],"wp:featuredmedia":[{"embeddable":true,"href":"https:\/\/radiorevelacionfm.cl\/index.php?rest_route=\/wp\/v2\/media\/57458"}],"wp:attachment":[{"href":"https:\/\/radiorevelacionfm.cl\/index.php?rest_route=%2Fwp%2Fv2%2Fmedia&parent=57457"}],"wp:term":[{"taxonomy":"category","embeddable":true,"href":"https:\/\/radiorevelacionfm.cl\/index.php?rest_route=%2Fwp%2Fv2%2Fcategories&post=57457"},{"taxonomy":"post_tag","embeddable":true,"href":"https:\/\/radiorevelacionfm.cl\/index.php?rest_route=%2Fwp%2Fv2%2Ftags&post=57457"}],"curies":[{"name":"wp","href":"https:\/\/api.w.org\/{rel}","templated":true}]}}