{"id":57454,"date":"2025-08-07T10:42:38","date_gmt":"2025-08-07T13:42:38","guid":{"rendered":"https:\/\/radiorevelacionfm.cl\/?p=57454"},"modified":"2025-08-07T10:42:38","modified_gmt":"2025-08-07T13:42:38","slug":"en-coyhaique-alianza-entre-la-caj-y-la-direccion-del-trabajo-permite-atencion-de-abogado-una-vez-a-la-semana-en-oficina-de-la-inspeccion-del-trabajo","status":"publish","type":"post","link":"https:\/\/radiorevelacionfm.cl\/?p=57454","title":{"rendered":"En Coyhaique: Alianza entre la CAJ y la Direcci\u00f3n del Trabajo permite atenci\u00f3n de abogado una vez a la semana en oficina de la Inspecci\u00f3n del Trabajo"},"content":{"rendered":"<div class=\"flex_column av_one_full  flex_column_div av-zero-column-padding first  avia-builder-el-0  el_before_av_one_full  avia-builder-el-first  \" style='border-radius:0px; '><div  class='avia-image-container  av-styling-    avia-builder-el-1  avia-builder-el-no-sibling  avia-align-center '  itemprop=\"image\" itemscope=\"itemscope\" itemtype=\"https:\/\/schema.org\/ImageObject\"  ><div class='avia-image-container-inner'><div class='avia-image-overlay-wrap'><img decoding=\"async\" class='wp-image-57455 avia-img-lazy-loading-not-57455 avia_image' src=\"https:\/\/radiorevelacionfm.cl\/wp-content\/uploads\/2025\/08\/CAJ-1-1.jpeg\" alt='' title='CAJ (1) (1)' height=\"660\" width=\"801\"  itemprop=\"thumbnailUrl\" srcset=\"https:\/\/radiorevelacionfm.cl\/wp-content\/uploads\/2025\/08\/CAJ-1-1.jpeg 801w, https:\/\/radiorevelacionfm.cl\/wp-content\/uploads\/2025\/08\/CAJ-1-1-300x247.jpeg 300w, https:\/\/radiorevelacionfm.cl\/wp-content\/uploads\/2025\/08\/CAJ-1-1-768x633.jpeg 768w, https:\/\/radiorevelacionfm.cl\/wp-content\/uploads\/2025\/08\/CAJ-1-1-705x581.jpeg 705w, https:\/\/radiorevelacionfm.cl\/wp-content\/uploads\/2025\/08\/CAJ-1-1-450x371.jpeg 450w, https:\/\/radiorevelacionfm.cl\/wp-content\/uploads\/2025\/08\/CAJ-1-1-600x494.jpeg 600w\" sizes=\"(max-width: 801px) 100vw, 801px\" \/><\/div><\/div><\/div><\/div><div class=\"flex_column av_one_full  flex_column_div av-zero-column-padding first  avia-builder-el-2  el_after_av_one_full  el_before_av_one_full  column-top-margin\" style='border-radius:0px; '><section class=\"av_textblock_section \"  itemscope=\"itemscope\" itemtype=\"https:\/\/schema.org\/BlogPosting\" itemprop=\"blogPost\" ><div class='avia_textblock  '   itemprop=\"text\" ><p style=\"text-align: center;\"><strong><span style=\"font-size: 18pt;\">En Coyhaique: Alianza entre la CAJ y la Direcci\u00f3n del Trabajo permite atenci\u00f3n de abogado una vez a la semana en oficina de la Inspecci\u00f3n del Trabajo<\/span><\/strong><\/p>\n<div id=\"gtx-trans\" style=\"position: absolute; left: -50px; top: 4.31534px;\">\n<div class=\"gtx-trans-icon\"><\/div>\n<\/div>\n<\/div><\/section><\/div><div class=\"flex_column av_one_full  flex_column_div av-zero-column-padding first  avia-builder-el-4  el_after_av_one_full  el_before_av_hr  column-top-margin\" style='border-radius:0px; '><section class=\"av_textblock_section \"  itemscope=\"itemscope\" itemtype=\"https:\/\/schema.org\/BlogPosting\" itemprop=\"blogPost\" ><div class='avia_textblock  '   itemprop=\"text\" ><p style=\"text-align: justify;\"><em>Todos los mi\u00e9rcoles de 10 a 12 horas un abogado especialista en materia laboral atiende de manera presencial en la inspecci\u00f3n provincial del trabajo en Coyhaique, ya sea para entregar orientaci\u00f3n e informaci\u00f3n y\/o resolver dudas de trabajadores y trabajadoras.<\/em><\/p>\n<p style=\"text-align: justify;\">Con el prop\u00f3sito de acercar la asistencia jur\u00eddica a las y los trabajadores, recientemente se inici\u00f3 un trabajo colaborativo entre la Direcci\u00f3n Regional del Trabajo y la Oficina de Defensa Laboral de la Corporaci\u00f3n de Asistencia Judicial y que consiste en la atenci\u00f3n presencial de un abogado especialista en materia laboral, todos los d\u00edas mi\u00e9rcoles de 10 a 12 horas en dependencias de la inspecci\u00f3n provincial del trabajo de Coyhaique.<\/p>\n<p style=\"text-align: justify;\">Respecto a esta alianza de trabajo, la directora regional de la Corporaci\u00f3n de Asistencia Judicial Mar\u00eda Francisca Vilches explic\u00f3 que \u201cnosotros hoy cumplimos la cuarta semana de atenci\u00f3n de la defensor\u00eda laboral a trav\u00e9s de un abogado especialista en material laboral en dependencias de la inspecci\u00f3n provincial del trabajo de Coyhaique, la idea es poder reforzar la atenci\u00f3n a los trabajadores, pero tambi\u00e9n entregar cualquier tipo de orientaci\u00f3n e informaci\u00f3n, resolver consultas si las hubiera tambi\u00e9n de los empleadores, esto ha tenido una atenci\u00f3n que consideramos buena, los n\u00fameros han estado buenos en este sentido y ha venido mucha gente a consultar, la idea es hacer un llamado a que la gente venga, consulte, pueda resolver todas las dudas y consultas que tenga respecto a la situaciones que tengan en materia laboral\u201d.<\/p>\n<p style=\"text-align: justify;\">Por su parte, el inspector provincial del Trabajo de Coyhaique, Oscar Avenda\u00f1o Torres valor\u00f3 esta iniciativa, la que hasta al momento ha sido muy beneficiosa para los trabajadores y trabajadoras \u201cme parece genial, porque los tenemos ac\u00e1 al lado, generalmente cuando hay procesos de denuncias o conciliaciones y no hay acuerdos, nos preguntan que viene despu\u00e9s y nosotros del decimos hay que ir a la Defensor\u00eda Laboral y sabemos de muchos que salen de ac\u00e1 y no van, as\u00ed que est\u00e9n ac\u00e1 al lado nos ha permitido mejorar el servicio de la inspecci\u00f3n, si bien no es parte de nuestro servicio, la defensor\u00eda nos ayuda a mejorar enormemente el servicio que prestamos como inspecci\u00f3n\u201d.<\/p>\n<p style=\"text-align: justify;\">En tanto, el seremi de Justicia y Derechos Humanos Samuel Navarro Castro explic\u00f3 que como gobierno \u201cnos parece muy importante poder fortalecer las acciones que est\u00e1n haciendo los distintos servicios p\u00fablicos, en este caso a la Oficina de Defensa laboral de la Corporaci\u00f3n de Asistencia Judicial y la inspecci\u00f3n provincial del Trabajo, nos permite estar en terreno donde los trabajadores y trabajadoras vienen a hacer denuncias, consultas, reclamos por distintas situaciones de incumplimiento laboral y pueden adem\u00e1s de venir a hacer la denuncia para hacer valer sus derechos laborales, tambi\u00e9n requerir o recibir atenci\u00f3n jur\u00eddica de profesionales de la oficina de defensa laboral, agradecemos la disposici\u00f3n de este servicio p\u00fablico que les acoge, as\u00ed pueden venir los d\u00edas mi\u00e9rcoles cuando est\u00e9n presentes ac\u00e1 en la oficina, pero los otros d\u00edas de la semana pueden concurrir a las oficinas de la Defensor\u00eda Laboral en Prat con Dussen para requerir la atenci\u00f3n en caso de alg\u00fan incumplimiento, infracci\u00f3n, despido injustificado, o alg\u00fan inconveniente que tenga que ver con su situaci\u00f3n laboral, ley Karin u otra que les permita resolver y tener la cobertura jur\u00eddica\/judicial en este caso de la oficina de Defensa Laboral de la Corporaci\u00f3n de Asistencia Judicial\u201d.<\/p>\n<p style=\"text-align: justify;\">Finalmente, cabe mencionar que las oficinas de Defensa Laboral de la CAJ Biob\u00edo cuentan con profesionales especializados para entregar asistencia jur\u00eddica y otorgar representaci\u00f3n judicial, en caso de que corresponda, entre otras, en materias como tutela de derechos fundamentales, despido injustificado, nulidad del despido, cobro de prestaciones, desafuero laboral y demandas ejecutivas, entre otras materias.<\/p>\n<\/div><\/section><\/div><div  style='height:50px' class='hr hr-invisible   avia-builder-el-6  el_after_av_one_full  el_before_av_social_share '><span class='hr-inner ' ><span class='hr-inner-style'><\/span><\/span><\/div><\/p>\n<div  class='av-social-sharing-box  avia-builder-el-7  el_after_av_hr  el_before_av_hr  '><div class='av-share-box'><h5 class='av-share-link-description av-no-toc '>Compartir esta noticia<\/h5><ul class='av-share-box-list noLightbox'><li class='av-share-link av-social-link-facebook' ><a target=\"_blank\" aria-label=\"Compartir en Facebook\" href='https:\/\/www.facebook.com\/sharer.php?u=https:\/\/radiorevelacionfm.cl\/?p=57454&#038;t=En%20Coyhaique%3A%20Alianza%20entre%20la%20CAJ%20y%20la%20Direcci%C3%B3n%20del%20Trabajo%20permite%20atenci%C3%B3n%20de%20abogado%20una%20vez%20a%20la%20semana%20en%20oficina%20de%20la%20Inspecci%C3%B3n%20del%20Trabajo' aria-hidden='false' data-av_icon='\ue8f3' data-av_iconfont='entypo-fontello' title='' data-avia-related-tooltip='Compartir en Facebook' rel=\"noopener\"><span class='avia_hidden_link_text'>Compartir en Facebook<\/span><\/a><\/li><li class='av-share-link av-social-link-twitter' ><a target=\"_blank\" aria-label=\"Compartir en Twitter\" href='https:\/\/twitter.com\/share?text=En%20Coyhaique%3A%20Alianza%20entre%20la%20CAJ%20y%20la%20Direcci%C3%B3n%20del%20Trabajo%20permite%20atenci%C3%B3n%20de%20abogado%20una%20vez%20a%20la%20semana%20en%20oficina%20de%20la%20Inspecci%C3%B3n%20del%20Trabajo&#038;url=https:\/\/radiorevelacionfm.cl\/?p=57454' aria-hidden='false' data-av_icon='\ue8f1' data-av_iconfont='entypo-fontello' title='' data-avia-related-tooltip='Compartir en Twitter' rel=\"noopener\"><span class='avia_hidden_link_text'>Compartir en Twitter<\/span><\/a><\/li><li class='av-share-link av-social-link-whatsapp' ><a target=\"_blank\" aria-label=\"Compartir en Whatsapp\" href='https:\/\/api.whatsapp.com\/send?text=https:\/\/radiorevelacionfm.cl\/?p=57454' aria-hidden='false' data-av_icon='\uf232' data-av_iconfont='entypo-fontello' title='' data-avia-related-tooltip='Compartir en Whatsapp' rel=\"noopener\"><span class='avia_hidden_link_text'>Compartir en Whatsapp<\/span><\/a><\/li><li class='av-share-link av-social-link-linkedin' ><a target=\"_blank\" aria-label=\"Compartir en LinkedIn\" href='https:\/\/linkedin.com\/shareArticle?mini=true&#038;title=En%20Coyhaique%3A%20Alianza%20entre%20la%20CAJ%20y%20la%20Direcci%C3%B3n%20del%20Trabajo%20permite%20atenci%C3%B3n%20de%20abogado%20una%20vez%20a%20la%20semana%20en%20oficina%20de%20la%20Inspecci%C3%B3n%20del%20Trabajo&#038;url=https:\/\/radiorevelacionfm.cl\/?p=57454' aria-hidden='false' data-av_icon='\ue8fc' data-av_iconfont='entypo-fontello' title='' data-avia-related-tooltip='Compartir en LinkedIn' rel=\"noopener\"><span class='avia_hidden_link_text'>Compartir en LinkedIn<\/span><\/a><\/li><li class='av-share-link av-social-link-mail' ><a  aria-label=\"Compartir por correo\" href='mailto:?subject=En%20Coyhaique%3A%20Alianza%20entre%20la%20CAJ%20y%20la%20Direcci%C3%B3n%20del%20Trabajo%20permite%20atenci%C3%B3n%20de%20abogado%20una%20vez%20a%20la%20semana%20en%20oficina%20de%20la%20Inspecci%C3%B3n%20del%20Trabajo&#038;body=https:\/\/radiorevelacionfm.cl\/?p=57454' aria-hidden='false' data-av_icon='\ue805' data-av_iconfont='entypo-fontello' title='' data-avia-related-tooltip='Compartir por correo'><span class='avia_hidden_link_text'>Compartir por correo<\/span><\/a><\/li><\/ul><\/div><\/div>\n<div  style='height:50px' class='hr hr-invisible   avia-builder-el-8  el_after_av_social_share  el_before_av_comments_list '><span class='hr-inner ' ><span class='hr-inner-style'><\/span><\/span><\/div>\n<div  class='av-buildercomment  av-blog-meta-html-info-disabled av-blog-meta-tag-disabled  '><\/div>\n","protected":false},"excerpt":{"rendered":"","protected":false},"author":1,"featured_media":57455,"comment_status":"closed","ping_status":"closed","sticky":false,"template":"","format":"standard","meta":{"footnotes":""},"categories":[55],"tags":[],"class_list":["post-57454","post","type-post","status-publish","format-standard","has-post-thumbnail","hentry","category-justicia"],"jetpack_featured_media_url":"https:\/\/radiorevelacionfm.cl\/wp-content\/uploads\/2025\/08\/CAJ-1-1.jpeg","_links":{"self":[{"href":"https:\/\/radiorevelacionfm.cl\/index.php?rest_route=\/wp\/v2\/posts\/57454","targetHints":{"allow":["GET"]}}],"collection":[{"href":"https:\/\/radiorevelacionfm.cl\/index.php?rest_route=\/wp\/v2\/posts"}],"about":[{"href":"https:\/\/radiorevelacionfm.cl\/index.php?rest_route=\/wp\/v2\/types\/post"}],"author":[{"embeddable":true,"href":"https:\/\/radiorevelacionfm.cl\/index.php?rest_route=\/wp\/v2\/users\/1"}],"replies":[{"embeddable":true,"href":"https:\/\/radiorevelacionfm.cl\/index.php?rest_route=%2Fwp%2Fv2%2Fcomments&post=57454"}],"version-history":[{"count":2,"href":"https:\/\/radiorevelacionfm.cl\/index.php?rest_route=\/wp\/v2\/posts\/57454\/revisions"}],"predecessor-version":[{"id":57478,"href":"https:\/\/radiorevelacionfm.cl\/index.php?rest_route=\/wp\/v2\/posts\/57454\/revisions\/57478"}],"wp:featuredmedia":[{"embeddable":true,"href":"https:\/\/radiorevelacionfm.cl\/index.php?rest_route=\/wp\/v2\/media\/57455"}],"wp:attachment":[{"href":"https:\/\/radiorevelacionfm.cl\/index.php?rest_route=%2Fwp%2Fv2%2Fmedia&parent=57454"}],"wp:term":[{"taxonomy":"category","embeddable":true,"href":"https:\/\/radiorevelacionfm.cl\/index.php?rest_route=%2Fwp%2Fv2%2Fcategories&post=57454"},{"taxonomy":"post_tag","embeddable":true,"href":"https:\/\/radiorevelacionfm.cl\/index.php?rest_route=%2Fwp%2Fv2%2Ftags&post=57454"}],"curies":[{"name":"wp","href":"https:\/\/api.w.org\/{rel}","templated":true}]}}