{"id":57451,"date":"2025-08-06T21:36:58","date_gmt":"2025-08-07T00:36:58","guid":{"rendered":"https:\/\/radiorevelacionfm.cl\/?p=57451"},"modified":"2025-08-06T21:36:58","modified_gmt":"2025-08-07T00:36:58","slug":"ministerio-de-hacienda-realizara-cuenta-publica-2025-en-coyhaique","status":"publish","type":"post","link":"https:\/\/radiorevelacionfm.cl\/?p=57451","title":{"rendered":"Ministerio de Hacienda realizar\u00e1 Cuenta P\u00fablica 2025 en Coyhaique"},"content":{"rendered":"<div class=\"flex_column av_one_full  flex_column_div av-zero-column-padding first  avia-builder-el-0  el_before_av_one_full  avia-builder-el-first  \" style='border-radius:0px; '><div  class='avia-image-container  av-styling-    avia-builder-el-1  avia-builder-el-no-sibling  avia-align-center '  itemprop=\"image\" itemscope=\"itemscope\" itemtype=\"https:\/\/schema.org\/ImageObject\"  ><div class='avia-image-container-inner'><div class='avia-image-overlay-wrap'><img decoding=\"async\" class='wp-image-57452 avia-img-lazy-loading-not-57452 avia_image' src=\"https:\/\/radiorevelacionfm.cl\/wp-content\/uploads\/2025\/08\/whatsapp-image-2025-08-06-at-15_optimized.33.51-3-1.jpeg\" alt='' title='whatsapp-image-2025-08-06-at-15_optimized.33.51-(3)-(1)' height=\"600\" width=\"833\"  itemprop=\"thumbnailUrl\" srcset=\"https:\/\/radiorevelacionfm.cl\/wp-content\/uploads\/2025\/08\/whatsapp-image-2025-08-06-at-15_optimized.33.51-3-1.jpeg 833w, https:\/\/radiorevelacionfm.cl\/wp-content\/uploads\/2025\/08\/whatsapp-image-2025-08-06-at-15_optimized.33.51-3-1-300x216.jpeg 300w, https:\/\/radiorevelacionfm.cl\/wp-content\/uploads\/2025\/08\/whatsapp-image-2025-08-06-at-15_optimized.33.51-3-1-768x553.jpeg 768w, https:\/\/radiorevelacionfm.cl\/wp-content\/uploads\/2025\/08\/whatsapp-image-2025-08-06-at-15_optimized.33.51-3-1-705x508.jpeg 705w, https:\/\/radiorevelacionfm.cl\/wp-content\/uploads\/2025\/08\/whatsapp-image-2025-08-06-at-15_optimized.33.51-3-1-450x324.jpeg 450w, https:\/\/radiorevelacionfm.cl\/wp-content\/uploads\/2025\/08\/whatsapp-image-2025-08-06-at-15_optimized.33.51-3-1-600x432.jpeg 600w\" sizes=\"(max-width: 833px) 100vw, 833px\" \/><\/div><\/div><\/div><\/div><div class=\"flex_column av_one_full  flex_column_div av-zero-column-padding first  avia-builder-el-2  el_after_av_one_full  el_before_av_one_full  column-top-margin\" style='border-radius:0px; '><section class=\"av_textblock_section \"  itemscope=\"itemscope\" itemtype=\"https:\/\/schema.org\/BlogPosting\" itemprop=\"blogPost\" ><div class='avia_textblock  '   itemprop=\"text\" ><p class=\"m_901383040737941294MsoListParagraphCxSpFirst\" style=\"text-align: center;\" align=\"center\"><span style=\"font-size: 18pt;\"><b><span lang=\"ES-TRAD\">Ministerio de Hacienda realizar\u00e1 <u><\/u><u><\/u><\/span><\/b><b><span lang=\"ES-TRAD\">Cuenta P\u00fablica 2025 en Coyhaique<\/span><\/b><\/span><\/p>\n<div id=\"gtx-trans\" style=\"position: absolute; left: -50px; top: 4.31534px;\">\n<div class=\"gtx-trans-icon\"><\/div>\n<\/div>\n<\/div><\/section><\/div><div class=\"flex_column av_one_full  flex_column_div av-zero-column-padding first  avia-builder-el-4  el_after_av_one_full  el_before_av_hr  column-top-margin\" style='border-radius:0px; '><section class=\"av_textblock_section \"  itemscope=\"itemscope\" itemtype=\"https:\/\/schema.org\/BlogPosting\" itemprop=\"blogPost\" ><div class='avia_textblock  '   itemprop=\"text\" ><p style=\"font-weight: 400; text-align: justify;\"><em>La realizaci\u00f3n de esta Cuenta P\u00fablica este jueves 7 de agosto en la Regi\u00f3n de Ays\u00e9n, refleja el compromiso del ministerio por acercar la gesti\u00f3n fiscal a los territorios, promoviendo la transparencia, la descentralizaci\u00f3n y el di\u00e1logo ciudadano.<\/em><\/p>\n<p style=\"font-weight: 400; text-align: justify;\">El ministro de Hacienda, Mario Marcel, junto a la subsecretaria, Heidi Berner, presentar\u00e1n este jueves 7 de agosto la Cuenta P\u00fablica Participativa 2025 del Ministerio de Hacienda en Coyhaique, Regi\u00f3n de Ays\u00e9n, que contar\u00e1 con la participaci\u00f3n de autoridades locales, entre ellas alcaldes, seremis, jefes de servicio y parlamentarios de la regi\u00f3n<\/p>\n<p style=\"font-weight: 400; text-align: justify;\">La actividad se desarrollar\u00e1 entre las 12:30 y 14:30 horas en el Auditorio del Centro Cultural de Coyhaique.<\/p>\n<p style=\"font-weight: 400; text-align: justify;\">Previamente, las autoridades realizar\u00e1n el saludo protocolar al Gobernador Regional de Ays\u00e9n, Marcelo Santana, junto al Delegado Presidencial Regional, Jorge D\u00edaz, en el edificio del Gobierno Regional.<\/p>\n<p style=\"font-weight: 400; text-align: justify;\">M\u00e1s tarde el ministro Marcel se dirigir\u00e1 a la Escuela Pedro Quintana Mansilla donde donar\u00e1 un taca-taca a los estudiantes, cumpliendo un compromiso asumido en una visita anterior.<\/p>\n<p style=\"font-weight: 400; text-align: justify;\">El Delegado Presidencial Regional de Ays\u00e9n, Jorge D\u00edaz Guzm\u00e1n, afirm\u00f3 que \u201cestamos muy contentos de que el Ministerio de Hacienda haya elegido nuestra regi\u00f3n para exponer su Cuenta P\u00fablica.<\/p>\n<p style=\"font-weight: 400; text-align: justify;\">\u201cEl Ministro de Hacienda y la Subsecretaria han decidido dar la Cuenta de la Hacienda P\u00fablica de todo el pa\u00eds desde la Regi\u00f3n de Ays\u00e9n; es un evento y una se\u00f1al muy importante para nuestra regi\u00f3n. Adem\u00e1s, la subsecretaria\u00a0 de Hacienda va a sostener encuentros y di\u00e1logos con el sector productivo, por lo que estamos muy contentos de tener a todo este equipo en nuestra regi\u00f3n\u201d, se\u00f1al\u00f3.<\/p>\n<p style=\"font-weight: 400; text-align: justify;\">Por su parte, la subsecretaria Berner desarrollar\u00e1 una agenda paralela, que incluye reuniones con autoridades regionales, un encuentro con representantes de peque\u00f1as y medianas empresas y entrevistas en medios de comunicaci\u00f3n.<\/p>\n<p style=\"font-weight: 400; text-align: justify;\">La realizaci\u00f3n de esta Cuenta P\u00fablica en regiones refleja el compromiso del Ministerio de Hacienda por acercar la gesti\u00f3n fiscal a los territorios, promoviendo la transparencia, la descentralizaci\u00f3n y el di\u00e1logo ciudadano.<\/p>\n<\/div><\/section><\/div><div  style='height:50px' class='hr hr-invisible   avia-builder-el-6  el_after_av_one_full  el_before_av_social_share '><span class='hr-inner ' ><span class='hr-inner-style'><\/span><\/span><\/div><\/p>\n<div  class='av-social-sharing-box  avia-builder-el-7  el_after_av_hr  el_before_av_hr  '><div class='av-share-box'><h5 class='av-share-link-description av-no-toc '>Compartir esta noticia<\/h5><ul class='av-share-box-list noLightbox'><li class='av-share-link av-social-link-facebook' ><a target=\"_blank\" aria-label=\"Compartir en Facebook\" href='https:\/\/www.facebook.com\/sharer.php?u=https:\/\/radiorevelacionfm.cl\/?p=57451&#038;t=Ministerio%20de%20Hacienda%20realizar%C3%A1%20Cuenta%20P%C3%BAblica%202025%20en%20Coyhaique' aria-hidden='false' data-av_icon='\ue8f3' data-av_iconfont='entypo-fontello' title='' data-avia-related-tooltip='Compartir en Facebook' rel=\"noopener\"><span class='avia_hidden_link_text'>Compartir en Facebook<\/span><\/a><\/li><li class='av-share-link av-social-link-twitter' ><a target=\"_blank\" aria-label=\"Compartir en Twitter\" href='https:\/\/twitter.com\/share?text=Ministerio%20de%20Hacienda%20realizar%C3%A1%20Cuenta%20P%C3%BAblica%202025%20en%20Coyhaique&#038;url=https:\/\/radiorevelacionfm.cl\/?p=57451' aria-hidden='false' data-av_icon='\ue8f1' data-av_iconfont='entypo-fontello' title='' data-avia-related-tooltip='Compartir en Twitter' rel=\"noopener\"><span class='avia_hidden_link_text'>Compartir en Twitter<\/span><\/a><\/li><li class='av-share-link av-social-link-whatsapp' ><a target=\"_blank\" aria-label=\"Compartir en Whatsapp\" href='https:\/\/api.whatsapp.com\/send?text=https:\/\/radiorevelacionfm.cl\/?p=57451' aria-hidden='false' data-av_icon='\uf232' data-av_iconfont='entypo-fontello' title='' data-avia-related-tooltip='Compartir en Whatsapp' rel=\"noopener\"><span class='avia_hidden_link_text'>Compartir en Whatsapp<\/span><\/a><\/li><li class='av-share-link av-social-link-linkedin' ><a target=\"_blank\" aria-label=\"Compartir en LinkedIn\" href='https:\/\/linkedin.com\/shareArticle?mini=true&#038;title=Ministerio%20de%20Hacienda%20realizar%C3%A1%20Cuenta%20P%C3%BAblica%202025%20en%20Coyhaique&#038;url=https:\/\/radiorevelacionfm.cl\/?p=57451' aria-hidden='false' data-av_icon='\ue8fc' data-av_iconfont='entypo-fontello' title='' data-avia-related-tooltip='Compartir en LinkedIn' rel=\"noopener\"><span class='avia_hidden_link_text'>Compartir en LinkedIn<\/span><\/a><\/li><li class='av-share-link av-social-link-mail' ><a  aria-label=\"Compartir por correo\" href='mailto:?subject=Ministerio%20de%20Hacienda%20realizar%C3%A1%20Cuenta%20P%C3%BAblica%202025%20en%20Coyhaique&#038;body=https:\/\/radiorevelacionfm.cl\/?p=57451' aria-hidden='false' data-av_icon='\ue805' data-av_iconfont='entypo-fontello' title='' data-avia-related-tooltip='Compartir por correo'><span class='avia_hidden_link_text'>Compartir por correo<\/span><\/a><\/li><\/ul><\/div><\/div>\n<div  style='height:50px' class='hr hr-invisible   avia-builder-el-8  el_after_av_social_share  el_before_av_comments_list '><span class='hr-inner ' ><span class='hr-inner-style'><\/span><\/span><\/div>\n<div  class='av-buildercomment  av-blog-meta-html-info-disabled av-blog-meta-tag-disabled  '><\/div>\n","protected":false},"excerpt":{"rendered":"","protected":false},"author":1,"featured_media":57452,"comment_status":"closed","ping_status":"closed","sticky":false,"template":"","format":"standard","meta":{"footnotes":""},"categories":[38],"tags":[],"class_list":["post-57451","post","type-post","status-publish","format-standard","has-post-thumbnail","hentry","category-regional"],"jetpack_featured_media_url":"https:\/\/radiorevelacionfm.cl\/wp-content\/uploads\/2025\/08\/whatsapp-image-2025-08-06-at-15_optimized.33.51-3-1.jpeg","_links":{"self":[{"href":"https:\/\/radiorevelacionfm.cl\/index.php?rest_route=\/wp\/v2\/posts\/57451","targetHints":{"allow":["GET"]}}],"collection":[{"href":"https:\/\/radiorevelacionfm.cl\/index.php?rest_route=\/wp\/v2\/posts"}],"about":[{"href":"https:\/\/radiorevelacionfm.cl\/index.php?rest_route=\/wp\/v2\/types\/post"}],"author":[{"embeddable":true,"href":"https:\/\/radiorevelacionfm.cl\/index.php?rest_route=\/wp\/v2\/users\/1"}],"replies":[{"embeddable":true,"href":"https:\/\/radiorevelacionfm.cl\/index.php?rest_route=%2Fwp%2Fv2%2Fcomments&post=57451"}],"version-history":[{"count":2,"href":"https:\/\/radiorevelacionfm.cl\/index.php?rest_route=\/wp\/v2\/posts\/57451\/revisions"}],"predecessor-version":[{"id":57476,"href":"https:\/\/radiorevelacionfm.cl\/index.php?rest_route=\/wp\/v2\/posts\/57451\/revisions\/57476"}],"wp:featuredmedia":[{"embeddable":true,"href":"https:\/\/radiorevelacionfm.cl\/index.php?rest_route=\/wp\/v2\/media\/57452"}],"wp:attachment":[{"href":"https:\/\/radiorevelacionfm.cl\/index.php?rest_route=%2Fwp%2Fv2%2Fmedia&parent=57451"}],"wp:term":[{"taxonomy":"category","embeddable":true,"href":"https:\/\/radiorevelacionfm.cl\/index.php?rest_route=%2Fwp%2Fv2%2Fcategories&post=57451"},{"taxonomy":"post_tag","embeddable":true,"href":"https:\/\/radiorevelacionfm.cl\/index.php?rest_route=%2Fwp%2Fv2%2Ftags&post=57451"}],"curies":[{"name":"wp","href":"https:\/\/api.w.org\/{rel}","templated":true}]}}