{"id":57447,"date":"2025-08-06T20:58:34","date_gmt":"2025-08-06T23:58:34","guid":{"rendered":"https:\/\/radiorevelacionfm.cl\/?p=57447"},"modified":"2025-08-06T20:58:34","modified_gmt":"2025-08-06T23:58:34","slug":"mas-de-160-participantes-daran-vida-a-la-4a-version-del-ascenso-al-cordon-esmeralda-en-cochrane","status":"publish","type":"post","link":"https:\/\/radiorevelacionfm.cl\/?p=57447","title":{"rendered":"M\u00e1s de 160 participantes dar\u00e1n vida a la 4\u00aa versi\u00f3n del Ascenso al Cord\u00f3n Esmeralda en Cochrane"},"content":{"rendered":"<div class=\"flex_column av_one_full  flex_column_div av-zero-column-padding first  avia-builder-el-0  el_before_av_one_full  avia-builder-el-first  \" style='border-radius:0px; '><div  class='avia-image-container  av-styling-    avia-builder-el-1  avia-builder-el-no-sibling  avia-align-center '  itemprop=\"image\" itemscope=\"itemscope\" itemtype=\"https:\/\/schema.org\/ImageObject\"  ><div class='avia-image-container-inner'><div class='avia-image-overlay-wrap'><img decoding=\"async\" class='wp-image-57448 avia-img-lazy-loading-not-57448 avia_image' src=\"https:\/\/radiorevelacionfm.cl\/wp-content\/uploads\/2025\/08\/aice-2025-2-1-1_optimized-1.jpg\" alt='' title='aice-2025-(2)-(1)-(1)_optimized (1)' height=\"600\" width=\"853\"  itemprop=\"thumbnailUrl\" srcset=\"https:\/\/radiorevelacionfm.cl\/wp-content\/uploads\/2025\/08\/aice-2025-2-1-1_optimized-1.jpg 853w, https:\/\/radiorevelacionfm.cl\/wp-content\/uploads\/2025\/08\/aice-2025-2-1-1_optimized-1-300x211.jpg 300w, https:\/\/radiorevelacionfm.cl\/wp-content\/uploads\/2025\/08\/aice-2025-2-1-1_optimized-1-768x540.jpg 768w, https:\/\/radiorevelacionfm.cl\/wp-content\/uploads\/2025\/08\/aice-2025-2-1-1_optimized-1-705x496.jpg 705w, https:\/\/radiorevelacionfm.cl\/wp-content\/uploads\/2025\/08\/aice-2025-2-1-1_optimized-1-450x317.jpg 450w, https:\/\/radiorevelacionfm.cl\/wp-content\/uploads\/2025\/08\/aice-2025-2-1-1_optimized-1-600x422.jpg 600w\" sizes=\"(max-width: 853px) 100vw, 853px\" \/><\/div><\/div><\/div><\/div><div class=\"flex_column av_one_full  flex_column_div av-zero-column-padding first  avia-builder-el-2  el_after_av_one_full  el_before_av_one_full  column-top-margin\" style='border-radius:0px; '><section class=\"av_textblock_section \"  itemscope=\"itemscope\" itemtype=\"https:\/\/schema.org\/BlogPosting\" itemprop=\"blogPost\" ><div class='avia_textblock  '   itemprop=\"text\" ><p style=\"text-align: center;\"><strong><span style=\"font-size: 18pt;\">M\u00e1s de 160 participantes dar\u00e1n vida a la 4\u00aa versi\u00f3n del Ascenso al Cord\u00f3n Esmeralda en Cochrane<\/span><\/strong><\/p>\n<div id=\"gtx-trans\" style=\"position: absolute; left: -50px; top: 4.31534px;\">\n<div class=\"gtx-trans-icon\"><\/div>\n<\/div>\n<\/div><\/section><\/div><div class=\"flex_column av_one_full  flex_column_div av-zero-column-padding first  avia-builder-el-4  el_after_av_one_full  el_before_av_hr  column-top-margin\" style='border-radius:0px; '><section class=\"av_textblock_section \"  itemscope=\"itemscope\" itemtype=\"https:\/\/schema.org\/BlogPosting\" itemprop=\"blogPost\" ><div class='avia_textblock  '   itemprop=\"text\" ><p style=\"text-align: justify;\">Este s\u00e1bado 9 de agosto se desarrollar\u00e1 en Cochrane una nueva edici\u00f3n del <strong>Ascenso Invernal al Cord\u00f3n Esmeralda<\/strong>, una de las actividades deportivas m\u00e1s esperadas del calendario invernal en la regi\u00f3n. <strong>Con m\u00e1s de 160 personas inscritas<\/strong>, esta <strong>cuarta versi\u00f3n<\/strong> de la competencia sigue posicionando a la comuna como un destino activo durante todo el a\u00f1o.<\/p>\n<p style=\"text-align: justify;\">Organizada por la Ilustre Municipalidad de Cochrane y el Club de Monta\u00f1a, la actividad cuenta con el apoyo de Drag\u00f3n de la Patagonia, Edelaysen, AndesMeals y Supermercado local Rojita. Se desarrollar\u00e1 en un circuito de ascenso \u00fanico, que contempla dos modalidades competitivas: esqu\u00ed randone\u00e9 y raquetas de nieve, en categor\u00edas damas y varones mayores de 18 a\u00f1os, junto con una categor\u00eda recreativa que ha tenido una importante convocatoria en esta versi\u00f3n.<\/p>\n<p style=\"text-align: justify;\">La jornada comenzar\u00e1 el viernes 8 de agosto con la acreditaci\u00f3n de los participantes en el Mercado Municipal, donde tambi\u00e9n se realizar\u00e1 la charla t\u00e9cnica. El s\u00e1bado 9, a partir de las 9:00 horas, se dar\u00e1 la partida oficial desde el predio de don Jorge Romero, luego de un traslado desde la Plaza de armas de Cochrane.<\/p>\n<p style=\"text-align: justify;\">El <strong>alcalde de la comuna de Cochrane, Patricio Ulloa Georgia<\/strong> valor\u00f3 el crecimiento de esta iniciativa se\u00f1alando que \u201ccada a\u00f1o esta actividad va tomando m\u00e1s fuerza. Cochrane se est\u00e1 posicionando como un lugar ideal para quienes disfrutan de la monta\u00f1a. El Cord\u00f3n Esmeralda est\u00e1 solo a 15 kil\u00f3metros de la ciudad, lo que facilita la participaci\u00f3n. Este 2025 ya superamos los 160 inscritos, lo que refleja el inter\u00e9s creciente por este tipo de experiencias\u201d.<\/p>\n<p style=\"text-align: justify;\">Desde <strong>el Club de Monta\u00f1a de Cochrane, Guillermo \u00d3rdenes<\/strong> <strong>Molina <\/strong>explic\u00f3 que los equipos t\u00e9cnicos se trasladar\u00e1n desde el viernes a la zona de cumbre para realizar las marcaciones y esperar a los competidores. A\u00f1adi\u00f3 que \u201ces fundamental disfrutar con responsabilidad, trayendo los elementos t\u00e9cnicos como esqu\u00eds o raquetas, adem\u00e1s de ropa adecuada, alimentaci\u00f3n e hidrataci\u00f3n. Vamos a estar en la cumbre por un tiempo, por lo tanto es importante venir preparados\u201d.<\/p>\n<p style=\"text-align: justify;\">El <strong>encargado municipal de turismo, Javier Mu\u00f1oz Maldonado<\/strong>, destac\u00f3 que la actividad comenz\u00f3 como una competencia t\u00e9cnica, pero ha evolucionado hacia un formato m\u00e1s inclusivo. \u201cHoy, el 80% de los inscritos participa en la modalidad recreativa, lo que demuestra que la monta\u00f1a puede disfrutarse desde distintos enfoques, en un entorno seguro y bien organizado\u201d, coment\u00f3.<\/p>\n<p style=\"text-align: justify;\">Desde el sector privado, la <strong>C\u00e1mara de Comercio, Servicios y Turismo de Cochrane, Mar\u00eda Francisca Z\u00fa\u00f1iga Urz\u00faa<\/strong>, valor\u00f3 la importancia de este tipo de instancias para el comercio y el turismo local. \u201cGracias a nuestra calendarizaci\u00f3n de actividades en la comuna, podemos planificarnos con tiempo, organizarnos y brindar una experiencia de calidad a quienes nos visitan. Invitamos a comerciantes, alojamientos, restaurantes y operadores tur\u00edsticos a sumarse a este esfuerzo colectivo. Este tipo de actividades refuerzan el posicionamiento de Cochrane como un destino activo todo el a\u00f1o\u201d, se\u00f1al\u00f3.<\/p>\n<p style=\"text-align: justify;\">Una vez finalizado el ascenso, se desarrollar\u00e1 la ceremonia de premiaci\u00f3n en el Parque Costumbrista, donde se realizar\u00e1 la entrega de medallas y trofeos a los tres primeros lugares de cada categor\u00eda en competencia. Adem\u00e1s, se har\u00e1 entrega de la polera oficial del evento y un buff a los participantes, junto con la realizaci\u00f3n de un sorteo de premios entre todos quienes hayan sido parte de la jornada. Tambi\u00e9n se contar\u00e1 con la presentaci\u00f3n del Ballet Folkl\u00f3rico local, en un cierre pensado como un espacio familiar y comunitario.<\/p>\n<p style=\"text-align: justify;\">De esta manera Cochrane contin\u00faa fortaleciendo su propuesta tur\u00edstica y deportiva, apostando por eventos que conectan con el entorno, movilizan a la comunidad y proyectan el territorio m\u00e1s all\u00e1 de sus fronteras, siendo un destino activo todo el a\u00f1o.<\/p>\n<\/div><\/section><\/div><div  style='height:50px' class='hr hr-invisible   avia-builder-el-6  el_after_av_one_full  el_before_av_social_share '><span class='hr-inner ' ><span class='hr-inner-style'><\/span><\/span><\/div><\/p>\n<div  class='av-social-sharing-box  avia-builder-el-7  el_after_av_hr  el_before_av_hr  '><div class='av-share-box'><h5 class='av-share-link-description av-no-toc '>Compartir esta noticia<\/h5><ul class='av-share-box-list noLightbox'><li class='av-share-link av-social-link-facebook' ><a target=\"_blank\" aria-label=\"Compartir en Facebook\" href='https:\/\/www.facebook.com\/sharer.php?u=https:\/\/radiorevelacionfm.cl\/?p=57447&#038;t=M%C3%A1s%20de%20160%20participantes%20dar%C3%A1n%20vida%20a%20la%204%C2%AA%20versi%C3%B3n%20del%20Ascenso%20al%20Cord%C3%B3n%20Esmeralda%20en%20Cochrane' aria-hidden='false' data-av_icon='\ue8f3' data-av_iconfont='entypo-fontello' title='' data-avia-related-tooltip='Compartir en Facebook' rel=\"noopener\"><span class='avia_hidden_link_text'>Compartir en Facebook<\/span><\/a><\/li><li class='av-share-link av-social-link-twitter' ><a target=\"_blank\" aria-label=\"Compartir en Twitter\" href='https:\/\/twitter.com\/share?text=M%C3%A1s%20de%20160%20participantes%20dar%C3%A1n%20vida%20a%20la%204%C2%AA%20versi%C3%B3n%20del%20Ascenso%20al%20Cord%C3%B3n%20Esmeralda%20en%20Cochrane&#038;url=https:\/\/radiorevelacionfm.cl\/?p=57447' aria-hidden='false' data-av_icon='\ue8f1' data-av_iconfont='entypo-fontello' title='' data-avia-related-tooltip='Compartir en Twitter' rel=\"noopener\"><span class='avia_hidden_link_text'>Compartir en Twitter<\/span><\/a><\/li><li class='av-share-link av-social-link-whatsapp' ><a target=\"_blank\" aria-label=\"Compartir en Whatsapp\" href='https:\/\/api.whatsapp.com\/send?text=https:\/\/radiorevelacionfm.cl\/?p=57447' aria-hidden='false' data-av_icon='\uf232' data-av_iconfont='entypo-fontello' title='' data-avia-related-tooltip='Compartir en Whatsapp' rel=\"noopener\"><span class='avia_hidden_link_text'>Compartir en Whatsapp<\/span><\/a><\/li><li class='av-share-link av-social-link-linkedin' ><a target=\"_blank\" aria-label=\"Compartir en LinkedIn\" href='https:\/\/linkedin.com\/shareArticle?mini=true&#038;title=M%C3%A1s%20de%20160%20participantes%20dar%C3%A1n%20vida%20a%20la%204%C2%AA%20versi%C3%B3n%20del%20Ascenso%20al%20Cord%C3%B3n%20Esmeralda%20en%20Cochrane&#038;url=https:\/\/radiorevelacionfm.cl\/?p=57447' aria-hidden='false' data-av_icon='\ue8fc' data-av_iconfont='entypo-fontello' title='' data-avia-related-tooltip='Compartir en LinkedIn' rel=\"noopener\"><span class='avia_hidden_link_text'>Compartir en LinkedIn<\/span><\/a><\/li><li class='av-share-link av-social-link-mail' ><a  aria-label=\"Compartir por correo\" href='mailto:?subject=M%C3%A1s%20de%20160%20participantes%20dar%C3%A1n%20vida%20a%20la%204%C2%AA%20versi%C3%B3n%20del%20Ascenso%20al%20Cord%C3%B3n%20Esmeralda%20en%20Cochrane&#038;body=https:\/\/radiorevelacionfm.cl\/?p=57447' aria-hidden='false' data-av_icon='\ue805' data-av_iconfont='entypo-fontello' title='' data-avia-related-tooltip='Compartir por correo'><span class='avia_hidden_link_text'>Compartir por correo<\/span><\/a><\/li><\/ul><\/div><\/div>\n<div  style='height:50px' class='hr hr-invisible   avia-builder-el-8  el_after_av_social_share  el_before_av_comments_list '><span class='hr-inner ' ><span class='hr-inner-style'><\/span><\/span><\/div>\n<div  class='av-buildercomment  av-blog-meta-html-info-disabled av-blog-meta-tag-disabled  '><\/div>\n","protected":false},"excerpt":{"rendered":"","protected":false},"author":1,"featured_media":57448,"comment_status":"closed","ping_status":"closed","sticky":false,"template":"","format":"standard","meta":{"footnotes":""},"categories":[38],"tags":[],"class_list":["post-57447","post","type-post","status-publish","format-standard","has-post-thumbnail","hentry","category-regional"],"jetpack_featured_media_url":"https:\/\/radiorevelacionfm.cl\/wp-content\/uploads\/2025\/08\/aice-2025-2-1-1_optimized-1.jpg","_links":{"self":[{"href":"https:\/\/radiorevelacionfm.cl\/index.php?rest_route=\/wp\/v2\/posts\/57447","targetHints":{"allow":["GET"]}}],"collection":[{"href":"https:\/\/radiorevelacionfm.cl\/index.php?rest_route=\/wp\/v2\/posts"}],"about":[{"href":"https:\/\/radiorevelacionfm.cl\/index.php?rest_route=\/wp\/v2\/types\/post"}],"author":[{"embeddable":true,"href":"https:\/\/radiorevelacionfm.cl\/index.php?rest_route=\/wp\/v2\/users\/1"}],"replies":[{"embeddable":true,"href":"https:\/\/radiorevelacionfm.cl\/index.php?rest_route=%2Fwp%2Fv2%2Fcomments&post=57447"}],"version-history":[{"count":2,"href":"https:\/\/radiorevelacionfm.cl\/index.php?rest_route=\/wp\/v2\/posts\/57447\/revisions"}],"predecessor-version":[{"id":57461,"href":"https:\/\/radiorevelacionfm.cl\/index.php?rest_route=\/wp\/v2\/posts\/57447\/revisions\/57461"}],"wp:featuredmedia":[{"embeddable":true,"href":"https:\/\/radiorevelacionfm.cl\/index.php?rest_route=\/wp\/v2\/media\/57448"}],"wp:attachment":[{"href":"https:\/\/radiorevelacionfm.cl\/index.php?rest_route=%2Fwp%2Fv2%2Fmedia&parent=57447"}],"wp:term":[{"taxonomy":"category","embeddable":true,"href":"https:\/\/radiorevelacionfm.cl\/index.php?rest_route=%2Fwp%2Fv2%2Fcategories&post=57447"},{"taxonomy":"post_tag","embeddable":true,"href":"https:\/\/radiorevelacionfm.cl\/index.php?rest_route=%2Fwp%2Fv2%2Ftags&post=57447"}],"curies":[{"name":"wp","href":"https:\/\/api.w.org\/{rel}","templated":true}]}}