{"id":57438,"date":"2025-08-06T18:36:24","date_gmt":"2025-08-06T21:36:24","guid":{"rendered":"https:\/\/radiorevelacionfm.cl\/?p=57438"},"modified":"2025-08-06T18:36:24","modified_gmt":"2025-08-06T21:36:24","slug":"carabineros-de-cochrane-detuvo-a-dos-adolescentes-y-aclaro-robo-a-local-comercial","status":"publish","type":"post","link":"https:\/\/radiorevelacionfm.cl\/?p=57438","title":{"rendered":"Carabineros de Cochrane detuvo a dos adolescentes y aclar\u00f3 robo a local comercial"},"content":{"rendered":"<div class=\"flex_column av_one_full  flex_column_div av-zero-column-padding first  avia-builder-el-0  el_before_av_one_full  avia-builder-el-first  \" style='border-radius:0px; '><div  class='avia-image-container  av-styling-    avia-builder-el-1  avia-builder-el-no-sibling  avia-align-center '  itemprop=\"image\" itemscope=\"itemscope\" itemtype=\"https:\/\/schema.org\/ImageObject\"  ><div class='avia-image-container-inner'><div class='avia-image-overlay-wrap'><img decoding=\"async\" class='wp-image-57439 avia-img-lazy-loading-not-57439 avia_image' src=\"https:\/\/radiorevelacionfm.cl\/wp-content\/uploads\/2025\/08\/carabineros-cochrane-img_3344_optimized-1.jpg\" alt='' title='carabineros-cochrane-img_3344_optimized (1)' height=\"600\" width=\"800\"  itemprop=\"thumbnailUrl\" srcset=\"https:\/\/radiorevelacionfm.cl\/wp-content\/uploads\/2025\/08\/carabineros-cochrane-img_3344_optimized-1.jpg 800w, https:\/\/radiorevelacionfm.cl\/wp-content\/uploads\/2025\/08\/carabineros-cochrane-img_3344_optimized-1-300x225.jpg 300w, https:\/\/radiorevelacionfm.cl\/wp-content\/uploads\/2025\/08\/carabineros-cochrane-img_3344_optimized-1-768x576.jpg 768w, https:\/\/radiorevelacionfm.cl\/wp-content\/uploads\/2025\/08\/carabineros-cochrane-img_3344_optimized-1-705x529.jpg 705w, https:\/\/radiorevelacionfm.cl\/wp-content\/uploads\/2025\/08\/carabineros-cochrane-img_3344_optimized-1-450x338.jpg 450w, https:\/\/radiorevelacionfm.cl\/wp-content\/uploads\/2025\/08\/carabineros-cochrane-img_3344_optimized-1-600x450.jpg 600w\" sizes=\"(max-width: 800px) 100vw, 800px\" \/><\/div><\/div><\/div><\/div><div class=\"flex_column av_one_full  flex_column_div av-zero-column-padding first  avia-builder-el-2  el_after_av_one_full  el_before_av_one_full  column-top-margin\" style='border-radius:0px; '><section class=\"av_textblock_section \"  itemscope=\"itemscope\" itemtype=\"https:\/\/schema.org\/BlogPosting\" itemprop=\"blogPost\" ><div class='avia_textblock  '   itemprop=\"text\" ><p style=\"text-align: center;\"><strong><span style=\"font-size: 18pt;\">Carabineros de Cochrane detuvo a dos adolescentes y aclar\u00f3 robo a local comercial<\/span><\/strong><\/p>\n<div id=\"gtx-trans\" style=\"position: absolute; left: -50px; top: 4.31534px;\">\n<div class=\"gtx-trans-icon\"><\/div>\n<\/div>\n<\/div><\/section><\/div><div class=\"flex_column av_one_full  flex_column_div av-zero-column-padding first  avia-builder-el-4  el_after_av_one_full  el_before_av_hr  column-top-margin\" style='border-radius:0px; '><section class=\"av_textblock_section \"  itemscope=\"itemscope\" itemtype=\"https:\/\/schema.org\/BlogPosting\" itemprop=\"blogPost\" ><div class='avia_textblock  '   itemprop=\"text\" ><ul>\n<li dir=\"ltr\">\n<p dir=\"ltr\" style=\"text-align: justify;\"><em>Diligencias desarrolladas por la SIP y personal territorial permiti\u00f3 ubicar y detener a dos personas por su posible participaci\u00f3n en este hecho, logrando igualmente recuperar especies asociadas al il\u00edcito.<\/em><\/p>\n<\/li>\n<li dir=\"ltr\" style=\"text-align: justify;\">\n<p dir=\"ltr\"><em>Carabineros investiga otros delitos conexos ocurridos d\u00edas anteriores, en tanto que los antecedentes fueron remitidos a la Fiscal\u00eda.\u00a0<\/em><\/p>\n<\/li>\n<\/ul>\n<p dir=\"ltr\" style=\"text-align: justify;\">La oportuna denuncia al nivel de emergencias 133 motiv\u00f3 r\u00e1pida respuesta por parte de Carabineros de la 4ta Comisar\u00eda de Cochrane (F), permiti\u00f3 detener a dos adolescentes por su posible participaci\u00f3n en el delito de robo en lugar habitado a local comercial, logrando igualmente recuperar las especies sustra\u00eddas.<\/p>\n<p dir=\"ltr\" style=\"text-align: justify;\">Seg\u00fan indic\u00f3 el Subcomisario de los Servicios de la 4ta Comisar\u00eda de Cochrane (F), Teniente Humberto Echeverr\u00eda Bolbar\u00e1n, Carabineros fue alertado sobre la ocurrencia de un delito de robo que se estaba registrando en un local comercial de esta ciudad.<\/p>\n<p dir=\"ltr\" style=\"text-align: justify;\">\u00abCarabineros lleg\u00f3 al lugar, logrando determinar que dos sujetos hab\u00edan ingresado por una v\u00eda no destinada para este efecto -precisamente a trav\u00e9s de una ventana- donde una vez al interior sustraen un monto de dinero, situaci\u00f3n que fue advertida por el propio due\u00f1o\u00bb, indic\u00f3.<\/p>\n<p dir=\"ltr\" style=\"text-align: justify;\">Frente a lo anterior, el personal policial se aboc\u00f3 al desarrollo de diversas diligencias y patrullajes orientados a recabar los antecedentes que permitan dar con el paradero de los sujetos.<\/p>\n<p dir=\"ltr\" style=\"text-align: justify;\">\u00abPersonal de la Unidad conforma diferentes patrullas, integradas por personal territorial y de la Secci\u00f3n de Investigaci\u00f3n Policial (SIP), donde a trav\u00e9s de diversos trabajos investigativos y t\u00e9cnicas operativas, se logra la ubicaci\u00f3n y detenci\u00f3n de dos adolescentes de 16 a\u00f1os y de nacionalidad chilena\u00bb, a\u00f1adi\u00f3 el Oficial.<\/p>\n<p dir=\"ltr\" style=\"text-align: justify;\">Paralelamente, personal de la SIP de esta Unidad se encuentra desarrollando investigaci\u00f3n por diversos delitos conexos ocurridos durante d\u00edas anteriores.<\/p>\n<p dir=\"ltr\" style=\"text-align: justify;\">Los antecedentes fueron puestos en conocimiento de la Fiscal\u00eda, en tanto que ambos imputados fueron derivados al Juzgado de Garant\u00eda para la audiencia de formalizaci\u00f3n, en tanto que las especies ser\u00e1n restituidas a su propietario.<\/p>\n<\/div><\/section><\/div><div  style='height:50px' class='hr hr-invisible   avia-builder-el-6  el_after_av_one_full  el_before_av_social_share '><span class='hr-inner ' ><span class='hr-inner-style'><\/span><\/span><\/div><\/p>\n<div  class='av-social-sharing-box  avia-builder-el-7  el_after_av_hr  el_before_av_hr  '><div class='av-share-box'><h5 class='av-share-link-description av-no-toc '>Compartir esta noticia<\/h5><ul class='av-share-box-list noLightbox'><li class='av-share-link av-social-link-facebook' ><a target=\"_blank\" aria-label=\"Compartir en Facebook\" href='https:\/\/www.facebook.com\/sharer.php?u=https:\/\/radiorevelacionfm.cl\/?p=57438&#038;t=Carabineros%20de%20Cochrane%20detuvo%20a%20dos%20adolescentes%20y%20aclar%C3%B3%20robo%20a%20local%20comercial' aria-hidden='false' data-av_icon='\ue8f3' data-av_iconfont='entypo-fontello' title='' data-avia-related-tooltip='Compartir en Facebook' rel=\"noopener\"><span class='avia_hidden_link_text'>Compartir en Facebook<\/span><\/a><\/li><li class='av-share-link av-social-link-twitter' ><a target=\"_blank\" aria-label=\"Compartir en Twitter\" href='https:\/\/twitter.com\/share?text=Carabineros%20de%20Cochrane%20detuvo%20a%20dos%20adolescentes%20y%20aclar%C3%B3%20robo%20a%20local%20comercial&#038;url=https:\/\/radiorevelacionfm.cl\/?p=57438' aria-hidden='false' data-av_icon='\ue8f1' data-av_iconfont='entypo-fontello' title='' data-avia-related-tooltip='Compartir en Twitter' rel=\"noopener\"><span class='avia_hidden_link_text'>Compartir en Twitter<\/span><\/a><\/li><li class='av-share-link av-social-link-whatsapp' ><a target=\"_blank\" aria-label=\"Compartir en Whatsapp\" href='https:\/\/api.whatsapp.com\/send?text=https:\/\/radiorevelacionfm.cl\/?p=57438' aria-hidden='false' data-av_icon='\uf232' data-av_iconfont='entypo-fontello' title='' data-avia-related-tooltip='Compartir en Whatsapp' rel=\"noopener\"><span class='avia_hidden_link_text'>Compartir en Whatsapp<\/span><\/a><\/li><li class='av-share-link av-social-link-linkedin' ><a target=\"_blank\" aria-label=\"Compartir en LinkedIn\" href='https:\/\/linkedin.com\/shareArticle?mini=true&#038;title=Carabineros%20de%20Cochrane%20detuvo%20a%20dos%20adolescentes%20y%20aclar%C3%B3%20robo%20a%20local%20comercial&#038;url=https:\/\/radiorevelacionfm.cl\/?p=57438' aria-hidden='false' data-av_icon='\ue8fc' data-av_iconfont='entypo-fontello' title='' data-avia-related-tooltip='Compartir en LinkedIn' rel=\"noopener\"><span class='avia_hidden_link_text'>Compartir en LinkedIn<\/span><\/a><\/li><li class='av-share-link av-social-link-mail' ><a  aria-label=\"Compartir por correo\" href='mailto:?subject=Carabineros%20de%20Cochrane%20detuvo%20a%20dos%20adolescentes%20y%20aclar%C3%B3%20robo%20a%20local%20comercial&#038;body=https:\/\/radiorevelacionfm.cl\/?p=57438' aria-hidden='false' data-av_icon='\ue805' data-av_iconfont='entypo-fontello' title='' data-avia-related-tooltip='Compartir por correo'><span class='avia_hidden_link_text'>Compartir por correo<\/span><\/a><\/li><\/ul><\/div><\/div>\n<div  style='height:50px' class='hr hr-invisible   avia-builder-el-8  el_after_av_social_share  el_before_av_comments_list '><span class='hr-inner ' ><span class='hr-inner-style'><\/span><\/span><\/div>\n<div  class='av-buildercomment  av-blog-meta-html-info-disabled av-blog-meta-tag-disabled  '><\/div>\n","protected":false},"excerpt":{"rendered":"","protected":false},"author":1,"featured_media":57439,"comment_status":"closed","ping_status":"closed","sticky":false,"template":"","format":"standard","meta":{"footnotes":""},"categories":[36],"tags":[],"class_list":["post-57438","post","type-post","status-publish","format-standard","has-post-thumbnail","hentry","category-policial"],"jetpack_featured_media_url":"https:\/\/radiorevelacionfm.cl\/wp-content\/uploads\/2025\/08\/carabineros-cochrane-img_3344_optimized-1.jpg","_links":{"self":[{"href":"https:\/\/radiorevelacionfm.cl\/index.php?rest_route=\/wp\/v2\/posts\/57438","targetHints":{"allow":["GET"]}}],"collection":[{"href":"https:\/\/radiorevelacionfm.cl\/index.php?rest_route=\/wp\/v2\/posts"}],"about":[{"href":"https:\/\/radiorevelacionfm.cl\/index.php?rest_route=\/wp\/v2\/types\/post"}],"author":[{"embeddable":true,"href":"https:\/\/radiorevelacionfm.cl\/index.php?rest_route=\/wp\/v2\/users\/1"}],"replies":[{"embeddable":true,"href":"https:\/\/radiorevelacionfm.cl\/index.php?rest_route=%2Fwp%2Fv2%2Fcomments&post=57438"}],"version-history":[{"count":2,"href":"https:\/\/radiorevelacionfm.cl\/index.php?rest_route=\/wp\/v2\/posts\/57438\/revisions"}],"predecessor-version":[{"id":57442,"href":"https:\/\/radiorevelacionfm.cl\/index.php?rest_route=\/wp\/v2\/posts\/57438\/revisions\/57442"}],"wp:featuredmedia":[{"embeddable":true,"href":"https:\/\/radiorevelacionfm.cl\/index.php?rest_route=\/wp\/v2\/media\/57439"}],"wp:attachment":[{"href":"https:\/\/radiorevelacionfm.cl\/index.php?rest_route=%2Fwp%2Fv2%2Fmedia&parent=57438"}],"wp:term":[{"taxonomy":"category","embeddable":true,"href":"https:\/\/radiorevelacionfm.cl\/index.php?rest_route=%2Fwp%2Fv2%2Fcategories&post=57438"},{"taxonomy":"post_tag","embeddable":true,"href":"https:\/\/radiorevelacionfm.cl\/index.php?rest_route=%2Fwp%2Fv2%2Ftags&post=57438"}],"curies":[{"name":"wp","href":"https:\/\/api.w.org\/{rel}","templated":true}]}}