{"id":57434,"date":"2025-08-06T18:29:49","date_gmt":"2025-08-06T21:29:49","guid":{"rendered":"https:\/\/radiorevelacionfm.cl\/?p=57434"},"modified":"2025-08-06T18:29:49","modified_gmt":"2025-08-06T21:29:49","slug":"uaysen-celebra-su-decimo-aniversario-con-una-agenda-de-actividades-abiertas-a-la-comunidad","status":"publish","type":"post","link":"https:\/\/radiorevelacionfm.cl\/?p=57434","title":{"rendered":"UAys\u00e9n celebra su d\u00e9cimo aniversario con una agenda de actividades abiertas a la comunidad"},"content":{"rendered":"<div class=\"flex_column av_one_full  flex_column_div av-zero-column-padding first  avia-builder-el-0  el_before_av_one_full  avia-builder-el-first  \" style='border-radius:0px; '><div  class='avia-image-container  av-styling-    avia-builder-el-1  avia-builder-el-no-sibling  avia-align-center '  itemprop=\"image\" itemscope=\"itemscope\" itemtype=\"https:\/\/schema.org\/ImageObject\"  ><div class='avia-image-container-inner'><div class='avia-image-overlay-wrap'><img decoding=\"async\" class='wp-image-57435 avia-img-lazy-loading-not-57435 avia_image' src=\"https:\/\/radiorevelacionfm.cl\/wp-content\/uploads\/2025\/08\/img_0762-1_optimized.jpg\" alt='' title='img_0762-(1)_optimized' height=\"600\" width=\"900\"  itemprop=\"thumbnailUrl\" srcset=\"https:\/\/radiorevelacionfm.cl\/wp-content\/uploads\/2025\/08\/img_0762-1_optimized.jpg 900w, https:\/\/radiorevelacionfm.cl\/wp-content\/uploads\/2025\/08\/img_0762-1_optimized-300x200.jpg 300w, https:\/\/radiorevelacionfm.cl\/wp-content\/uploads\/2025\/08\/img_0762-1_optimized-768x512.jpg 768w, https:\/\/radiorevelacionfm.cl\/wp-content\/uploads\/2025\/08\/img_0762-1_optimized-705x470.jpg 705w, https:\/\/radiorevelacionfm.cl\/wp-content\/uploads\/2025\/08\/img_0762-1_optimized-450x300.jpg 450w, https:\/\/radiorevelacionfm.cl\/wp-content\/uploads\/2025\/08\/img_0762-1_optimized-600x400.jpg 600w\" sizes=\"(max-width: 900px) 100vw, 900px\" \/><\/div><\/div><\/div><\/div><div class=\"flex_column av_one_full  flex_column_div av-zero-column-padding first  avia-builder-el-2  el_after_av_one_full  el_before_av_one_full  column-top-margin\" style='border-radius:0px; '><section class=\"av_textblock_section \"  itemscope=\"itemscope\" itemtype=\"https:\/\/schema.org\/BlogPosting\" itemprop=\"blogPost\" ><div class='avia_textblock  '   itemprop=\"text\" ><p dir=\"ltr\" style=\"text-align: center;\"><strong><span style=\"font-size: 18pt;\">UAys\u00e9n celebra su d\u00e9cimo aniversario con una agenda de actividades abiertas a la comunidad<\/span><\/strong><\/p>\n<div id=\"gtx-trans\" style=\"position: absolute; left: -50px; top: 4.31534px;\">\n<div class=\"gtx-trans-icon\"><\/div>\n<\/div>\n<\/div><\/section><\/div><div class=\"flex_column av_one_full  flex_column_div av-zero-column-padding first  avia-builder-el-4  el_after_av_one_full  el_before_av_hr  column-top-margin\" style='border-radius:0px; '><section class=\"av_textblock_section \"  itemscope=\"itemscope\" itemtype=\"https:\/\/schema.org\/BlogPosting\" itemprop=\"blogPost\" ><div class='avia_textblock  '   itemprop=\"text\" ><div>\n<p dir=\"ltr\" style=\"text-align: justify;\"><em>La casa de estudios invita a la comunidad a participar de las actividades acad\u00e9micas, deportivas y culturales que realizar\u00e1 en el marco de su aniversario.\u00a0<\/em><\/p>\n<p dir=\"ltr\" style=\"text-align: justify;\">La Universidad de Ays\u00e9n celebra este jueves 7 de agosto de 2025 sus primeros diez a\u00f1os de vida institucional, consolid\u00e1ndose como un pilar fundamental en la educaci\u00f3n p\u00fablica, la equidad territorial y el desarrollo regional. Para celebrar esta fecha, la casa de estudios superiores prepar\u00f3 un mes de conmemoraci\u00f3n con una serie de actividades abiertas a la comunidad, que incluyen lanzamientos, festivales, ceremonias acad\u00e9micas, concursos, eventos deportivos y culturales, entre otros.<\/p>\n<p dir=\"ltr\" style=\"text-align: justify;\"><strong>Hitos del 10\u00b0 aniversario<\/strong><\/p>\n<p dir=\"ltr\" style=\"text-align: justify;\">El programa de aniversario comenz\u00f3 el viernes 1 de agosto con el lanzamiento del Bar\u00f3metro Regional Ays\u00e9n, una herramienta clave para el an\u00e1lisis del desarrollo local, presentado en el Gobierno Regional. Este lunes 4 de agosto se dio inicio al Concurso Fotogr\u00e1fico Regional en el marco de los 10 a\u00f1os de la UAys\u00e9n, cuyas bases est\u00e1n disponibles en\u00a0<a href=\"http:\/\/www.uaysen.cl\/\" target=\"_blank\" rel=\"noopener noreferrer\">www.uaysen.cl<\/a>.<\/p>\n<p dir=\"ltr\" style=\"text-align: justify;\">Los d\u00edas 5 y 6 de agosto se realiz\u00f3 el Festival Sostenible UAys\u00e9n en el Centro Cultural de Coyhaique. Pero, la ceremonia central del aniversario se realizar\u00e1 el jueves 7 de agosto a las 18:00 horas en el Museo Regional de Ays\u00e9n, donde el destacado acad\u00e9mico Carlos Pe\u00f1a, rector de la Universidad Diego Portales, dictar\u00e1 la charla magistral \u00abEl sentido de la universidad contempor\u00e1nea\u00bb.<\/p>\n<p dir=\"ltr\" style=\"text-align: justify;\">El s\u00e1bado 9 de agosto se realizar\u00e1 un Ensayo PAES dirigido a estudiantes de cuarto medio y egresados, en el Campus Lillo, mientras que el domingo 24 de agosto se llevar\u00e1 a cabo la Corrida Familiar 10\u00b0 Aniversario UAys\u00e9n, abierta a toda la comunidad, con punto de encuentro en la Plaza de Armas de Coyhaique.<\/p>\n<p dir=\"ltr\" style=\"text-align: justify;\">El jueves 28 de agosto se premiar\u00e1 a los ganadores del Concurso Fotogr\u00e1fico, y el viernes 29 se inaugurar\u00e1n las nuevas dependencias del Campus Err\u00e1zuriz, adem\u00e1s de realizarse un torneo de b\u00e1squetbol y un concierto de los elencos art\u00edsticos de la universidad en el Santuario del Carmen. Finalmente, el s\u00e1bado 30 de agosto, el concierto se trasladar\u00e1 a la Sede Comunitaria de Cerro Castillo.<\/p>\n<p dir=\"ltr\" style=\"text-align: justify;\"><strong>UAys\u00e9n: una d\u00e9cada de trabajo en la Patagonia\u00a0\u00a0<\/strong><\/p>\n<p dir=\"ltr\" style=\"text-align: justify;\">En la presentaci\u00f3n de\u00a0 las actividades, realizada en el Campus Lillo, Juan Pablo Prieto Cox, administrador provisional de la UAys\u00e9n, destac\u00f3 que \u00abestos diez a\u00f1os representan un compromiso inquebrantable con la educaci\u00f3n p\u00fablica de calidad y el desarrollo integral de Ays\u00e9n\u00bb, y a su vez invit\u00f3 a la comunidad a participar de este mes de celebraciones, \u00abEste aniversario no solo es una celebraci\u00f3n, sino tambi\u00e9n una oportunidad para proyectar el futuro de la instituci\u00f3n junto a su comunidad\u00bb, puntualiz\u00f3.<\/p>\n<p dir=\"ltr\" style=\"text-align: justify;\">La invitaci\u00f3n est\u00e1 abierta a participar en todas las actividades, especialmente en la ceremonia central con el rector Carlos Pe\u00f1a, abogado, doctor en Filosof\u00eda y rector de la Universidad Diego Portales, quien compartir\u00e1 una profunda reflexi\u00f3n sobre el rol de las universidades en el mundo actual.<\/p>\n<p><span id=\"v1gmail-docs-internal-guid-c256a5f3-7fff-a17f-1c43-73041532b601\">Toda la programaci\u00f3n est\u00e1 disponible en el sitio web\u00a0<a href=\"https:\/\/uaysen.cl\/aniversario-universidad-de-aysen\" target=\"_blank\" rel=\"noopener noreferrer\">https:\/\/uaysen.cl\/aniversario-universidad-de-aysen<\/a><\/span><\/p>\n<\/div>\n<div style=\"text-align: justify;\"><\/div>\n<\/div><\/section><\/div><div  style='height:50px' class='hr hr-invisible   avia-builder-el-6  el_after_av_one_full  el_before_av_social_share '><span class='hr-inner ' ><span class='hr-inner-style'><\/span><\/span><\/div><\/p>\n<div  class='av-social-sharing-box  avia-builder-el-7  el_after_av_hr  el_before_av_hr  '><div class='av-share-box'><h5 class='av-share-link-description av-no-toc '>Compartir esta noticia<\/h5><ul class='av-share-box-list noLightbox'><li class='av-share-link av-social-link-facebook' ><a target=\"_blank\" aria-label=\"Compartir en Facebook\" href='https:\/\/www.facebook.com\/sharer.php?u=https:\/\/radiorevelacionfm.cl\/?p=57434&#038;t=UAys%C3%A9n%20celebra%20su%20d%C3%A9cimo%20aniversario%20con%20una%20agenda%20de%20actividades%20abiertas%20a%20la%20comunidad' aria-hidden='false' data-av_icon='\ue8f3' data-av_iconfont='entypo-fontello' title='' data-avia-related-tooltip='Compartir en Facebook' rel=\"noopener\"><span class='avia_hidden_link_text'>Compartir en Facebook<\/span><\/a><\/li><li class='av-share-link av-social-link-twitter' ><a target=\"_blank\" aria-label=\"Compartir en Twitter\" href='https:\/\/twitter.com\/share?text=UAys%C3%A9n%20celebra%20su%20d%C3%A9cimo%20aniversario%20con%20una%20agenda%20de%20actividades%20abiertas%20a%20la%20comunidad&#038;url=https:\/\/radiorevelacionfm.cl\/?p=57434' aria-hidden='false' data-av_icon='\ue8f1' data-av_iconfont='entypo-fontello' title='' data-avia-related-tooltip='Compartir en Twitter' rel=\"noopener\"><span class='avia_hidden_link_text'>Compartir en Twitter<\/span><\/a><\/li><li class='av-share-link av-social-link-whatsapp' ><a target=\"_blank\" aria-label=\"Compartir en Whatsapp\" href='https:\/\/api.whatsapp.com\/send?text=https:\/\/radiorevelacionfm.cl\/?p=57434' aria-hidden='false' data-av_icon='\uf232' data-av_iconfont='entypo-fontello' title='' data-avia-related-tooltip='Compartir en Whatsapp' rel=\"noopener\"><span class='avia_hidden_link_text'>Compartir en Whatsapp<\/span><\/a><\/li><li class='av-share-link av-social-link-linkedin' ><a target=\"_blank\" aria-label=\"Compartir en LinkedIn\" href='https:\/\/linkedin.com\/shareArticle?mini=true&#038;title=UAys%C3%A9n%20celebra%20su%20d%C3%A9cimo%20aniversario%20con%20una%20agenda%20de%20actividades%20abiertas%20a%20la%20comunidad&#038;url=https:\/\/radiorevelacionfm.cl\/?p=57434' aria-hidden='false' data-av_icon='\ue8fc' data-av_iconfont='entypo-fontello' title='' data-avia-related-tooltip='Compartir en LinkedIn' rel=\"noopener\"><span class='avia_hidden_link_text'>Compartir en LinkedIn<\/span><\/a><\/li><li class='av-share-link av-social-link-mail' ><a  aria-label=\"Compartir por correo\" href='mailto:?subject=UAys%C3%A9n%20celebra%20su%20d%C3%A9cimo%20aniversario%20con%20una%20agenda%20de%20actividades%20abiertas%20a%20la%20comunidad&#038;body=https:\/\/radiorevelacionfm.cl\/?p=57434' aria-hidden='false' data-av_icon='\ue805' data-av_iconfont='entypo-fontello' title='' data-avia-related-tooltip='Compartir por correo'><span class='avia_hidden_link_text'>Compartir por correo<\/span><\/a><\/li><\/ul><\/div><\/div>\n<div  style='height:50px' class='hr hr-invisible   avia-builder-el-8  el_after_av_social_share  el_before_av_comments_list '><span class='hr-inner ' ><span class='hr-inner-style'><\/span><\/span><\/div>\n<div  class='av-buildercomment  av-blog-meta-html-info-disabled av-blog-meta-tag-disabled  '><\/div>\n","protected":false},"excerpt":{"rendered":"","protected":false},"author":1,"featured_media":57435,"comment_status":"closed","ping_status":"closed","sticky":false,"template":"","format":"standard","meta":{"footnotes":""},"categories":[49],"tags":[],"class_list":["post-57434","post","type-post","status-publish","format-standard","has-post-thumbnail","hentry","category-educacion"],"jetpack_featured_media_url":"https:\/\/radiorevelacionfm.cl\/wp-content\/uploads\/2025\/08\/img_0762-1_optimized.jpg","_links":{"self":[{"href":"https:\/\/radiorevelacionfm.cl\/index.php?rest_route=\/wp\/v2\/posts\/57434","targetHints":{"allow":["GET"]}}],"collection":[{"href":"https:\/\/radiorevelacionfm.cl\/index.php?rest_route=\/wp\/v2\/posts"}],"about":[{"href":"https:\/\/radiorevelacionfm.cl\/index.php?rest_route=\/wp\/v2\/types\/post"}],"author":[{"embeddable":true,"href":"https:\/\/radiorevelacionfm.cl\/index.php?rest_route=\/wp\/v2\/users\/1"}],"replies":[{"embeddable":true,"href":"https:\/\/radiorevelacionfm.cl\/index.php?rest_route=%2Fwp%2Fv2%2Fcomments&post=57434"}],"version-history":[{"count":2,"href":"https:\/\/radiorevelacionfm.cl\/index.php?rest_route=\/wp\/v2\/posts\/57434\/revisions"}],"predecessor-version":[{"id":57437,"href":"https:\/\/radiorevelacionfm.cl\/index.php?rest_route=\/wp\/v2\/posts\/57434\/revisions\/57437"}],"wp:featuredmedia":[{"embeddable":true,"href":"https:\/\/radiorevelacionfm.cl\/index.php?rest_route=\/wp\/v2\/media\/57435"}],"wp:attachment":[{"href":"https:\/\/radiorevelacionfm.cl\/index.php?rest_route=%2Fwp%2Fv2%2Fmedia&parent=57434"}],"wp:term":[{"taxonomy":"category","embeddable":true,"href":"https:\/\/radiorevelacionfm.cl\/index.php?rest_route=%2Fwp%2Fv2%2Fcategories&post=57434"},{"taxonomy":"post_tag","embeddable":true,"href":"https:\/\/radiorevelacionfm.cl\/index.php?rest_route=%2Fwp%2Fv2%2Ftags&post=57434"}],"curies":[{"name":"wp","href":"https:\/\/api.w.org\/{rel}","templated":true}]}}